{"id":5313,"date":"2021-05-26T14:27:24","date_gmt":"2021-05-26T11:27:24","guid":{"rendered":"https:\/\/typetype.org\/es\/?p=5313"},"modified":"2026-02-03T08:56:00","modified_gmt":"2026-02-03T05:56:00","slug":"font-customization","status":"publish","type":"post","link":"https:\/\/typetype.org\/es\/blog\/font-customization\/","title":{"rendered":"Customizaci\u00f3n de fuentes"},"content":{"rendered":"\n<figure class=\"wp-block-image size-full\"><img decoding=\"async\" src=\"https:\/\/typetype.org\/wp-content\/uploads\/pic_1.png\" alt=\"\" class=\"wp-image-1000005382\" srcset=\"https:\/\/typetype.org\/es\/wp-content\/uploads\/pic_1.png 1680w, https:\/\/typetype.org\/es\/wp-content\/uploads\/pic_1-1024x512.png 1024w, https:\/\/typetype.org\/es\/wp-content\/uploads\/pic_1-420x210.png 420w, https:\/\/typetype.org\/es\/wp-content\/uploads\/pic_1-768x384.png 768w, https:\/\/typetype.org\/es\/wp-content\/uploads\/pic_1-1200x600.png 1200w, https:\/\/typetype.org\/es\/wp-content\/uploads\/pic_1-1536x768.png 1536w, https:\/\/typetype.org\/es\/wp-content\/uploads\/pic_1-600x300.png 600w, https:\/\/typetype.org\/es\/wp-content\/uploads\/pic_1-944x473.png 944w, https:\/\/typetype.org\/es\/wp-content\/uploads\/pic_1-80x40.png 80w, https:\/\/typetype.org\/es\/wp-content\/uploads\/pic_1-300x150.png 300w\" sizes=\"(max-width: 1680px) 100vw, 1680px\" \/><\/figure>\n\n\n\n<p>La&nbsp;<a href=\"https:\/\/typetype.org\/es\/custom-fonts\/\">customizaci\u00f3n<\/a> es&nbsp;una herramienta que resuelve una amplia gama de&nbsp;tareas de&nbsp;dise\u00f1o y&nbsp;contribuye al&nbsp;establecimiento de&nbsp;la&nbsp;identidad corporativa.<\/p>\n\n\n\n<p>A&nbsp;menudo ocurre que las fuentes existentes no&nbsp;se&nbsp;ajustan a&nbsp;las necesidades de&nbsp;un&nbsp;proyecto en&nbsp;particular. Sin embargo, una fuente no&nbsp;es&nbsp;un&nbsp;instrumento est\u00e1tico que solo funciona tal como fue creado. Para transmitir el&nbsp;estilo \u00fanico de&nbsp;una empresa, la&nbsp;fuente puede y&nbsp;debe ser adaptada y&nbsp;personalizada seg\u00fan las necesidades, que pueden variar desde cambios simples, como la&nbsp;reducci\u00f3n de&nbsp;la&nbsp;composici\u00f3n de&nbsp;caracteres, hasta modificaciones complejas en&nbsp;todos los glifos.<\/p>\n\n\n\n<p>En&nbsp;este art\u00edculo, trataremos de&nbsp;abordar todos los tipos de&nbsp;customizaci\u00f3n de&nbsp;fuentes y&nbsp;las tareas que se&nbsp;pueden resolver con esta herramienta.<\/p>\n\n\n\n<h2 class=\"wp-block-heading\">Customizaci\u00f3n t\u00e9cnica<\/h2>\n\n\n\n<p><strong>1. <strong>Cambio de&nbsp;par\u00e1metros de&nbsp;la&nbsp;fuente para que coincida con una fuente de&nbsp;referencia<\/strong><br><\/strong><br>Comencemos con un&nbsp;ejemplo bastante com\u00fan: la&nbsp;alteraci\u00f3n proporcional del tama\u00f1o de&nbsp;la&nbsp;fuente. Por ejemplo, utilizas una fuente del sistema en&nbsp;tu&nbsp;sitio web, pero en&nbsp;alg\u00fan momento decides cambiarla y&nbsp;<a href=\"https:\/\/typetype.org\/es\/\">comprar una fuente<\/a> que se&nbsp;ajuste mejor a&nbsp;las especificaciones de&nbsp;tu&nbsp;trabajo. Sin embargo, surge un&nbsp;problema: al&nbsp;cambiar la&nbsp;fuente del sistema por la&nbsp;nueva, el&nbsp;dise\u00f1o se&nbsp;desajusta por completo, de&nbsp;tal manera que necesitas rehacerlo.<\/p>\n\n\n\n<p>Esto puede ocurrir por diferentes razones, y&nbsp;una de&nbsp;ellas es&nbsp;que los tama\u00f1os f\u00edsicos de&nbsp;ambas fuentes son significativamente diferentes.<\/p>\n\n\n\n<p>En&nbsp;tal caso, se&nbsp;puede crear una fuente personalizada en&nbsp;la&nbsp;que ajustamos el&nbsp;tama\u00f1o de&nbsp;la&nbsp;fuente u&nbsp;otras m\u00e9tricas a&nbsp;las medidas requeridas de&nbsp;la&nbsp;fuente de&nbsp;referencia, facilitando al&nbsp;m\u00e1ximo la&nbsp;transici\u00f3n de&nbsp;una a&nbsp;otra.<\/p>\n\n\n\n<figure class=\"wp-block-image size-full\"><img decoding=\"async\" src=\"https:\/\/typetype.org\/wp-content\/uploads\/pic_2-1.gif\" alt=\"\" class=\"wp-image-1000005330\"\/><figcaption class=\"wp-element-caption\">Modificar los par\u00e1metros de\u00a0<a href=\"https:\/\/typetype.org\/es\/fonts\/tt-commons\/\">TT\u00a0Commons<\/a> para que coincidan con una fuente de\u00a0referencia<\/figcaption><\/figure>\n\n\n\n<p><strong>2. <strong>Desactivar o&nbsp;personalizar las funciones OpenType.<\/strong><\/strong><\/p>\n\n\n\n<p>Las fuentes contempor\u00e1neas son productos universales y&nbsp;sus archivos siempre incluyen m\u00e1s caracteres y&nbsp;funciones de&nbsp;las que un&nbsp;dise\u00f1ador promedio necesita.<\/p>\n\n\n\n<p>Por defecto, las funciones OpenType, como las ligaduras creadas para unir caracteres en&nbsp;un&nbsp;conjunto para hacerlo m\u00e1s uniforme, est\u00e1n activadas en&nbsp;las fuentes. Seg\u00fan nuestra experiencia, a&nbsp;menudo los clientes no&nbsp;las necesitan, y&nbsp;si&nbsp;ese es&nbsp;el&nbsp;caso, podemos desactivarlas en&nbsp;el&nbsp;c\u00f3digo de&nbsp;la&nbsp;fuente y&nbsp;entregarte el&nbsp;archivo actualizado.<\/p>\n\n\n\n<figure class=\"wp-block-image size-full\"><img decoding=\"async\" src=\"https:\/\/typetype.org\/wp-content\/uploads\/pic_3.png\" alt=\"\" class=\"wp-image-1000005358\" srcset=\"https:\/\/typetype.org\/es\/wp-content\/uploads\/pic_3.png 1440w, https:\/\/typetype.org\/es\/wp-content\/uploads\/pic_3-1024x327.png 1024w, https:\/\/typetype.org\/es\/wp-content\/uploads\/pic_3-420x134.png 420w, https:\/\/typetype.org\/es\/wp-content\/uploads\/pic_3-768x245.png 768w, https:\/\/typetype.org\/es\/wp-content\/uploads\/pic_3-1200x383.png 1200w, https:\/\/typetype.org\/es\/wp-content\/uploads\/pic_3-600x192.png 600w, https:\/\/typetype.org\/es\/wp-content\/uploads\/pic_3-944x302.png 944w, https:\/\/typetype.org\/es\/wp-content\/uploads\/pic_3-80x26.png 80w, https:\/\/typetype.org\/es\/wp-content\/uploads\/pic_3-300x96.png 300w\" sizes=\"(max-width: 1440px) 100vw, 1440px\" \/><figcaption class=\"wp-element-caption\">Desactivar o&nbsp;personalizar las funciones OpenType<\/figcaption><\/figure>\n\n\n\n<p><strong>3. Cambiar el&nbsp;espaciado en&nbsp;la&nbsp;fuente<\/strong><\/p>\n\n\n\n<p>El&nbsp;espaciado es&nbsp;la&nbsp;distancia entre las letras. Dependiendo de&nbsp;la&nbsp;tarea, podemos hacer que el&nbsp;conjunto sea m\u00e1s condensado&nbsp;o, por el&nbsp;contrario, m\u00e1s disperso. Nos sorprendi\u00f3 darnos cuenta de&nbsp;que no&nbsp;todos los dise\u00f1adores conocen este tipo de&nbsp;personalizaci\u00f3n y&nbsp;gastan mucho tiempo corrigiendo esto manualmente. \u00a1Nos gustar\u00eda cambiar eso!<\/p>\n\n\n\n<p>Veamos un&nbsp;ejemplo interesante. Para uno de&nbsp;nuestros clientes del sector tecnol\u00f3gico, realizamos una investigaci\u00f3n y&nbsp;desarrollamos un&nbsp;sistema para cambiar la&nbsp;densidad de&nbsp;la&nbsp;fuente seg\u00fan su&nbsp;tama\u00f1o. Como resultado, creamos 8&nbsp;fuentes con diferentes espaciados, de&nbsp;modo que en&nbsp;tama\u00f1os m\u00e1s grandes la&nbsp;fuente es&nbsp;m\u00e1s compacta y&nbsp;en&nbsp;tama\u00f1os m\u00e1s peque\u00f1os es&nbsp;m\u00e1s dispersa. As\u00ed, el&nbsp;trabajo de&nbsp;nuestro cliente se&nbsp;simplifica: ya&nbsp;no&nbsp;es&nbsp;necesario codificar el&nbsp;espaciado manualmente.<\/p>\n\n\n\n<figure class=\"wp-block-image size-full\"><img decoding=\"async\" src=\"https:\/\/typetype.org\/wp-content\/uploads\/pic_4.gif\" alt=\"\" class=\"wp-image-1000005359\"\/><figcaption class=\"wp-element-caption\">Cambiar el&nbsp;espaciado de&nbsp;la&nbsp;fuente<\/figcaption><\/figure>\n\n\n\n<p><strong>4. <strong>Reducir la&nbsp;composici\u00f3n de&nbsp;caracteres de&nbsp;la&nbsp;fuente<\/strong><\/strong><\/p>\n\n\n\n<p>Hablemos ahora de&nbsp;los tama\u00f1os y&nbsp;avancemos hacia los par\u00e1metros f\u00edsicos de&nbsp;los archivos de&nbsp;fuentes, lo&nbsp;cual es&nbsp;especialmente relevante en&nbsp;el&nbsp;dise\u00f1o web contempor\u00e1neo.<\/p>\n\n\n\n<p>Una de&nbsp;las formas de&nbsp;controlar el&nbsp;tama\u00f1o del archivo de&nbsp;fuente es&nbsp;reducir la&nbsp;composici\u00f3n de&nbsp;caracteres de&nbsp;la&nbsp;fuente. Supongamos que necesitas que los archivos de&nbsp;fuente sean peque\u00f1os y&nbsp;sabes qu\u00e9 idiomas, cifras y&nbsp;signos de&nbsp;puntuaci\u00f3n necesitas. En&nbsp;este caso, es&nbsp;posible crear una versi\u00f3n personalizada de&nbsp;la&nbsp;fuente con un&nbsp;n\u00famero reducido de&nbsp;caracteres, conservando solo aquellos que realmente se&nbsp;requieren para el&nbsp;trabajo. Esto reduce significativamente el&nbsp;tama\u00f1o del archivo de&nbsp;la&nbsp;fuente.<\/p>\n\n\n\n<figure class=\"wp-block-image size-full\"><img decoding=\"async\" src=\"https:\/\/typetype.org\/wp-content\/uploads\/pic_5.gif\" alt=\"\" class=\"wp-image-1000005360\"\/><figcaption class=\"wp-element-caption\">Reducci\u00f3n de&nbsp;la&nbsp;composici\u00f3n de&nbsp;caracteres de&nbsp;la&nbsp;fuente<\/figcaption><\/figure>\n\n\n\n<p>Hablando del tama\u00f1o del archivo de&nbsp;la&nbsp;fuente, pensemos tambi\u00e9n en&nbsp;la&nbsp;variabilidad. Si&nbsp;planeas usar m\u00e1s de&nbsp;tres estilos rectos de&nbsp;la&nbsp;misma familia tipogr\u00e1fica en&nbsp;tu&nbsp;sitio web, se&nbsp;puede desarrollar y&nbsp;emplear un&nbsp;archivo de&nbsp;fuente variable para ello.<\/p>\n\n\n\n<p>Pero eso no&nbsp;es&nbsp;todo. Si&nbsp;reducir la&nbsp;cantidad de&nbsp;caracteres no&nbsp;ha&nbsp;sido suficiente, tambi\u00e9n podemos recurrir a&nbsp;personalizaciones avanzadas: por ejemplo, podemos omitir progresivamente el&nbsp;hinting, el&nbsp;kerning y&nbsp;encontrar algunos kB&nbsp;ocultos en&nbsp;la&nbsp;informaci\u00f3n de&nbsp;la&nbsp;fuente hasta alcanzar el&nbsp;tama\u00f1o necesario.<\/p>\n\n\n\n<p><strong>5. <strong>Customizaci\u00f3n de&nbsp;la&nbsp;l\u00ednea media y&nbsp;el&nbsp;interlineado<\/strong><\/strong><\/p>\n\n\n\n<p>Los editores gr\u00e1ficos utilizados por los dise\u00f1adores presentan interfaces diferentes que var\u00edan no&nbsp;solo en&nbsp;el&nbsp;contenido, sino tambi\u00e9n en&nbsp;c\u00f3mo se&nbsp;alinean los elementos dentro de&nbsp;los bloques. Debido a&nbsp;esto, las fuentes pueden mostrarse de&nbsp;manera incorrecta, obligando al&nbsp;dise\u00f1ador a&nbsp;ajustar manualmente los par\u00e1metros, lo&nbsp;que consume un&nbsp;tiempo que podr\u00eda dedicarse a&nbsp;resolver problemas m\u00e1s importantes.<\/p>\n\n\n\n<p>Un&nbsp;excelente ejemplo de&nbsp;esto es&nbsp;un&nbsp;objeto abstracto, como un&nbsp;\u00abBot\u00f3n\u00bb, en&nbsp;el&nbsp;que el&nbsp;dise\u00f1ador coloca una l\u00ednea de&nbsp;texto. Para que est\u00e9 alineada de&nbsp;forma central en&nbsp;diferentes interfaces, es&nbsp;necesario configurar manualmente los par\u00e1metros de&nbsp;ascendentes y&nbsp;descendentes en&nbsp;la&nbsp;fuente.<\/p>\n\n\n\n<figure class=\"wp-block-image size-full is-style-default\"><img decoding=\"async\" src=\"https:\/\/typetype.org\/wp-content\/uploads\/pic_6.gif\" alt=\"\" class=\"wp-image-1000005368\"\/><figcaption class=\"wp-element-caption\">Customizaci\u00f3n de&nbsp;la&nbsp;l\u00ednea media<\/figcaption><\/figure>\n\n\n\n<p>Un&nbsp;problema similar a&nbsp;menudo surge con el&nbsp;interlineado. La&nbsp;personalizaci\u00f3n permite configurar cualquier espacio necesario entre dos l\u00edneas consecutivas, evitando as\u00ed hacerlo manualmente cada vez.<\/p>\n\n\n\n<figure class=\"wp-block-image size-full is-style-default\"><img decoding=\"async\" src=\"https:\/\/typetype.org\/wp-content\/uploads\/pic_6.1.gif\" alt=\"\" class=\"wp-image-1000005369\"\/><figcaption class=\"wp-element-caption\">Customizaci\u00f3n del interlineado<\/figcaption><\/figure>\n\n\n\n<p><a href=\"https:\/\/typetype.org\/es\/custom-fonts\/\">Customizamos<\/a> nuestras fuentes para todos los programas de&nbsp;dise\u00f1o m\u00e1s populares. Adem\u00e1s, bas\u00e1ndonos en&nbsp;los comentarios de&nbsp;nuestros clientes, las adaptamos constantemente a&nbsp;las configuraciones del software para que estos problemas no&nbsp;se&nbsp;presenten en&nbsp;el&nbsp;futuro.<\/p>\n\n\n\n<h2 class=\"wp-block-heading\">Customizaci\u00f3n gr\u00e1fica<\/h2>\n\n\n\n<p><strong>1. <strong>A\u00f1adir un&nbsp;logotipo a&nbsp;la&nbsp;fuente<\/strong><\/strong><\/p>\n\n\n\n<p>A&nbsp;menudo ocurre que los clientes necesitan que el&nbsp;logotipo de&nbsp;la&nbsp;empresa se&nbsp;a\u00f1ada a&nbsp;la&nbsp;fuente, por ejemplo, para utilizar el&nbsp;glifo en&nbsp;el&nbsp;sitio web y&nbsp;no&nbsp;tener que lidiar con una imagen separada.<\/p>\n\n\n\n<figure class=\"wp-block-image size-full is-style-default\"><img decoding=\"async\" src=\"https:\/\/typetype.org\/wp-content\/uploads\/pic_7.gif\" alt=\"\" class=\"wp-image-1000005372\"\/><figcaption class=\"wp-element-caption\">A\u00f1adir un&nbsp;logotipo a&nbsp;la&nbsp;fuente<\/figcaption><\/figure>\n\n\n\n<p>Tambi\u00e9n podemos modificar la&nbsp;fuente para que se&nbsp;vea mejor junto con el&nbsp;logotipo. Por ejemplo, si&nbsp;el&nbsp;logotipo tiene puntos redondos y&nbsp;la&nbsp;fuente tiene puntos cuadrados, esto es&nbsp;bastante f\u00e1cil de&nbsp;corregir.he logo&nbsp;\u2014 for instance, the logo might have round full stops and the font has square ones. This is&nbsp;fairly easy to&nbsp;correct.<\/p>\n\n\n\n<p><strong>2. <strong>Cambiar las formas de&nbsp;los caracteres o&nbsp;de&nbsp;elementos individuales<\/strong><\/strong><\/p>\n\n\n\n<p>Dependiendo de&nbsp;tus materiales de&nbsp;marca, podemos cambiar la&nbsp;forma de&nbsp;uno, varios o&nbsp;incluso de&nbsp;todos los caracteres del tipo de&nbsp;fuente. Una vez, nos contact\u00f3 una empresa que deseaba utilizar nuestra fuente <a href=\"https:\/\/typetype.org\/es\/fonts\/tt-commons\/\">TT&nbsp;Commons\u2122<\/a> como su&nbsp;fuente corporativa. Les hab\u00eda gustado especialmente el&nbsp;redondeo de&nbsp;la&nbsp;letra&nbsp;<em>t<\/em>, por lo&nbsp;que nos pidieron a\u00f1adir un&nbsp;redondeo similar en&nbsp;las letras <em>a<\/em>&nbsp;y&nbsp;<em>d<\/em>. Analizamos su&nbsp;logotipo y&nbsp;estilo corporativo para ofrecer una soluci\u00f3n armonizada para el&nbsp;resto de&nbsp;las letras. Como resultado, creamos una versi\u00f3n personalizada de&nbsp;TT&nbsp;Commons\u2122 que cumpl\u00eda con las necesidades del cliente.<\/p>\n\n\n\n<figure class=\"wp-block-image size-full is-style-default\"><img decoding=\"async\" src=\"https:\/\/typetype.org\/wp-content\/uploads\/pic_8.gif\" alt=\"\" class=\"wp-image-1000005373\"\/><figcaption class=\"wp-element-caption\">Cambiar las formas de&nbsp;los caracteres<\/figcaption><\/figure>\n\n\n\n<p><strong>3. <strong>Individualizaci\u00f3n de&nbsp;los aspectos visuales de&nbsp;la&nbsp;fuente modificando los caracteres en&nbsp;un&nbsp;conjunto estil\u00edstico<\/strong><\/strong><\/p>\n\n\n\n<p>Si&nbsp;deseas hacer que la&nbsp;fuente sea m\u00e1s personalizada, pero no&nbsp;tienes suficiente tiempo ni&nbsp;recursos, una soluci\u00f3n sencilla es&nbsp;trabajar con los caracteres ya&nbsp;presentes en&nbsp;la&nbsp;fuente. Por ejemplo, puedes configurar las letras ocultas en&nbsp;conjuntos estil\u00edsticos para que formen parte del conjunto principal.<\/p>\n\n\n\n<figure class=\"wp-block-image size-full is-style-default\"><img decoding=\"async\" src=\"https:\/\/typetype.org\/wp-content\/uploads\/pic_9.gif\" alt=\"\" class=\"wp-image-1000005374\"\/><figcaption class=\"wp-element-caption\">Cambiar los caracteres en\u00a0un\u00a0conjunto estil\u00edstico en\u00a0<a href=\"https:\/\/typetype.org\/es\/fonts\/tt-firs-neue\/\">TT\u00a0Firs Neue<\/a><\/figcaption><\/figure>\n\n\n\n<p>Si&nbsp;trabajas con grandes bloques de&nbsp;texto, es&nbsp;probable que prefieras utilizar principalmente figuras min\u00fasculas en&nbsp;lugar de&nbsp;may\u00fasculas. En&nbsp;este caso, podr\u00edas configurar las figuras de&nbsp;estilo antiguo como las predeterminadas. Por otro lado, si&nbsp;trabajas frecuentemente con tablas, podr\u00edas establecer como predeterminadas las figuras tabulares y&nbsp;los signos de&nbsp;moneda.<\/p>\n\n\n\n<p><strong>4. <strong>Creaci\u00f3n de&nbsp;un&nbsp;peso intermedio<\/strong><\/strong><\/p>\n\n\n\n<p>Cambiar el&nbsp;grosor de&nbsp;los trazos en&nbsp;una fuente es&nbsp;otra solicitud frecuente de&nbsp;los dise\u00f1adores. Si&nbsp;no&nbsp;encuentras un&nbsp;grosor ideal en&nbsp;una familia tipogr\u00e1fica&nbsp;\u2014 por ejemplo, Regular parece demasiado delgado y&nbsp;Medium demasiado grueso&nbsp;\u2014 se&nbsp;puede crear un&nbsp;grosor intermedio y&nbsp;customizarlo con precisi\u00f3n para una tarea espec\u00edfica.<\/p>\n\n\n\n<figure class=\"wp-block-image size-full is-style-default\"><img decoding=\"async\" src=\"https:\/\/typetype.org\/wp-content\/uploads\/pic_10.gif\" alt=\"\" class=\"wp-image-1000005375\"\/><figcaption class=\"wp-element-caption\">Crear un&nbsp;peso intermedio<\/figcaption><\/figure>\n\n\n\n<p>Para uno de&nbsp;nuestros clientes, modificamos el&nbsp;ancho del peso Medium de&nbsp;<a href=\"https:\/\/typetype.org\/es\/fonts\/tt-norms-pro\/\">TT&nbsp;Norms<\/a>. La&nbsp;posici\u00f3n del eje estaba en&nbsp;500, pero el&nbsp;cliente deseaba que fuera 475. Puede parecer un&nbsp;cambio muy peque\u00f1o, pero un&nbsp;dise\u00f1ador sabe muy bien qu\u00e9 se&nbsp;ver\u00e1 mejor.<\/p>\n\n\n\n<p><strong>5. <strong>Adici\u00f3n de&nbsp;un&nbsp;alfabeto o&nbsp;un&nbsp;idioma<\/strong><\/strong><\/p>\n\n\n\n<p>Uno de&nbsp;nuestros clientes produce bienes para diferentes pa\u00edses, y&nbsp;el&nbsp;empaque debe incluir el&nbsp;idioma del pa\u00eds de&nbsp;distribuci\u00f3n. Eligieron una fuente adecuada, pero antes de&nbsp;la&nbsp;compra se&nbsp;dieron cuenta de&nbsp;que no&nbsp;inclu\u00eda vietnamita. Por lo&nbsp;tanto, creamos espec\u00edficamente el&nbsp;vietnamita para este cliente con la&nbsp;composici\u00f3n de&nbsp;caracteres, la&nbsp;lista de&nbsp;signos de&nbsp;puntuaci\u00f3n y&nbsp;las caracter\u00edsticas necesarias.<\/p>\n\n\n\n<figure class=\"wp-block-image size-full is-style-default\"><img decoding=\"async\" src=\"https:\/\/typetype.org\/wp-content\/uploads\/pic_11.gif\" alt=\"\" class=\"wp-image-1000005376\"\/><figcaption class=\"wp-element-caption\">A\u00f1adir un&nbsp;alfabeto o&nbsp;un&nbsp;idioma<\/figcaption><\/figure>\n\n\n\n<h2 class=\"wp-block-heading\">Licencias customizadas<\/h2>\n\n\n\n<p>Adem\u00e1s de&nbsp;los aspectos visuales y&nbsp;t\u00e9cnicos, una fuente customizada puede ser una alternativa a&nbsp;la&nbsp;<a href=\"https:\/\/typetype.org\/es\/licensing\/\">licencia <\/a>tradicional<\/p>\n\n\n\n<p><strong>1. <strong>Para empresas que tienen filiales o&nbsp;subsidiarias<\/strong><\/strong><\/p>\n\n\n\n<p>Podemos especificar en&nbsp;la&nbsp;licencia la&nbsp;posibilidad de&nbsp;expandir el&nbsp;derecho de&nbsp;uso de&nbsp;la&nbsp;fuente a&nbsp;todo el&nbsp;grupo empresarial, m\u00e1s all\u00e1 de&nbsp;una entidad espec\u00edfica.<\/p>\n\n\n\n<figure class=\"wp-block-image size-full is-style-default\"><img decoding=\"async\" src=\"https:\/\/typetype.org\/wp-content\/uploads\/pic_12.gif\" alt=\"\" class=\"wp-image-1000005377\"\/><figcaption class=\"wp-element-caption\">Licencia customizada para empresas con subsidiarias o&nbsp;afiliadas<\/figcaption><\/figure>\n\n\n\n<p><strong>2. <strong>Para empresas que subcontratan dise\u00f1o<\/strong><\/strong><\/p>\n\n\n\n<p>Si&nbsp;una empresa adquiere una licencia, pero no&nbsp;emplea dise\u00f1adores, en&nbsp;la&nbsp;licencia individual se&nbsp;especifica que puede transferir el&nbsp;archivo de&nbsp;la&nbsp;fuente a&nbsp;sus contratistas durante el&nbsp;per\u00edodo de&nbsp;trabajo en&nbsp;los proyectos.<\/p>\n\n\n\n<figure class=\"wp-block-image size-full is-style-default\"><img decoding=\"async\" src=\"https:\/\/typetype.org\/wp-content\/uploads\/pic_13.gif\" alt=\"\" class=\"wp-image-1000005378\"\/><figcaption class=\"wp-element-caption\">Licencia personalizada para empresas que externalizan trabajos de&nbsp;dise\u00f1o<\/figcaption><\/figure>\n\n\n\n<p>Somos flexibles en&nbsp;nuestro enfoque para modificar licencias est\u00e1ndar seg\u00fan los requisitos de&nbsp;su&nbsp;departamento legal y&nbsp;estamos dispuestos a&nbsp;personalizar una fuente cambiando su&nbsp;nombre para adaptarla a&nbsp;su&nbsp;marca.<\/p>\n\n\n\n<p>\u00a1Adem\u00e1s, con la&nbsp;<a href=\"https:\/\/typetype.org\/es\/licensing\/\">compra de&nbsp;una licencia<\/a>, generalmente ofrecemos la&nbsp;<a href=\"https:\/\/typetype.org\/es\/custom-fonts\/\">customizaci\u00f3n<\/a> de&nbsp;forma gratuita!<\/p>\n\n\n\n<h2 class=\"wp-block-heading\">En&nbsp;lugar de&nbsp;una conclusi\u00f3n<\/h2>\n\n\n\n<p>A&nbsp;veces, la&nbsp;customizaci\u00f3n puede ser tan avanzada que da&nbsp;lugar a&nbsp;la&nbsp;creaci\u00f3n de&nbsp;una nueva fuente. Pero esa es&nbsp;otra historia.<\/p>\n\n\n\n<p>\u00a1Adaptar una fuente a&nbsp;una tarea espec\u00edfica no&nbsp;solo es&nbsp;posible, sino recomendable! Las herramientas de&nbsp;personalizaci\u00f3n permiten resolver casi cualquier desaf\u00edo. En&nbsp;este art\u00edculo, hemos intentado arrojar luz sobre algunas de&nbsp;las tareas que la&nbsp;personalizaci\u00f3n aborda, pero esto es&nbsp;solo la&nbsp;punta del iceberg. Seamos sinceros: siempre estamos interesados en&nbsp;trabajar con casos interesantes y&nbsp;encontrar soluciones \u00f3ptimas.<\/p>\n\n\n\n<figure class=\"wp-block-image size-full is-style-default\"><img decoding=\"async\" src=\"https:\/\/typetype.org\/wp-content\/uploads\/pic_14.gif\" alt=\"\" class=\"wp-image-1000005379\"\/><figcaption class=\"wp-element-caption\"> <\/figcaption><\/figure>\n\n\n\n<p>Si&nbsp;tienes alguna pregunta sobre customizaci\u00f3n, una tarea que necesitas resolver, <a href=\"https:\/\/typetype.org\/es\/contact\/\">no&nbsp;dudes en&nbsp;contactarnos<\/a> por el&nbsp;medio que te&nbsp;sea m\u00e1s conveniente. Nos aseguraremos de&nbsp;responder y&nbsp;resolver tu&nbsp;problema relacionado con fuentes.<\/p>\n\n\n\n<p><\/p>\n","protected":false},"excerpt":{"rendered":"<p>Para transmitir el\u00a0estilo \u00fanico de\u00a0una empresa, la\u00a0fuente puede y\u00a0debe ser adaptada y\u00a0personalizada seg\u00fan las necesidades, que pueden variar desde cambios simples, como la\u00a0reducci\u00f3n de\u00a0la\u00a0composici\u00f3n de\u00a0caracteres, hasta modificaciones complejas en\u00a0todos los glifos.<\/p>\n","protected":false},"author":1,"featured_media":1000005382,"comment_status":"closed","ping_status":"closed","sticky":false,"template":"","format":"standard","meta":{"_acf_changed":false,"footnotes":""},"categories":[1],"tags":[187,188],"class_list":["post-5313","post","type-post","status-publish","format-standard","has-post-thumbnail","hentry","category-blog","tag-font-custom","tag-work-with-fonts"],"acf":{"show_sidebar":true},"_links":{"self":[{"href":"https:\/\/typetype.org\/es\/wp-json\/wp\/v2\/posts\/5313","targetHints":{"allow":["GET"]}}],"collection":[{"href":"https:\/\/typetype.org\/es\/wp-json\/wp\/v2\/posts"}],"about":[{"href":"https:\/\/typetype.org\/es\/wp-json\/wp\/v2\/types\/post"}],"author":[{"embeddable":true,"href":"https:\/\/typetype.org\/es\/wp-json\/wp\/v2\/users\/1"}],"replies":[{"embeddable":true,"href":"https:\/\/typetype.org\/es\/wp-json\/wp\/v2\/comments?post=5313"}],"version-history":[{"count":5,"href":"https:\/\/typetype.org\/es\/wp-json\/wp\/v2\/posts\/5313\/revisions"}],"predecessor-version":[{"id":47629,"href":"https:\/\/typetype.org\/es\/wp-json\/wp\/v2\/posts\/5313\/revisions\/47629"}],"wp:featuredmedia":[{"embeddable":true,"href":"https:\/\/typetype.org\/es\/wp-json\/wp\/v2\/media\/1000005382"}],"wp:attachment":[{"href":"https:\/\/typetype.org\/es\/wp-json\/wp\/v2\/media?parent=5313"}],"wp:term":[{"taxonomy":"category","embeddable":true,"href":"https:\/\/typetype.org\/es\/wp-json\/wp\/v2\/categories?post=5313"},{"taxonomy":"post_tag","embeddable":true,"href":"https:\/\/typetype.org\/es\/wp-json\/wp\/v2\/tags?post=5313"}],"curies":[{"name":"wp","href":"https:\/\/api.w.org\/{rel}","templated":true}]}}