{"id":38542,"date":"2025-03-31T12:39:01","date_gmt":"2025-03-31T09:39:01","guid":{"rendered":"https:\/\/typetype.org\/es\/?p=38542"},"modified":"2026-02-03T09:02:02","modified_gmt":"2026-02-03T06:02:02","slug":"special-characters-and-punctuation-marks-in-fonts-guide-to-typographical-symbols","status":"publish","type":"post","link":"https:\/\/typetype.org\/es\/blog\/special-characters-and-punctuation-marks-in-fonts-guide-to-typographical-symbols\/","title":{"rendered":"Caracteres Especiales y Signos de Puntuaci\u00f3n en las Fuentes: Gu\u00eda de S\u00edmbolos Tipogr\u00e1ficos"},"content":{"rendered":"\n<figure class=\"wp-block-image size-full\"><img decoding=\"async\" src=\"https:\/\/typetype.org\/wp-content\/uploads\/tt_characters_ceo_cover_eng.png\" alt=\"\" class=\"wp-image-10000041186\" srcset=\"https:\/\/typetype.org\/es\/wp-content\/uploads\/tt_characters_ceo_cover_eng.png 1440w, https:\/\/typetype.org\/es\/wp-content\/uploads\/tt_characters_ceo_cover_eng-1024x511.png 1024w, https:\/\/typetype.org\/es\/wp-content\/uploads\/tt_characters_ceo_cover_eng-768x383.png 768w, https:\/\/typetype.org\/es\/wp-content\/uploads\/tt_characters_ceo_cover_eng-1200x598.png 1200w, https:\/\/typetype.org\/es\/wp-content\/uploads\/tt_characters_ceo_cover_eng-420x209.png 420w, https:\/\/typetype.org\/es\/wp-content\/uploads\/tt_characters_ceo_cover_eng-600x299.png 600w, https:\/\/typetype.org\/es\/wp-content\/uploads\/tt_characters_ceo_cover_eng-80x40.png 80w\" sizes=\"(max-width: 1440px) 100vw, 1440px\" \/><\/figure>\n\n\n\n<p>Los caracteres especiales y&nbsp;los signos de&nbsp;puntuaci\u00f3n est\u00e1n presentes en&nbsp;casi todas las fuentes. Estos s\u00edmbolos tipogr\u00e1ficos desempe\u00f1an un&nbsp;papel importante en&nbsp;la&nbsp;percepci\u00f3n y&nbsp;legibilidad del texto, adem\u00e1s de&nbsp;cumplir funciones auxiliares (y&nbsp;en&nbsp;ocasiones decorativas). Por ejemplo, ayudan a&nbsp;organizar y&nbsp;estructurar el&nbsp;texto, aportan significados adicionales y&nbsp;transmiten emociones.<\/p>\n\n\n\n<p>En&nbsp;este art\u00edculo, analizaremos los s\u00edmbolos y&nbsp;caracteres m\u00e1s populares e&nbsp;interesantes.<\/p>\n\n\n\n<h2 class=\"wp-block-heading\">Signos de&nbsp;Puntuaci\u00f3n<\/h2>\n\n\n\n<p>Los signos de&nbsp;puntuaci\u00f3n son s\u00edmbolos que cumplen funciones auxiliares en&nbsp;el&nbsp;texto. En&nbsp;particular, se&nbsp;utilizan para estructurar y&nbsp;dividir el&nbsp;texto en&nbsp;segmentos con sentido, ayudan a&nbsp;establecer el&nbsp;tono, marcar \u00e9nfasis o&nbsp;expresar emociones. Entre los signos de&nbsp;puntuaci\u00f3n m\u00e1s conocidos se&nbsp;encuentran:<\/p>\n\n\n\n<p><strong>El&nbsp;punto (.)<\/strong> es&nbsp;el&nbsp;signo de&nbsp;puntuaci\u00f3n m\u00e1s simple y&nbsp;constituye la&nbsp;base de&nbsp;muchos otros s\u00edmbolos. Se&nbsp;utiliza para finalizar oraciones o&nbsp;abreviar palabras.<\/p>\n\n\n\n<figure class=\"wp-block-image size-full\"><img decoding=\"async\" src=\"https:\/\/typetype.org\/wp-content\/uploads\/tt_characters_ceo_1.png\" alt=\"\" class=\"wp-image-10000041163\" srcset=\"https:\/\/typetype.org\/es\/wp-content\/uploads\/tt_characters_ceo_1.png 1440w, https:\/\/typetype.org\/es\/wp-content\/uploads\/tt_characters_ceo_1-1024x299.png 1024w, https:\/\/typetype.org\/es\/wp-content\/uploads\/tt_characters_ceo_1-768x225.png 768w, https:\/\/typetype.org\/es\/wp-content\/uploads\/tt_characters_ceo_1-1200x351.png 1200w, https:\/\/typetype.org\/es\/wp-content\/uploads\/tt_characters_ceo_1-420x123.png 420w, https:\/\/typetype.org\/es\/wp-content\/uploads\/tt_characters_ceo_1-600x175.png 600w, https:\/\/typetype.org\/es\/wp-content\/uploads\/tt_characters_ceo_1-80x23.png 80w\" sizes=\"(max-width: 1440px) 100vw, 1440px\" \/><\/figure>\n\n\n\n<p><strong>La&nbsp;coma (,) <\/strong>se&nbsp;usa para separar y&nbsp;destacar partes de&nbsp;una oraci\u00f3n.<\/p>\n\n\n\n<figure class=\"wp-block-image size-full\"><img decoding=\"async\" src=\"https:\/\/typetype.org\/wp-content\/uploads\/tt_characters_ceo_2.png\" alt=\"\" class=\"wp-image-10000041164\" srcset=\"https:\/\/typetype.org\/es\/wp-content\/uploads\/tt_characters_ceo_2.png 1440w, https:\/\/typetype.org\/es\/wp-content\/uploads\/tt_characters_ceo_2-1024x295.png 1024w, https:\/\/typetype.org\/es\/wp-content\/uploads\/tt_characters_ceo_2-768x221.png 768w, https:\/\/typetype.org\/es\/wp-content\/uploads\/tt_characters_ceo_2-1200x346.png 1200w, https:\/\/typetype.org\/es\/wp-content\/uploads\/tt_characters_ceo_2-420x121.png 420w, https:\/\/typetype.org\/es\/wp-content\/uploads\/tt_characters_ceo_2-600x173.png 600w, https:\/\/typetype.org\/es\/wp-content\/uploads\/tt_characters_ceo_2-80x23.png 80w\" sizes=\"(max-width: 1440px) 100vw, 1440px\" \/><\/figure>\n\n\n\n<p><strong>Los puntos suspensivos (&#8230;) <\/strong>no&nbsp;son simplemente tres puntos, sino un&nbsp;signo tipogr\u00e1fico independiente. Se&nbsp;emplean para expresar implicaciones, incompletitud, discurso interrumpido, indicar una pausa u&nbsp;omitir un&nbsp;fragmento del texto.<\/p>\n\n\n\n<figure class=\"wp-block-image size-full\"><img decoding=\"async\" src=\"https:\/\/typetype.org\/wp-content\/uploads\/tt_characters_ceo_3.png\" alt=\"\" class=\"wp-image-10000041165\" srcset=\"https:\/\/typetype.org\/es\/wp-content\/uploads\/tt_characters_ceo_3.png 1440w, https:\/\/typetype.org\/es\/wp-content\/uploads\/tt_characters_ceo_3-1024x282.png 1024w, https:\/\/typetype.org\/es\/wp-content\/uploads\/tt_characters_ceo_3-768x211.png 768w, https:\/\/typetype.org\/es\/wp-content\/uploads\/tt_characters_ceo_3-1200x330.png 1200w, https:\/\/typetype.org\/es\/wp-content\/uploads\/tt_characters_ceo_3-420x116.png 420w, https:\/\/typetype.org\/es\/wp-content\/uploads\/tt_characters_ceo_3-600x165.png 600w, https:\/\/typetype.org\/es\/wp-content\/uploads\/tt_characters_ceo_3-80x22.png 80w\" sizes=\"(max-width: 1440px) 100vw, 1440px\" \/><\/figure>\n\n\n\n<p><strong>El&nbsp;signo de&nbsp;exclamaci\u00f3n (!) <\/strong>se&nbsp;utiliza para expresar emociones intensas, sorpresa, admiraci\u00f3n, entusiasmo, entre otros.<\/p>\n\n\n\n<figure class=\"wp-block-image size-full\"><img decoding=\"async\" src=\"https:\/\/typetype.org\/wp-content\/uploads\/tt_characters_ceo_4.png\" alt=\"\" class=\"wp-image-10000041166\" srcset=\"https:\/\/typetype.org\/es\/wp-content\/uploads\/tt_characters_ceo_4.png 1440w, https:\/\/typetype.org\/es\/wp-content\/uploads\/tt_characters_ceo_4-1024x282.png 1024w, https:\/\/typetype.org\/es\/wp-content\/uploads\/tt_characters_ceo_4-768x211.png 768w, https:\/\/typetype.org\/es\/wp-content\/uploads\/tt_characters_ceo_4-1200x330.png 1200w, https:\/\/typetype.org\/es\/wp-content\/uploads\/tt_characters_ceo_4-420x116.png 420w, https:\/\/typetype.org\/es\/wp-content\/uploads\/tt_characters_ceo_4-600x165.png 600w, https:\/\/typetype.org\/es\/wp-content\/uploads\/tt_characters_ceo_4-80x22.png 80w\" sizes=\"(max-width: 1440px) 100vw, 1440px\" \/><\/figure>\n\n\n\n<p><strong>El&nbsp;signo de&nbsp;interrogaci\u00f3n (?) <\/strong>sirve para indicar una pregunta. Puede usarse como parte de&nbsp;unos puntos suspensivos (?&#8230;) o&nbsp;en&nbsp;combinaci\u00f3n con un&nbsp;signo de&nbsp;exclamaci\u00f3n (?!).<\/p>\n\n\n\n<figure class=\"wp-block-image size-full\"><img decoding=\"async\" src=\"https:\/\/typetype.org\/wp-content\/uploads\/tt_characters_ceo_5.png\" alt=\"\" class=\"wp-image-10000041167\" srcset=\"https:\/\/typetype.org\/es\/wp-content\/uploads\/tt_characters_ceo_5.png 1440w, https:\/\/typetype.org\/es\/wp-content\/uploads\/tt_characters_ceo_5-1024x282.png 1024w, https:\/\/typetype.org\/es\/wp-content\/uploads\/tt_characters_ceo_5-768x211.png 768w, https:\/\/typetype.org\/es\/wp-content\/uploads\/tt_characters_ceo_5-1200x330.png 1200w, https:\/\/typetype.org\/es\/wp-content\/uploads\/tt_characters_ceo_5-420x116.png 420w, https:\/\/typetype.org\/es\/wp-content\/uploads\/tt_characters_ceo_5-600x165.png 600w, https:\/\/typetype.org\/es\/wp-content\/uploads\/tt_characters_ceo_5-80x22.png 80w\" sizes=\"(max-width: 1440px) 100vw, 1440px\" \/><\/figure>\n\n\n\n<p><strong>Los dos puntos (:)<\/strong> se&nbsp;emplean para se\u00f1alar relaciones causales, explicativas y&nbsp;sem\u00e1nticas entre partes de&nbsp;una oraci\u00f3n.<\/p>\n\n\n\n<figure class=\"wp-block-image size-full\"><img decoding=\"async\" src=\"https:\/\/typetype.org\/wp-content\/uploads\/tt_characters_ceo_6.png\" alt=\"\" class=\"wp-image-10000041168\" srcset=\"https:\/\/typetype.org\/es\/wp-content\/uploads\/tt_characters_ceo_6.png 1440w, https:\/\/typetype.org\/es\/wp-content\/uploads\/tt_characters_ceo_6-1024x299.png 1024w, https:\/\/typetype.org\/es\/wp-content\/uploads\/tt_characters_ceo_6-768x225.png 768w, https:\/\/typetype.org\/es\/wp-content\/uploads\/tt_characters_ceo_6-1200x351.png 1200w, https:\/\/typetype.org\/es\/wp-content\/uploads\/tt_characters_ceo_6-420x123.png 420w, https:\/\/typetype.org\/es\/wp-content\/uploads\/tt_characters_ceo_6-600x175.png 600w, https:\/\/typetype.org\/es\/wp-content\/uploads\/tt_characters_ceo_6-80x23.png 80w\" sizes=\"(max-width: 1440px) 100vw, 1440px\" \/><\/figure>\n\n\n\n<p><strong>El&nbsp;punto y&nbsp;coma (;) <\/strong>es&nbsp;un&nbsp;signo de&nbsp;puntuaci\u00f3n separador que divide partes dentro de&nbsp;una misma oraci\u00f3n.<\/p>\n\n\n\n<figure class=\"wp-block-image size-full\"><img decoding=\"async\" src=\"https:\/\/typetype.org\/wp-content\/uploads\/tt_characters_ceo_7.png\" alt=\"\" class=\"wp-image-10000041169\" srcset=\"https:\/\/typetype.org\/es\/wp-content\/uploads\/tt_characters_ceo_7.png 1440w, https:\/\/typetype.org\/es\/wp-content\/uploads\/tt_characters_ceo_7-1024x299.png 1024w, https:\/\/typetype.org\/es\/wp-content\/uploads\/tt_characters_ceo_7-768x225.png 768w, https:\/\/typetype.org\/es\/wp-content\/uploads\/tt_characters_ceo_7-1200x351.png 1200w, https:\/\/typetype.org\/es\/wp-content\/uploads\/tt_characters_ceo_7-420x123.png 420w, https:\/\/typetype.org\/es\/wp-content\/uploads\/tt_characters_ceo_7-600x175.png 600w, https:\/\/typetype.org\/es\/wp-content\/uploads\/tt_characters_ceo_7-80x23.png 80w\" sizes=\"(max-width: 1440px) 100vw, 1440px\" \/><\/figure>\n\n\n\n<p><strong>La&nbsp;raya (\u2014) <\/strong>se&nbsp;usa como compensaci\u00f3n de&nbsp;palabras omitidas o&nbsp;significados no&nbsp;expresados de&nbsp;forma l\u00e9xica. A&nbsp;menudo se&nbsp;confunde con el&nbsp;guion (-), que no&nbsp;es&nbsp;un&nbsp;signo de&nbsp;puntuaci\u00f3n, ya&nbsp;que se&nbsp;emplea dentro de&nbsp;palabras.<\/p>\n\n\n\n<figure class=\"wp-block-image size-full\"><img decoding=\"async\" src=\"https:\/\/typetype.org\/wp-content\/uploads\/tt_characters_ceo_8.png\" alt=\"\" class=\"wp-image-10000041170\" srcset=\"https:\/\/typetype.org\/es\/wp-content\/uploads\/tt_characters_ceo_8.png 1440w, https:\/\/typetype.org\/es\/wp-content\/uploads\/tt_characters_ceo_8-1024x276.png 1024w, https:\/\/typetype.org\/es\/wp-content\/uploads\/tt_characters_ceo_8-768x207.png 768w, https:\/\/typetype.org\/es\/wp-content\/uploads\/tt_characters_ceo_8-1200x323.png 1200w, https:\/\/typetype.org\/es\/wp-content\/uploads\/tt_characters_ceo_8-420x113.png 420w, https:\/\/typetype.org\/es\/wp-content\/uploads\/tt_characters_ceo_8-600x162.png 600w, https:\/\/typetype.org\/es\/wp-content\/uploads\/tt_characters_ceo_8-80x22.png 80w\" sizes=\"(max-width: 1440px) 100vw, 1440px\" \/><\/figure>\n\n\n\n<p><strong>Las comillas (<strong>\u201c\u201d<\/strong> or <strong>\u00ab\u00bb<\/strong>) <\/strong>son un\u00a0signo de\u00a0puntuaci\u00f3n doble que se\u00a0utiliza para destacar citas, discurso directo, nombres y\u00a0palabras en\u00a0sentido figurado.<\/p>\n\n\n\n<figure class=\"wp-block-image size-full\"><img decoding=\"async\" src=\"https:\/\/typetype.org\/wp-content\/uploads\/tt_characters_ceo_9.png\" alt=\"\" class=\"wp-image-10000041171\" srcset=\"https:\/\/typetype.org\/es\/wp-content\/uploads\/tt_characters_ceo_9.png 1440w, https:\/\/typetype.org\/es\/wp-content\/uploads\/tt_characters_ceo_9-1024x294.png 1024w, https:\/\/typetype.org\/es\/wp-content\/uploads\/tt_characters_ceo_9-768x220.png 768w, https:\/\/typetype.org\/es\/wp-content\/uploads\/tt_characters_ceo_9-1200x344.png 1200w, https:\/\/typetype.org\/es\/wp-content\/uploads\/tt_characters_ceo_9-420x120.png 420w, https:\/\/typetype.org\/es\/wp-content\/uploads\/tt_characters_ceo_9-600x172.png 600w, https:\/\/typetype.org\/es\/wp-content\/uploads\/tt_characters_ceo_9-80x23.png 80w\" sizes=\"(max-width: 1440px) 100vw, 1440px\" \/><\/figure>\n\n\n\n<h2 class=\"wp-block-heading\">S\u00edmbolos Diacr\u00edticos<\/h2>\n\n\n\n<p>Los signos diacr\u00edticos son s\u00edmbolos especiales que se&nbsp;utilizan para modificar o&nbsp;aclarar la&nbsp;pronunciaci\u00f3n de&nbsp;otros caracteres. Pueden estar en&nbsp;super\u00edndice, sub\u00edndice o&nbsp;en&nbsp;l\u00ednea.<\/p>\n\n\n\n<p>Ejemplos de&nbsp;signos diacr\u00edticos:<\/p>\n\n\n\n<p><strong>El&nbsp;acento agudo (\u00b4)<\/strong> indica \u00e9nfasis l\u00f3gico o&nbsp;entonacional.<\/p>\n\n\n\n<figure class=\"wp-block-image size-full\"><img decoding=\"async\" src=\"https:\/\/typetype.org\/wp-content\/uploads\/tt_characters_ceo_10.png\" alt=\"\" class=\"wp-image-10000041172\" srcset=\"https:\/\/typetype.org\/es\/wp-content\/uploads\/tt_characters_ceo_10.png 1440w, https:\/\/typetype.org\/es\/wp-content\/uploads\/tt_characters_ceo_10-1024x193.png 1024w, https:\/\/typetype.org\/es\/wp-content\/uploads\/tt_characters_ceo_10-768x145.png 768w, https:\/\/typetype.org\/es\/wp-content\/uploads\/tt_characters_ceo_10-1200x226.png 1200w, https:\/\/typetype.org\/es\/wp-content\/uploads\/tt_characters_ceo_10-420x79.png 420w, https:\/\/typetype.org\/es\/wp-content\/uploads\/tt_characters_ceo_10-600x113.png 600w, https:\/\/typetype.org\/es\/wp-content\/uploads\/tt_characters_ceo_10-80x15.png 80w\" sizes=\"(max-width: 1440px) 100vw, 1440px\" \/><\/figure>\n\n\n\n<p><strong>El&nbsp;acento grave (`)<\/strong> se&nbsp;utiliza en&nbsp;varios idiomas como marca de&nbsp;\u00e9nfasis entonacional.<\/p>\n\n\n\n<figure class=\"wp-block-image size-full\"><img decoding=\"async\" src=\"https:\/\/typetype.org\/wp-content\/uploads\/tt_characters_ceo_11.png\" alt=\"\" class=\"wp-image-10000041173\" srcset=\"https:\/\/typetype.org\/es\/wp-content\/uploads\/tt_characters_ceo_11.png 1440w, https:\/\/typetype.org\/es\/wp-content\/uploads\/tt_characters_ceo_11-1024x193.png 1024w, https:\/\/typetype.org\/es\/wp-content\/uploads\/tt_characters_ceo_11-768x145.png 768w, https:\/\/typetype.org\/es\/wp-content\/uploads\/tt_characters_ceo_11-1200x226.png 1200w, https:\/\/typetype.org\/es\/wp-content\/uploads\/tt_characters_ceo_11-420x79.png 420w, https:\/\/typetype.org\/es\/wp-content\/uploads\/tt_characters_ceo_11-600x113.png 600w, https:\/\/typetype.org\/es\/wp-content\/uploads\/tt_characters_ceo_11-80x15.png 80w\" sizes=\"(max-width: 1440px) 100vw, 1440px\" \/><\/figure>\n\n\n\n<p><strong>El&nbsp;circunflejo (^)<\/strong> se&nbsp;emplea en&nbsp;diversas lenguas para modificar la&nbsp;entonaci\u00f3n de&nbsp;las s\u00edlabas y&nbsp;la&nbsp;pronunciaci\u00f3n de&nbsp;las vocales.<\/p>\n\n\n\n<figure class=\"wp-block-image size-full\"><img decoding=\"async\" src=\"https:\/\/typetype.org\/wp-content\/uploads\/tt_characters_ceo_12.png\" alt=\"\" class=\"wp-image-10000041174\" srcset=\"https:\/\/typetype.org\/es\/wp-content\/uploads\/tt_characters_ceo_12.png 1440w, https:\/\/typetype.org\/es\/wp-content\/uploads\/tt_characters_ceo_12-1024x193.png 1024w, https:\/\/typetype.org\/es\/wp-content\/uploads\/tt_characters_ceo_12-768x145.png 768w, https:\/\/typetype.org\/es\/wp-content\/uploads\/tt_characters_ceo_12-1200x226.png 1200w, https:\/\/typetype.org\/es\/wp-content\/uploads\/tt_characters_ceo_12-420x79.png 420w, https:\/\/typetype.org\/es\/wp-content\/uploads\/tt_characters_ceo_12-600x113.png 600w, https:\/\/typetype.org\/es\/wp-content\/uploads\/tt_characters_ceo_12-80x15.png 80w\" sizes=\"(max-width: 1440px) 100vw, 1440px\" \/><\/figure>\n\n\n\n<p><strong>La&nbsp;tilde (~) <\/strong>afecta la&nbsp;pronunciaci\u00f3n de&nbsp;ciertos sonidos y&nbsp;tambi\u00e9n se&nbsp;utiliza en&nbsp;los diccionarios para sustituir una palabra o&nbsp;parte de&nbsp;una palabra cuando se&nbsp;repite.<\/p>\n\n\n\n<figure class=\"wp-block-image size-full\"><img decoding=\"async\" src=\"https:\/\/typetype.org\/wp-content\/uploads\/tt_characters_ceo_13.png\" alt=\"\" class=\"wp-image-10000041175\" srcset=\"https:\/\/typetype.org\/es\/wp-content\/uploads\/tt_characters_ceo_13.png 1440w, https:\/\/typetype.org\/es\/wp-content\/uploads\/tt_characters_ceo_13-1024x193.png 1024w, https:\/\/typetype.org\/es\/wp-content\/uploads\/tt_characters_ceo_13-768x145.png 768w, https:\/\/typetype.org\/es\/wp-content\/uploads\/tt_characters_ceo_13-1200x226.png 1200w, https:\/\/typetype.org\/es\/wp-content\/uploads\/tt_characters_ceo_13-420x79.png 420w, https:\/\/typetype.org\/es\/wp-content\/uploads\/tt_characters_ceo_13-600x113.png 600w, https:\/\/typetype.org\/es\/wp-content\/uploads\/tt_characters_ceo_13-80x15.png 80w\" sizes=\"(max-width: 1440px) 100vw, 1440px\" \/><\/figure>\n\n\n\n<h2 class=\"wp-block-heading\">Dagas (Cruces)<\/h2>\n\n\n\n<p>La&nbsp;daga, o&nbsp;cruz tipogr\u00e1fica (\u2020), tambi\u00e9n se&nbsp;conoce en&nbsp;ocasiones como \u00abobelisco\u00bb u&nbsp;\u00abobelo\u00bb. Es&nbsp;un&nbsp;signo tipogr\u00e1fico que se&nbsp;ha&nbsp;utilizado en&nbsp;distintos pa\u00edses y&nbsp;\u00e9pocas hist\u00f3ricas para indicar la&nbsp;fecha de&nbsp;fallecimiento, una afirmaci\u00f3n dudosa, una nota al&nbsp;pie, entre otros usos.<\/p>\n\n\n\n<figure class=\"wp-block-image size-full\"><img decoding=\"async\" src=\"https:\/\/typetype.org\/wp-content\/uploads\/tt_characters_ceo_14.png\" alt=\"\" class=\"wp-image-10000041176\" srcset=\"https:\/\/typetype.org\/es\/wp-content\/uploads\/tt_characters_ceo_14.png 1440w, https:\/\/typetype.org\/es\/wp-content\/uploads\/tt_characters_ceo_14-1024x193.png 1024w, https:\/\/typetype.org\/es\/wp-content\/uploads\/tt_characters_ceo_14-768x145.png 768w, https:\/\/typetype.org\/es\/wp-content\/uploads\/tt_characters_ceo_14-1200x226.png 1200w, https:\/\/typetype.org\/es\/wp-content\/uploads\/tt_characters_ceo_14-420x79.png 420w, https:\/\/typetype.org\/es\/wp-content\/uploads\/tt_characters_ceo_14-600x113.png 600w, https:\/\/typetype.org\/es\/wp-content\/uploads\/tt_characters_ceo_14-80x15.png 80w\" sizes=\"(max-width: 1440px) 100vw, 1440px\" \/><\/figure>\n\n\n\n<h2 class=\"wp-block-heading\">Asterisco y&nbsp;Obelisco (\u00a1Ba-Dum-Tss!)<\/h2>\n\n\n\n<p><strong>El&nbsp;asterisco (*) <\/strong>es&nbsp;un&nbsp;car\u00e1cter especial de&nbsp;puntuaci\u00f3n con forma de&nbsp;peque\u00f1a estrella de&nbsp;cinco o&nbsp;seis puntas. Se&nbsp;utiliza para indicar notas al&nbsp;pie y&nbsp;anotaciones.<\/p>\n\n\n\n<p><strong>El&nbsp;obelisco (\u2020) <\/strong>es&nbsp;lo&nbsp;mismo que la&nbsp;daga (ver arriba).<\/p>\n\n\n\n<figure class=\"wp-block-image size-full\"><img decoding=\"async\" src=\"https:\/\/typetype.org\/wp-content\/uploads\/tt_characters_ceo_15.png\" alt=\"\" class=\"wp-image-10000041177\" srcset=\"https:\/\/typetype.org\/es\/wp-content\/uploads\/tt_characters_ceo_15.png 1440w, https:\/\/typetype.org\/es\/wp-content\/uploads\/tt_characters_ceo_15-1024x340.png 1024w, https:\/\/typetype.org\/es\/wp-content\/uploads\/tt_characters_ceo_15-768x255.png 768w, https:\/\/typetype.org\/es\/wp-content\/uploads\/tt_characters_ceo_15-1200x398.png 1200w, https:\/\/typetype.org\/es\/wp-content\/uploads\/tt_characters_ceo_15-420x139.png 420w, https:\/\/typetype.org\/es\/wp-content\/uploads\/tt_characters_ceo_15-600x199.png 600w, https:\/\/typetype.org\/es\/wp-content\/uploads\/tt_characters_ceo_15-80x27.png 80w\" sizes=\"(max-width: 1440px) 100vw, 1440px\" \/><\/figure>\n\n\n\n<p>Curiosamente, al&nbsp;colocarse junto a&nbsp;fechas, la&nbsp;daga se&nbsp;usaba para se\u00f1alar la&nbsp;fecha de&nbsp;fallecimiento, mientras que el&nbsp;asterisco marcaba la&nbsp;fecha de&nbsp;nacimiento.<\/p>\n\n\n\n<p>El&nbsp;obelisco tambi\u00e9n se&nbsp;utilizaba como segunda nota al&nbsp;pie tras el&nbsp;asterisco.<\/p>\n\n\n\n<h2 class=\"wp-block-heading\">Ampersand<\/h2>\n\n\n\n<p><strong>El&nbsp;ampersand (&amp;) <\/strong>es&nbsp;un&nbsp;s\u00edmbolo (ligadura) que se&nbsp;utiliza para reemplazar la&nbsp;conjunci\u00f3n \u00aby\u00bb. Hist\u00f3ricamente, el&nbsp;ampersand se&nbsp;origin\u00f3 como una ligadura de&nbsp;\u00abet\u00bb, ya&nbsp;que se&nbsp;formaba a&nbsp;partir de&nbsp;la&nbsp;conjunci\u00f3n latina&nbsp;et (\u00aby\u00bb). Hoy en&nbsp;d\u00eda, este s\u00edmbolo se&nbsp;emplea con frecuencia en&nbsp;nombres de&nbsp;marcas.<\/p>\n\n\n\n<figure class=\"wp-block-image size-full\"><img decoding=\"async\" src=\"https:\/\/typetype.org\/wp-content\/uploads\/tt_characters_ceo_16.png\" alt=\"\" class=\"wp-image-10000041178\" srcset=\"https:\/\/typetype.org\/es\/wp-content\/uploads\/tt_characters_ceo_16.png 1440w, https:\/\/typetype.org\/es\/wp-content\/uploads\/tt_characters_ceo_16-1024x303.png 1024w, https:\/\/typetype.org\/es\/wp-content\/uploads\/tt_characters_ceo_16-768x227.png 768w, https:\/\/typetype.org\/es\/wp-content\/uploads\/tt_characters_ceo_16-1200x355.png 1200w, https:\/\/typetype.org\/es\/wp-content\/uploads\/tt_characters_ceo_16-420x124.png 420w, https:\/\/typetype.org\/es\/wp-content\/uploads\/tt_characters_ceo_16-600x178.png 600w, https:\/\/typetype.org\/es\/wp-content\/uploads\/tt_characters_ceo_16-80x24.png 80w\" sizes=\"(max-width: 1440px) 100vw, 1440px\" \/><\/figure>\n\n\n\n<h2 class=\"wp-block-heading\">Octothorpe (Almohadilla)<\/h2>\n\n\n\n<p><strong>El&nbsp;octothorpe, o&nbsp;signo de&nbsp;almohadilla (#)<\/strong> es&nbsp;un&nbsp;s\u00edmbolo tambi\u00e9n conocido como \u00abhash\u00bb o&nbsp;\u00abhashtag\u00bb. El&nbsp;nombre \u00aboctothorpe\u00bb proviene del lat\u00edn octothorpe (\u00abocho extremos\u00bb).<\/p>\n\n\n\n<figure class=\"wp-block-image size-full\"><img decoding=\"async\" src=\"https:\/\/typetype.org\/wp-content\/uploads\/tt_characters_ceo_17.png\" alt=\"\" class=\"wp-image-10000041179\" srcset=\"https:\/\/typetype.org\/es\/wp-content\/uploads\/tt_characters_ceo_17.png 1440w, https:\/\/typetype.org\/es\/wp-content\/uploads\/tt_characters_ceo_17-1024x208.png 1024w, https:\/\/typetype.org\/es\/wp-content\/uploads\/tt_characters_ceo_17-768x156.png 768w, https:\/\/typetype.org\/es\/wp-content\/uploads\/tt_characters_ceo_17-1200x243.png 1200w, https:\/\/typetype.org\/es\/wp-content\/uploads\/tt_characters_ceo_17-420x85.png 420w, https:\/\/typetype.org\/es\/wp-content\/uploads\/tt_characters_ceo_17-600x122.png 600w, https:\/\/typetype.org\/es\/wp-content\/uploads\/tt_characters_ceo_17-80x16.png 80w\" sizes=\"(max-width: 1440px) 100vw, 1440px\" \/><\/figure>\n\n\n\n<h2 class=\"wp-block-heading\">Calder\u00f3n y&nbsp;Signo de&nbsp;Secci\u00f3n<\/h2>\n\n\n\n<p><strong>El&nbsp;calder\u00f3n (\u00b6) <\/strong>es&nbsp;un&nbsp;s\u00edmbolo utilizado para marcar el&nbsp;final de&nbsp;un&nbsp;p\u00e1rrafo. Se&nbsp;presume que este s\u00edmbolo proviene de&nbsp;la&nbsp;letra latina&nbsp;C, m\u00e1s precisamente d\n142e\ne&nbsp;la&nbsp;palabra capitulum, que en&nbsp;lat\u00edn significa \u00abcap\u00edtulo\u00bb.<\/p>\n\n\n\n<figure class=\"wp-block-image size-full\"><img decoding=\"async\" src=\"https:\/\/typetype.org\/wp-content\/uploads\/tt_characters_ceo_18.png\" alt=\"\" class=\"wp-image-10000041180\" srcset=\"https:\/\/typetype.org\/es\/wp-content\/uploads\/tt_characters_ceo_18.png 1440w, https:\/\/typetype.org\/es\/wp-content\/uploads\/tt_characters_ceo_18-1024x329.png 1024w, https:\/\/typetype.org\/es\/wp-content\/uploads\/tt_characters_ceo_18-768x246.png 768w, https:\/\/typetype.org\/es\/wp-content\/uploads\/tt_characters_ceo_18-1200x385.png 1200w, https:\/\/typetype.org\/es\/wp-content\/uploads\/tt_characters_ceo_18-420x135.png 420w, https:\/\/typetype.org\/es\/wp-content\/uploads\/tt_characters_ceo_18-600x193.png 600w, https:\/\/typetype.org\/es\/wp-content\/uploads\/tt_characters_ceo_18-80x26.png 80w\" sizes=\"(max-width: 1440px) 100vw, 1440px\" \/><\/figure>\n\n\n\n<p><strong>El&nbsp;signo de&nbsp;secci\u00f3n (\u00a7)<\/strong> es&nbsp;un&nbsp;s\u00edmbolo tipogr\u00e1fico que se&nbsp;utiliza para denotar secciones en&nbsp;textos legales, libros de&nbsp;texto y&nbsp;documentos. Se&nbsp;cree que este signo deriva de&nbsp;la&nbsp;abreviatura de&nbsp;la&nbsp;palabra alemana <em>satz<\/em> (\u00abfrase, oraci\u00f3n\u00bb).<\/p>\n\n\n\n<figure class=\"wp-block-image size-full\"><img decoding=\"async\" src=\"https:\/\/typetype.org\/es\/wp-content\/uploads\/sites\/11\/tt_characters_ceo_19.png\" alt=\"\" class=\"wp-image-41181\"\/><\/figure>\n\n\n\n<h2 class=\"wp-block-heading\">S\u00edmbolos comerciales<\/h2>\n\n\n\n<p>Son caracteres especiales que representan unidades monetarias. Tambi\u00e9n se&nbsp;consideran comerciales algunos s\u00edmbolos con significado legal.<\/p>\n\n\n\n<p>Por ejemplo:<\/p>\n\n\n\n<ul class=\"wp-block-list\">\n<li><strong>Signo del d\u00f3lar ($) <\/strong><\/li>\n\n\n\n<li><strong>Signo del euro (\u20ac) <\/strong><\/li>\n\n\n\n<li><strong>Signo de&nbsp;la&nbsp;libra esterlina (\u00a3)<\/strong><\/li>\n<\/ul>\n\n\n\n<figure class=\"wp-block-image size-full\"><img decoding=\"async\" src=\"https:\/\/typetype.org\/wp-content\/uploads\/tt_characters_ceo_20.png\" alt=\"\" class=\"wp-image-10000041182\" srcset=\"https:\/\/typetype.org\/es\/wp-content\/uploads\/tt_characters_ceo_20.png 1440w, https:\/\/typetype.org\/es\/wp-content\/uploads\/tt_characters_ceo_20-1024x208.png 1024w, https:\/\/typetype.org\/es\/wp-content\/uploads\/tt_characters_ceo_20-768x156.png 768w, https:\/\/typetype.org\/es\/wp-content\/uploads\/tt_characters_ceo_20-1200x243.png 1200w, https:\/\/typetype.org\/es\/wp-content\/uploads\/tt_characters_ceo_20-420x85.png 420w, https:\/\/typetype.org\/es\/wp-content\/uploads\/tt_characters_ceo_20-600x122.png 600w, https:\/\/typetype.org\/es\/wp-content\/uploads\/tt_characters_ceo_20-80x16.png 80w\" sizes=\"(max-width: 1440px) 100vw, 1440px\" \/><\/figure>\n\n\n\n<h2 class=\"wp-block-heading\">Copyright<\/h2>\n\n\n\n<p>El&nbsp;<strong>s\u00edmbolo de&nbsp;copyright (\u00a9)<\/strong> forma parte de&nbsp;los s\u00edmbolos comerciales. Es&nbsp;un&nbsp;s\u00edmbolo especial que se&nbsp;utiliza como marca de&nbsp;protecci\u00f3n de&nbsp;derechos de&nbsp;autor.<\/p>\n\n\n\n<figure class=\"wp-block-image size-full\"><img decoding=\"async\" src=\"https:\/\/typetype.org\/wp-content\/uploads\/tt_characters_ceo_21.png\" alt=\"\" class=\"wp-image-10000041183\" srcset=\"https:\/\/typetype.org\/es\/wp-content\/uploads\/tt_characters_ceo_21.png 1440w, https:\/\/typetype.org\/es\/wp-content\/uploads\/tt_characters_ceo_21-1024x208.png 1024w, https:\/\/typetype.org\/es\/wp-content\/uploads\/tt_characters_ceo_21-768x156.png 768w, https:\/\/typetype.org\/es\/wp-content\/uploads\/tt_characters_ceo_21-1200x243.png 1200w, https:\/\/typetype.org\/es\/wp-content\/uploads\/tt_characters_ceo_21-420x85.png 420w, https:\/\/typetype.org\/es\/wp-content\/uploads\/tt_characters_ceo_21-600x122.png 600w, https:\/\/typetype.org\/es\/wp-content\/uploads\/tt_characters_ceo_21-80x16.png 80w\" sizes=\"(max-width: 1440px) 100vw, 1440px\" \/><\/figure>\n\n\n\n<h2 class=\"wp-block-heading\">Marca Comercial y&nbsp;Marca Registrada<\/h2>\n\n\n\n<p><strong>La&nbsp;marca comercial (\u2122) o&nbsp;la&nbsp;marca registrada (<sup class=\"reg\">\u00ae<\/sup>) <\/strong>tambi\u00e9n pertenecen a&nbsp;los s\u00edmbolos comerciales e&nbsp;indican que la&nbsp;marca est\u00e1 registrada y&nbsp;protegida por derechos de&nbsp;propiedad intelectual.<\/p>\n\n\n\n<figure class=\"wp-block-image size-full\"><img decoding=\"async\" src=\"https:\/\/typetype.org\/wp-content\/uploads\/tt_characters_ceo_22.png\" alt=\"\" class=\"wp-image-10000041184\" srcset=\"https:\/\/typetype.org\/es\/wp-content\/uploads\/tt_characters_ceo_22.png 1440w, https:\/\/typetype.org\/es\/wp-content\/uploads\/tt_characters_ceo_22-1024x258.png 1024w, https:\/\/typetype.org\/es\/wp-content\/uploads\/tt_characters_ceo_22-768x194.png 768w, https:\/\/typetype.org\/es\/wp-content\/uploads\/tt_characters_ceo_22-1200x303.png 1200w, https:\/\/typetype.org\/es\/wp-content\/uploads\/tt_characters_ceo_22-420x106.png 420w, https:\/\/typetype.org\/es\/wp-content\/uploads\/tt_characters_ceo_22-600x151.png 600w, https:\/\/typetype.org\/es\/wp-content\/uploads\/tt_characters_ceo_22-80x20.png 80w\" sizes=\"(max-width: 1440px) 100vw, 1440px\" \/><\/figure>\n\n\n\n<h2 class=\"wp-block-heading\">S\u00edmbolo \u00abArroba\u00bb<\/h2>\n\n\n\n<p>El&nbsp;<strong>s\u00edmbolo \u00abarroba\u00bb (@)<\/strong> es&nbsp;otro nombre para el&nbsp;signo \u00abat&nbsp;comercial\u00bb. Es&nbsp;un&nbsp;s\u00edmbolo tipogr\u00e1fico que originalmente se&nbsp;utilizaba en&nbsp;documentos de&nbsp;pago. Hoy en&nbsp;d\u00eda, se&nbsp;emplea principalmente en&nbsp;servicios de&nbsp;red para separar el&nbsp;nombre de&nbsp;usuario (cuenta) del nombre de&nbsp;dominio.<\/p>\n\n\n\n<figure class=\"wp-block-image size-full\"><img decoding=\"async\" src=\"https:\/\/typetype.org\/wp-content\/uploads\/tt_characters_ceo_23.png\" alt=\"\" class=\"wp-image-10000041185\" srcset=\"https:\/\/typetype.org\/es\/wp-content\/uploads\/tt_characters_ceo_23.png 1440w, https:\/\/typetype.org\/es\/wp-content\/uploads\/tt_characters_ceo_23-1024x208.png 1024w, https:\/\/typetype.org\/es\/wp-content\/uploads\/tt_characters_ceo_23-768x156.png 768w, https:\/\/typetype.org\/es\/wp-content\/uploads\/tt_characters_ceo_23-1200x243.png 1200w, https:\/\/typetype.org\/es\/wp-content\/uploads\/tt_characters_ceo_23-420x85.png 420w, https:\/\/typetype.org\/es\/wp-content\/uploads\/tt_characters_ceo_23-600x122.png 600w, https:\/\/typetype.org\/es\/wp-content\/uploads\/tt_characters_ceo_23-80x16.png 80w\" sizes=\"(max-width: 1440px) 100vw, 1440px\" \/><\/figure>\n\n\n\n<h2 class=\"wp-block-heading\">Conclusi\u00f3n<\/h2>\n\n\n\n<p>En&nbsp;este art\u00edculo hemos repasado los s\u00edmbolos y&nbsp;caracteres especiales m\u00e1s comunes, aunque esta es&nbsp;solo una peque\u00f1a muestra de&nbsp;todos los que existen. Cabe destacar que distintas fuentes pueden incluir diferentes conjuntos de&nbsp;caracteres, seg\u00fan lo&nbsp;que el&nbsp;dise\u00f1ador haya decidido incorporar en&nbsp;una tipograf\u00eda concreta. Adem\u00e1s, estos s\u00edmbolos pueden variar en&nbsp;su&nbsp;apariencia, ya&nbsp;que su&nbsp;dise\u00f1o est\u00e1 influido por el&nbsp;car\u00e1cter general y&nbsp;el&nbsp;estilo gr\u00e1fico de&nbsp;la&nbsp;fuente.<\/p>\n","protected":false},"excerpt":{"rendered":"<p>Los caracteres especiales y\u00a0los signos de\u00a0puntuaci\u00f3n est\u00e1n presentes en\u00a0casi todas las fuentes. Estos s\u00edmbolos tipogr\u00e1ficos desempe\u00f1an un\u00a0papel importante en\u00a0la\u00a0percepci\u00f3n y\u00a0legibilidad del texto, adem\u00e1s de\u00a0cumplir funciones auxiliares (y\u00a0en\u00a0ocasiones decorativas). En\u00a0este art\u00edculo, analizaremos los s\u00edmbolos y\u00a0caracteres m\u00e1s populares e\u00a0interesantes.<\/p>\n","protected":false},"author":4485,"featured_media":10000041186,"comment_status":"closed","ping_status":"closed","sticky":false,"template":"","format":"standard","meta":{"_acf_changed":false,"footnotes":""},"categories":[1],"tags":[188],"class_list":["post-38542","post","type-post","status-publish","format-standard","has-post-thumbnail","hentry","category-blog","tag-work-with-fonts"],"acf":{"show_sidebar":true},"_links":{"self":[{"href":"https:\/\/typetype.org\/es\/wp-json\/wp\/v2\/posts\/38542","targetHints":{"allow":["GET"]}}],"collection":[{"href":"https:\/\/typetype.org\/es\/wp-json\/wp\/v2\/posts"}],"about":[{"href":"https:\/\/typetype.org\/es\/wp-json\/wp\/v2\/types\/post"}],"author":[{"embeddable":true,"href":"https:\/\/typetype.org\/es\/wp-json\/wp\/v2\/users\/4485"}],"replies":[{"embeddable":true,"href":"https:\/\/typetype.org\/es\/wp-json\/wp\/v2\/comments?post=38542"}],"version-history":[{"count":5,"href":"https:\/\/typetype.org\/es\/wp-json\/wp\/v2\/posts\/38542\/revisions"}],"predecessor-version":[{"id":47703,"href":"https:\/\/typetype.org\/es\/wp-json\/wp\/v2\/posts\/38542\/revisions\/47703"}],"wp:featuredmedia":[{"embeddable":true,"href":"https:\/\/typetype.org\/es\/wp-json\/wp\/v2\/media\/10000041186"}],"wp:attachment":[{"href":"https:\/\/typetype.org\/es\/wp-json\/wp\/v2\/media?parent=38542"}],"wp:term":[{"taxonomy":"category","embeddable":true,"href":"https:\/\/typetype.org\/es\/wp-json\/wp\/v2\/categories?post=38542"},{"taxonomy":"post_tag","embeddable":true,"href":"https:\/\/typetype.org\/es\/wp-json\/wp\/v2\/tags?post=38542"}],"curies":[{"name":"wp","href":"https:\/\/api.w.org\/{rel}","templated":true}]}}