{"id":37773,"date":"2025-04-17T17:12:11","date_gmt":"2025-04-17T14:12:11","guid":{"rendered":"https:\/\/typetype.org\/es\/?p=37773"},"modified":"2026-02-03T09:01:37","modified_gmt":"2026-02-03T06:01:37","slug":"branching-out-how-scandinavian-sans-tt-firs-grew-and-found-its-font-pair","status":"publish","type":"post","link":"https:\/\/typetype.org\/es\/blog\/branching-out-how-scandinavian-sans-tt-firs-grew-and-found-its-font-pair\/","title":{"rendered":"\u00a1Pinos y m\u00e1s pinos! C\u00f3mo la grotesca escandinava TT Firs creci\u00f3 y form\u00f3 un d\u00fao tipogr\u00e1fico"},"content":{"rendered":"\n<figure class=\"wp-block-image size-full\"><img decoding=\"async\" src=\"https:\/\/typetype.org\/wp-content\/uploads\/TT_Firs_blog_main_en.webp\" alt=\"\" class=\"wp-image-10000049944\" srcset=\"https:\/\/typetype.org\/es\/wp-content\/uploads\/TT_Firs_blog_main_en.webp 1440w, https:\/\/typetype.org\/es\/wp-content\/uploads\/TT_Firs_blog_main_en-1024x512.webp 1024w, https:\/\/typetype.org\/es\/wp-content\/uploads\/TT_Firs_blog_main_en-1200x600.webp 1200w, https:\/\/typetype.org\/es\/wp-content\/uploads\/TT_Firs_blog_main_en-768x384.webp 768w, https:\/\/typetype.org\/es\/wp-content\/uploads\/TT_Firs_blog_main_en-420x210.webp 420w, https:\/\/typetype.org\/es\/wp-content\/uploads\/TT_Firs_blog_main_en-600x300.webp 600w\" sizes=\"(max-width: 1440px) 100vw, 1440px\" \/><\/figure>\n\n\n\n<p>En&nbsp;2023 dimos una segunda vida a&nbsp;la&nbsp;querida grotesca escandinava <a href=\"https:\/\/typetype.org\/es\/fonts\/tt-firs-neue\/\">TT&nbsp;Firs Neue<\/a>, mejorando radicalmente la&nbsp;familia tipogr\u00e1fica para adaptarla a&nbsp;los est\u00e1ndares modernos. Poco despu\u00e9s, presentamos su&nbsp;complemento para texto: la&nbsp;concisa <a href=\"https:\/\/typetype.org\/es\/fonts\/tt-firs-text\/\">TT&nbsp;Firs Text<\/a>.<\/p>\n\n\n\n<p>En&nbsp;nuestra art\u00edculo te&nbsp;contamos c\u00f3mo empez\u00f3 todo, por qu\u00e9 decidimos actualizar TT&nbsp;Firs Neue, qu\u00e9 cambios realizamos y&nbsp;c\u00f3mo naci\u00f3 TT&nbsp;Firs Text.<\/p>\n\n\n\n<h2 class=\"wp-block-heading\">C\u00f3mo TT&nbsp;Firs ech\u00f3 ra\u00edces<\/h2>\n\n\n\n<p>La&nbsp;historia de&nbsp;TT&nbsp;Firs comenz\u00f3 en&nbsp;el&nbsp;lejano 2014, en&nbsp;los primeros d\u00edas de&nbsp;<a href=\"https:\/\/typetype.org\/es\/\">TypeType<\/a>. La&nbsp;idea de&nbsp;crear esta fuente surgi\u00f3 en&nbsp;Helsinki, cuando el&nbsp;cofundador del estudio, Ivan Gladkikh, viaj\u00f3 all\u00ed con su&nbsp;familia para pasar el&nbsp;fin de&nbsp;semana.<\/p>\n\n\n\n<blockquote class=\"wp-block-quote is-layout-flow wp-block-quote-is-layout-flow\">\n<p style=\"font-size:18px\"><em><em>\u00abEntramos en&nbsp;el&nbsp;caf\u00e9 Fazer, que originalmente era solo una cafeter\u00eda nombrada en&nbsp;honor a&nbsp;su&nbsp;fundador, aunque m\u00e1s tarde la&nbsp;marca se&nbsp;hizo famosa por su&nbsp;chocolate. Esta pasteler\u00eda, ubicada en&nbsp;el&nbsp;centro de&nbsp;Helsinki desde 1891, tiene un&nbsp;aspecto similar al&nbsp;de&nbsp;un&nbsp;comedor, pero sirve postres exclusivos muy deliciosos y&nbsp;siempre est\u00e1 llena de&nbsp;gente. Es&nbsp;un&nbsp;lugar que se&nbsp;integra perfectamente con su&nbsp;entorno. All\u00ed vi&nbsp;un&nbsp;viejo letrero con el&nbsp;nombre Fazer. Cuando lo&nbsp;observ\u00e9 detenidamente, pens\u00e9: \u201eQu\u00e9 interesante, tiene algo aut\u00e9ntico y&nbsp;\u00fanico\u201c. As\u00ed naci\u00f3 la&nbsp;idea: \u00bfpor qu\u00e9 no&nbsp;crear una fuente con una tem\u00e1tica escandinava? De&nbsp;aquel r\u00f3tulo tom\u00e9 la&nbsp;inspiraci\u00f3n para la&nbsp;letra \u201eA\u201c, con su&nbsp;potente trazo horizontal en&nbsp;la&nbsp;parte superior, y&nbsp;as\u00ed comenc\u00e9 a&nbsp;dise\u00f1ar lo&nbsp;que m\u00e1s tarde se&nbsp;convertir\u00eda en&nbsp;Firs.\u00bb<\/em><\/em><\/p>\n\n\n\n<p class=\"has-text-align-left\"><em><em>\u2014&nbsp;Ivan Gladkikh, CTO y&nbsp;cofundador de&nbsp;TypeType<\/em><\/em><\/p>\n<\/blockquote>\n\n\n\n<figure class=\"wp-block-image size-full\"><img decoding=\"async\" src=\"https:\/\/typetype.org\/wp-content\/uploads\/TT_Firs_blog_2.webp\" alt=\"\" class=\"wp-image-10000049945\" srcset=\"https:\/\/typetype.org\/es\/wp-content\/uploads\/TT_Firs_blog_2.webp 1440w, https:\/\/typetype.org\/es\/wp-content\/uploads\/TT_Firs_blog_2-1024x711.webp 1024w, https:\/\/typetype.org\/es\/wp-content\/uploads\/TT_Firs_blog_2-1200x833.webp 1200w, https:\/\/typetype.org\/es\/wp-content\/uploads\/TT_Firs_blog_2-768x533.webp 768w, https:\/\/typetype.org\/es\/wp-content\/uploads\/TT_Firs_blog_2-420x292.webp 420w, https:\/\/typetype.org\/es\/wp-content\/uploads\/TT_Firs_blog_2-600x417.webp 600w\" sizes=\"(max-width: 1440px) 100vw, 1440px\" \/><\/figure>\n\n\n\n<p>La&nbsp;letra \u00abA\u00bb se&nbsp;convirti\u00f3 en&nbsp;el&nbsp;elemento clave del dise\u00f1o, expresando la&nbsp;idea principal y&nbsp;sirviendo como referencia para el&nbsp;resto de&nbsp;los caracteres, tanto en&nbsp;cir\u00edlico como en&nbsp;lat\u00edn. Este enfoque estil\u00edstico result\u00f3 ser bastante distintivo.<\/p>\n\n\n\n<blockquote class=\"wp-block-quote is-layout-flow wp-block-quote-is-layout-flow\">\n<p style=\"font-size:18px\"><em>\u00ab<em>En&nbsp;aquel entonces, dise\u00f1\u00e1bamos todo de&nbsp;manera intuitiva, sin realizar investigaciones. Solo cont\u00e1bamos con un&nbsp;moodboard de&nbsp;referencias de&nbsp;dise\u00f1o y&nbsp;tipograf\u00eda escandinava. Al&nbsp;crear esta grotesca, mi&nbsp;principal preocupaci\u00f3n era c\u00f3mo la&nbsp;gente la&nbsp;usar\u00eda y&nbsp;c\u00f3mo encajar\u00eda en&nbsp;el&nbsp;dise\u00f1o. Uno de&nbsp;los mayores desaf\u00edos fue el&nbsp;alfabeto cir\u00edlico, ya&nbsp;que no&nbsp;exist\u00edan an\u00e1logos de&nbsp;este estilo en&nbsp;cir\u00edlico. Me&nbsp;pareci\u00f3 l\u00f3gico que, si&nbsp;el&nbsp;elemento horizontal de&nbsp;la&nbsp;letra \u201eA\u201c se&nbsp;aplicaba a&nbsp;caracteres como \u201e\u0414\u201c y&nbsp;\u201e\u041b\u201c \u2014lo que evocaba la&nbsp;est\u00e9tica de&nbsp;los a\u00f1os 60&nbsp;en la&nbsp;Uni\u00f3n Sovi\u00e9tica\u2014, tambi\u00e9n ten\u00eda sentido incorporar otras letras con un&nbsp;aire \u201epseudo-sovi\u00e9tico\u201c. As\u00ed nacieron las ramas estilizadas de&nbsp;la&nbsp;\u201e\u041a\u201c y&nbsp;la&nbsp;\u201e\u0416\u201c. En&nbsp;general, me&nbsp;gui\u00e9 \u00fanicamente por mis propias sensaciones<\/em>.\u00bb<\/em><\/p>\n\n\n\n<p class=\"has-text-align-left\" style=\"font-size:18px\"><em><em><em>\u2014&nbsp;Ivan Gladkikh, CTO y&nbsp;cofundador de&nbsp;TypeType<\/em><\/em><\/em><\/p>\n<\/blockquote>\n\n\n\n<figure class=\"wp-block-image size-full\"><img decoding=\"async\" src=\"https:\/\/typetype.org\/wp-content\/uploads\/TT_Firs_blog_3.webp\" alt=\"\" class=\"wp-image-10000049946\" srcset=\"https:\/\/typetype.org\/es\/wp-content\/uploads\/TT_Firs_blog_3.webp 1440w, https:\/\/typetype.org\/es\/wp-content\/uploads\/TT_Firs_blog_3-1024x390.webp 1024w, https:\/\/typetype.org\/es\/wp-content\/uploads\/TT_Firs_blog_3-1200x457.webp 1200w, https:\/\/typetype.org\/es\/wp-content\/uploads\/TT_Firs_blog_3-768x292.webp 768w, https:\/\/typetype.org\/es\/wp-content\/uploads\/TT_Firs_blog_3-420x160.webp 420w, https:\/\/typetype.org\/es\/wp-content\/uploads\/TT_Firs_blog_3-600x228.webp 600w\" sizes=\"(max-width: 1440px) 100vw, 1440px\" \/><\/figure>\n\n\n\n<p>As\u00ed, en&nbsp;2015 naci\u00f3 la&nbsp;primera versi\u00f3n de&nbsp;la&nbsp;grotesca escandinava. La&nbsp;familia tipogr\u00e1fica inclu\u00eda 9&nbsp;pesos rectos y&nbsp;9&nbsp;inclinados, aunque el&nbsp;conjunto de&nbsp;caracteres era bastante limitado. En&nbsp;su&nbsp;versi\u00f3n en&nbsp;negrita, la&nbsp;fuente ten\u00eda una estructura s\u00f3lida, aunque presentaba ciertos matices en&nbsp;la&nbsp;distribuci\u00f3n del contraste y&nbsp;los grosores, sobre los cuales hablaremos m\u00e1s adelante. A&nbsp;pesar de&nbsp;ello, logramos crear una fuente verdaderamente \u00fanica con una esencia escandinava.<\/p>\n\n\n\n<figure class=\"wp-block-image size-full\"><img decoding=\"async\" src=\"https:\/\/typetype.org\/wp-content\/uploads\/TT_Firs_blog_4.webp\" alt=\"\" class=\"wp-image-10000049947\" srcset=\"https:\/\/typetype.org\/es\/wp-content\/uploads\/TT_Firs_blog_4.webp 1440w, https:\/\/typetype.org\/es\/wp-content\/uploads\/TT_Firs_blog_4-1024x711.webp 1024w, https:\/\/typetype.org\/es\/wp-content\/uploads\/TT_Firs_blog_4-1200x833.webp 1200w, https:\/\/typetype.org\/es\/wp-content\/uploads\/TT_Firs_blog_4-768x533.webp 768w, https:\/\/typetype.org\/es\/wp-content\/uploads\/TT_Firs_blog_4-420x292.webp 420w, https:\/\/typetype.org\/es\/wp-content\/uploads\/TT_Firs_blog_4-600x417.webp 600w\" sizes=\"(max-width: 1440px) 100vw, 1440px\" \/><\/figure>\n\n\n\n<blockquote class=\"wp-block-quote is-layout-flow wp-block-quote-is-layout-flow\">\n<p style=\"font-size:18px\"><em>\u00ab<em>En&nbsp;aquel entonces, ten\u00edamos la&nbsp;tradici\u00f3n de&nbsp;dar a&nbsp;todas nuestras fuentes nombres que terminaran en&nbsp;\u201es\u201c. Mientras pensaba en&nbsp;c\u00f3mo llamar a&nbsp;nuestra grotesca escandinava, me&nbsp;di&nbsp;cuenta de&nbsp;que uno de&nbsp;los elementos m\u00e1s caracter\u00edsticos de&nbsp;Escandinavia son los pinos. As\u00ed naci\u00f3 el&nbsp;nombre Firs, que se&nbsp;mantuvo y&nbsp;sigue existiendo hasta hoy, ya&nbsp;en&nbsp;su&nbsp;tercera versi\u00f3n<\/em>.\u00bb<\/em><\/p>\n\n\n\n<p style=\"font-size:18px\"><em>\u2014&nbsp;Ivan Gladkikh, CTO y&nbsp;cofundador de&nbsp;TypeType<\/em><\/p>\n<\/blockquote>\n\n\n\n<figure class=\"wp-block-image size-full\"><img decoding=\"async\" src=\"https:\/\/typetype.org\/wp-content\/uploads\/TT_Firs_blog_5.webp\" alt=\"\" class=\"wp-image-10000049948\" srcset=\"https:\/\/typetype.org\/es\/wp-content\/uploads\/TT_Firs_blog_5.webp 1440w, https:\/\/typetype.org\/es\/wp-content\/uploads\/TT_Firs_blog_5-1024x347.webp 1024w, https:\/\/typetype.org\/es\/wp-content\/uploads\/TT_Firs_blog_5-1200x407.webp 1200w, https:\/\/typetype.org\/es\/wp-content\/uploads\/TT_Firs_blog_5-768x260.webp 768w, https:\/\/typetype.org\/es\/wp-content\/uploads\/TT_Firs_blog_5-420x142.webp 420w, https:\/\/typetype.org\/es\/wp-content\/uploads\/TT_Firs_blog_5-600x203.webp 600w\" sizes=\"(max-width: 1440px) 100vw, 1440px\" \/><\/figure>\n\n\n\n<p>Despu\u00e9s de&nbsp;su&nbsp;lanzamiento, TT&nbsp;Firs sigui\u00f3 su&nbsp;propio camino: lo&nbsp;observ\u00e1bamos y&nbsp;ve\u00edamos numerosos ejemplos de&nbsp;su&nbsp;uso. No&nbsp;ten\u00eda hinting ni&nbsp;caracter\u00edsticas especiales de&nbsp;OpenType, pero era aut\u00e9ntico, interesante y&nbsp;gustaba a&nbsp;los usuarios. Por eso, comenzamos a&nbsp;considerar su&nbsp;actualizaci\u00f3n.<\/p>\n\n\n\n<h2 class=\"wp-block-heading\">C\u00f3mo TT&nbsp;Firs ech\u00f3 \u00abramas\u00bb y&nbsp;evolucion\u00f3 en&nbsp;TT&nbsp;Firs Neue<\/h2>\n\n\n\n<p>TT&nbsp;Firs nos gustaba mucho. Sin embargo, cuanto m\u00e1s fuentes nuevas lanz\u00e1bamos, m\u00e1s evidente se&nbsp;volv\u00eda que esta grotesca escandinava ya&nbsp;no&nbsp;estaba a&nbsp;la&nbsp;altura de&nbsp;nuestra biblioteca. Por eso, en&nbsp;2017 decidimos que era momento de&nbsp;darle una \u00abrenovaci\u00f3n\u00bb.<\/p>\n\n\n\n<h3 class=\"wp-block-heading\">Primeros cambios<\/h3>\n\n\n\n<p>En&nbsp;ese momento colabor\u00e1bamos con Filipp Nurullin, quien trabajaba como director art\u00edstico invitado en&nbsp;<a href=\"https:\/\/typetype.org\/es\/\">TypeType<\/a>. Fue \u00e9l&nbsp;quien realiz\u00f3 la&nbsp;primera revisi\u00f3n de&nbsp;TT&nbsp;Firs y&nbsp;llev\u00f3 a&nbsp;cabo las primeras investigaciones.<\/p>\n\n\n\n<p>Filipp intent\u00f3 reinterpretar creativamente la&nbsp;fuente para hacerla m\u00e1s moderna y&nbsp;funcional en&nbsp;distintos tipos de&nbsp;proyectos. As\u00ed surgieron cortes angulares pronunciados en&nbsp;el&nbsp;dise\u00f1o, como en&nbsp;la&nbsp;letra \u00abg\u00bb, donde se&nbsp;combinan una parte redonda con un&nbsp;\u00e1ngulo abrupto, o&nbsp;el&nbsp;terminal cuadrado en&nbsp;la&nbsp;\u00abf\u00bb. Por un&nbsp;lado, este detalle puede parecer poco l\u00f3gico, pero por otro, le&nbsp;otorga un&nbsp;car\u00e1cter distintivo, mantiene bien la&nbsp;l\u00ednea de&nbsp;texto y&nbsp;resalta los caracteres en&nbsp;min\u00fascula, que antes eran m\u00e1s neutros en&nbsp;comparaci\u00f3n con las may\u00fasculas.<\/p>\n\n\n\n<figure class=\"wp-block-image size-full\"><img decoding=\"async\" src=\"https:\/\/typetype.org\/wp-content\/uploads\/TT_Firs_blog_6.webp\" alt=\"\" class=\"wp-image-10000049949\" srcset=\"https:\/\/typetype.org\/es\/wp-content\/uploads\/TT_Firs_blog_6.webp 1440w, https:\/\/typetype.org\/es\/wp-content\/uploads\/TT_Firs_blog_6-1024x416.webp 1024w, https:\/\/typetype.org\/es\/wp-content\/uploads\/TT_Firs_blog_6-1200x488.webp 1200w, https:\/\/typetype.org\/es\/wp-content\/uploads\/TT_Firs_blog_6-768x312.webp 768w, https:\/\/typetype.org\/es\/wp-content\/uploads\/TT_Firs_blog_6-420x171.webp 420w, https:\/\/typetype.org\/es\/wp-content\/uploads\/TT_Firs_blog_6-600x244.webp 600w\" sizes=\"(max-width: 1440px) 100vw, 1440px\" \/><\/figure>\n\n\n\n<p>Adem\u00e1s, Filipp revis\u00f3 las patas de&nbsp;la&nbsp;letra \u00abA\u00bb y&nbsp;las ramas de&nbsp;la&nbsp;\u00abK\u00bb y&nbsp;la&nbsp;\u00ab\u0416\u00bb, d\u00e1ndoles un&nbsp;aspecto m\u00e1s robusto&nbsp;y, por as\u00ed decirlo, m\u00e1s europeo. Las versiones ramificadas de&nbsp;estas letras de&nbsp;la&nbsp;versi\u00f3n anterior se&nbsp;mantuvieron como alternativas. De&nbsp;este modo, ten\u00edamos un&nbsp;conjunto b\u00e1sico de&nbsp;caracteres que se&nbsp;utilizaba por defecto en&nbsp;TT&nbsp;Firs y&nbsp;representaba la&nbsp;esencia de&nbsp;la&nbsp;fuente, junto con un&nbsp;conjunto alternativo de&nbsp;caracteres. <em>Spoiler<\/em>: esta l\u00f3gica de&nbsp;variantes alternativas se&nbsp;mantendr\u00eda en&nbsp;su&nbsp;futura evoluci\u00f3n.<\/p>\n\n\n\n<figure class=\"wp-block-image size-full\"><img decoding=\"async\" src=\"https:\/\/typetype.org\/wp-content\/uploads\/TT_Firs_blog_7.webp\" alt=\"\" class=\"wp-image-10000049950\" srcset=\"https:\/\/typetype.org\/es\/wp-content\/uploads\/TT_Firs_blog_7.webp 1440w, https:\/\/typetype.org\/es\/wp-content\/uploads\/TT_Firs_blog_7-1024x266.webp 1024w, https:\/\/typetype.org\/es\/wp-content\/uploads\/TT_Firs_blog_7-1200x312.webp 1200w, https:\/\/typetype.org\/es\/wp-content\/uploads\/TT_Firs_blog_7-768x199.webp 768w, https:\/\/typetype.org\/es\/wp-content\/uploads\/TT_Firs_blog_7-420x109.webp 420w, https:\/\/typetype.org\/es\/wp-content\/uploads\/TT_Firs_blog_7-600x156.webp 600w\" sizes=\"(max-width: 1440px) 100vw, 1440px\" \/><\/figure>\n\n\n\n<p>En&nbsp;el&nbsp;proceso de&nbsp;trabajo, qued\u00f3 claro que una de&nbsp;las caracter\u00edsticas distintivas de&nbsp;la&nbsp;tipograf\u00eda escandinava son los elementos diacr\u00edticos dentro de&nbsp;las letras. Por ejemplo, existe una versi\u00f3n particular de&nbsp;la&nbsp;letra \u00abU\u00bb en&nbsp;la&nbsp;que la&nbsp;di\u00e9resis suele ubicarse en&nbsp;su&nbsp;interior, como si&nbsp;fueran las aceitunas de&nbsp;un&nbsp;\u00abMartini\u00bb.<\/p>\n\n\n\n<figure class=\"wp-block-image size-full\"><img decoding=\"async\" src=\"https:\/\/typetype.org\/wp-content\/uploads\/TT_Firs_blog_8.webp\" alt=\"\" class=\"wp-image-10000049951\" srcset=\"https:\/\/typetype.org\/es\/wp-content\/uploads\/TT_Firs_blog_8.webp 1440w, https:\/\/typetype.org\/es\/wp-content\/uploads\/TT_Firs_blog_8-1024x711.webp 1024w, https:\/\/typetype.org\/es\/wp-content\/uploads\/TT_Firs_blog_8-1200x833.webp 1200w, https:\/\/typetype.org\/es\/wp-content\/uploads\/TT_Firs_blog_8-768x533.webp 768w, https:\/\/typetype.org\/es\/wp-content\/uploads\/TT_Firs_blog_8-420x292.webp 420w, https:\/\/typetype.org\/es\/wp-content\/uploads\/TT_Firs_blog_8-600x417.webp 600w\" sizes=\"(max-width: 1440px) 100vw, 1440px\" \/><\/figure>\n\n\n\n<p>Es\u00a0decir, los diacr\u00edticos a\u00a0menudo est\u00e1n integrados en\u00a0las letras, \u00abpresionados\u00bb contra ellas o\u00a0colocados a\u00a0los lados. Hicimos de\u00a0este detalle una caracter\u00edstica distintiva de\u00a0nuestra fuente y\u00a0reforzamos su\u00a0esencia escandinava al\u00a0crear un\u00a0conjunto con este tipo de\u00a0diacr\u00edticos (un\u00a0conjunto similar se\u00a0mantendr\u00eda en\u00a0la\u00a0siguiente versi\u00f3n de\u00a0<a href=\"https:\/\/typetype.org\/es\/fonts\/tt-firs-neue\/\">TT\u00a0Firs Neue<\/a>, pero en\u00a0una forma mejorada).<\/p>\n\n\n\n<figure class=\"wp-block-gallery has-nested-images columns-default is-cropped wp-block-gallery-1 is-layout-flex wp-block-gallery-is-layout-flex\">\n<figure class=\"wp-block-image size-large\"><img decoding=\"async\" data-id=\"10000049952\" src=\"https:\/\/typetype.org\/wp-content\/uploads\/TT_Firs_blog_9.webp\" alt=\"\" class=\"wp-image-10000049952\" srcset=\"https:\/\/typetype.org\/es\/wp-content\/uploads\/TT_Firs_blog_9.webp 1440w, https:\/\/typetype.org\/es\/wp-content\/uploads\/TT_Firs_blog_9-1024x356.webp 1024w, https:\/\/typetype.org\/es\/wp-content\/uploads\/TT_Firs_blog_9-1200x418.webp 1200w, https:\/\/typetype.org\/es\/wp-content\/uploads\/TT_Firs_blog_9-768x267.webp 768w, https:\/\/typetype.org\/es\/wp-content\/uploads\/TT_Firs_blog_9-420x146.webp 420w, https:\/\/typetype.org\/es\/wp-content\/uploads\/TT_Firs_blog_9-600x209.webp 600w\" sizes=\"(max-width: 1440px) 100vw, 1440px\" \/><\/figure>\n<\/figure>\n\n\n\n<p>En&nbsp;esta actualizaci\u00f3n tambi\u00e9n se&nbsp;incorpor\u00f3 una gran cantidad de&nbsp;ligaduras display. Eran inesperadas, poco convencionales y&nbsp;a\u00f1ad\u00edan expresividad y&nbsp;peso visual a&nbsp;la&nbsp;fuente.<\/p>\n\n\n\n<figure class=\"wp-block-image size-full\"><img decoding=\"async\" src=\"https:\/\/typetype.org\/wp-content\/uploads\/TT_Firs_blog_10.webp\" alt=\"\" class=\"wp-image-10000049953\" srcset=\"https:\/\/typetype.org\/es\/wp-content\/uploads\/TT_Firs_blog_10.webp 1440w, https:\/\/typetype.org\/es\/wp-content\/uploads\/TT_Firs_blog_10-1024x322.webp 1024w, https:\/\/typetype.org\/es\/wp-content\/uploads\/TT_Firs_blog_10-1200x378.webp 1200w, https:\/\/typetype.org\/es\/wp-content\/uploads\/TT_Firs_blog_10-768x242.webp 768w, https:\/\/typetype.org\/es\/wp-content\/uploads\/TT_Firs_blog_10-420x132.webp 420w, https:\/\/typetype.org\/es\/wp-content\/uploads\/TT_Firs_blog_10-600x189.webp 600w\" sizes=\"(max-width: 1440px) 100vw, 1440px\" \/><\/figure>\n\n\n\n<blockquote class=\"wp-block-quote is-layout-flow wp-block-quote-is-layout-flow\">\n<p style=\"font-size:18px\"><em>\u00abEs&nbsp;algo muy interesante porque, en&nbsp;mi&nbsp;opini\u00f3n, solo con estas ligaduras un&nbsp;dise\u00f1ador puede diversificar la&nbsp;apariencia visual de&nbsp;una palabra, un&nbsp;r\u00f3tulo o&nbsp;un&nbsp;logotipo, sin necesidad de&nbsp;a\u00f1adir elementos gr\u00e1ficos adicionales. Sorprendentemente, nunca he&nbsp;visto estas ligaduras en&nbsp;uso en&nbsp;ning\u00fan lado, aunque, en&nbsp;realidad, me&nbsp;gustar\u00eda. Porque son realmente geniales y&nbsp;han \u201esobrevivido\u201c hasta la&nbsp;\u00faltima versi\u00f3n (aunque en&nbsp;una forma evolucionada&nbsp;\u2014 nota del editor).\u00bb<\/em><\/p>\n\n\n\n<p style=\"font-size:18px\"><em>\u2014&nbsp;Ivan Gladkikh, CTO y&nbsp;cofundador de&nbsp;TypeType<\/em><\/p>\n<\/blockquote>\n\n\n\n<figure class=\"wp-block-image size-full\"><img decoding=\"async\" src=\"https:\/\/typetype.org\/wp-content\/uploads\/TT_Firs_blog_11.webp\" alt=\"\" class=\"wp-image-10000049955\" srcset=\"https:\/\/typetype.org\/es\/wp-content\/uploads\/TT_Firs_blog_11.webp 1440w, https:\/\/typetype.org\/es\/wp-content\/uploads\/TT_Firs_blog_11-1024x472.webp 1024w, https:\/\/typetype.org\/es\/wp-content\/uploads\/TT_Firs_blog_11-1200x553.webp 1200w, https:\/\/typetype.org\/es\/wp-content\/uploads\/TT_Firs_blog_11-768x354.webp 768w, https:\/\/typetype.org\/es\/wp-content\/uploads\/TT_Firs_blog_11-420x194.webp 420w, https:\/\/typetype.org\/es\/wp-content\/uploads\/TT_Firs_blog_11-600x277.webp 600w\" sizes=\"(max-width: 1440px) 100vw, 1440px\" \/><\/figure>\n\n\n\n<p>As\u00ed naci\u00f3 la\u00a0versi\u00f3n reinterpretada de\u00a0TT\u00a0Firs, que en\u00a02018 lanzamos bajo el\u00a0nombre <a href=\"https:\/\/typetype.org\/es\/fonts\/tt-firs-neue\/\">TT\u00a0Firs Neue<\/a> (versi\u00f3n 1.100). En\u00a0ese momento, la\u00a0familia tipogr\u00e1fica inclu\u00eda m\u00e1s de\u00a0900 caracteres (para comparar, el\u00a0primer TT\u00a0Firs ten\u00eda alrededor de\u00a0400\u00a0glifos). La\u00a0versi\u00f3n TT\u00a0Firs Neue\u00a02.000 llegar\u00e1 a\u00a0contar con m\u00e1s de\u00a01700\u00a0caracteres, pero vayamos por partes.<\/p>\n\n\n\n<p>Curiosamente, con el&nbsp;tiempo la&nbsp;percepci\u00f3n de&nbsp;TT&nbsp;Firs Neue fue cambiando. Cuantos m\u00e1s casos de&nbsp;uso aparec\u00edan, m\u00e1s neutral parec\u00eda, ya&nbsp;que empez\u00f3 a&nbsp;utilizarse en&nbsp;todas partes: en&nbsp;videos de&nbsp;YouTube, branding, logotipos y&nbsp;mucho m\u00e1s.<\/p>\n\n\n\n<blockquote class=\"wp-block-quote is-layout-flow wp-block-quote-is-layout-flow\">\n<p class=\"has-text-align-left\" style=\"font-size:18px\"><em>\u00abEl&nbsp;tipo de&nbsp;letra se&nbsp;volvi\u00f3 visualmente neutral, por extra\u00f1o que parezca. Todas sus formas display, tan reconocibles \u2014las \u00ab\u0414\u00bb y&nbsp;\u00ab\u041b\u00bb triangulares, los \u00e1ngulos cuadrados en&nbsp;\u00abt\u00bb, \u00abf\u00bb, \u00abg\u00bb, <em>\u00ab<\/em>j<em>\u00bb<\/em><\/em> <em>\u2014 empezaron a&nbsp;percibirse como algo com\u00fan, como si&nbsp;siempre hubieran sido as\u00ed. Para&nbsp;m\u00ed, esto es&nbsp;sorprendente. Como dicen, los caminos de&nbsp;una tipograf\u00eda son inescrutables. Al&nbsp;principio parec\u00eda algo extraordinario, pero ahora lo&nbsp;miras y&nbsp;piensas: bueno, es&nbsp;una fuente m\u00e1s, normal, nada fuera de&nbsp;lo&nbsp;com\u00fan.\u00bb<\/em><\/p>\n\n\n\n<p class=\"has-text-align-left\" style=\"font-size:18px\"><em>\u2014&nbsp;Ivan Gladkikh, CTO y&nbsp;cofundador de&nbsp;TypeType<\/em><\/p>\n<\/blockquote>\n\n\n\n<h2 class=\"wp-block-heading\">Un\u00a0nuevo comienzo: la\u00a0creaci\u00f3n de\u00a0TT\u00a0Firs Neue\u00a02.000<\/h2>\n\n\n\n<p>El&nbsp;tiempo pasaba, el&nbsp;estudio evolucionaba y&nbsp;dominaba nuevas herramientas. Crec\u00edamos, y&nbsp;con nosotros crec\u00edan nuestras fuentes. En&nbsp;particular, tras la&nbsp;transici\u00f3n a&nbsp;Glyphs, adquirimos la&nbsp;capacidad de&nbsp;trabajar con ejes de&nbsp;variabilidad. Esta herramienta no&nbsp;solo permite crear fuentes <a href=\"https:\/\/typetype.org\/es\/fonts\/variable\/\">variables<\/a>, sino que tambi\u00e9n ayuda a&nbsp;mantener mejor la&nbsp;coherencia dentro de&nbsp;una familia tipogr\u00e1fica.<\/p>\n\n\n\n<p>Por eso, en\u00a02022 concebimos una nueva transformaci\u00f3n de\u00a0<a href=\"https:\/\/typetype.org\/es\/fonts\/tt-firs-neue\/\">TT\u00a0Firs Neue<\/a>, una fuente que tanto nosotros como los usuarios apreciaban enormemente. Era una fuente genial, pero decidimos que deb\u00eda ser a\u00fan mejor. Refinamos meticulosamente hasta el\u00a0m\u00e1s m\u00ednimo detalle, llev\u00e1ndolo a\u00a0la\u00a0perfecci\u00f3n, y\u00a0como resultado, no\u00a0solo actualizamos la\u00a0fuente, sino que pr\u00e1cticamente la\u00a0reconstruimos desde cero.<\/p>\n\n\n\n<h3 class=\"wp-block-heading\">Parte&nbsp;1: en&nbsp;busca de&nbsp;imperfecciones<\/h3>\n\n\n\n<p>Para comenzar, la&nbsp;l\u00edder de&nbsp;dise\u00f1o, Antonina Zhulkova, realiz\u00f3 una revisi\u00f3n del TT&nbsp;Firs Neue existente y&nbsp;propuso mejoras en&nbsp;varios par\u00e1metros. Veamos estos aspectos con m\u00e1s detalle.<\/p>\n\n\n\n<p>Cabe destacar que a&nbsp;continuaci\u00f3n utilizaremos con frecuencia el&nbsp;adjetivo \u00abextra\u00f1o\u00bb. \u00bfA qu\u00e9 nos referimos cuando hablamos de&nbsp;rarezas en&nbsp;una fuente o&nbsp;en&nbsp;caracteres espec\u00edficos? Lo&nbsp;entendemos como una se\u00f1al de&nbsp;alerta: \u00abalgo que no&nbsp;encaja en&nbsp;el&nbsp;discurso general\u00bb. Primero hacemos un&nbsp;escaneo r\u00e1pido de&nbsp;la&nbsp;fuente para formarnos una impresi\u00f3n general. TT&nbsp;Firs Neue es&nbsp;una fuente robusta, n\u00f3rdica, est\u00e1tica, atractiva y&nbsp;reconocible. Su&nbsp;identidad visual se&nbsp;debe, en&nbsp;primer lugar, a&nbsp;las uniones horizontales en&nbsp;los trazos diagonales. La&nbsp;ic\u00f3nica letra \u00abA\u00bb que mencion\u00f3 Ivan puede considerarse el&nbsp;logotipo de&nbsp;la&nbsp;fuente. Otro rasgo estil\u00edstico clave son los terminales cuadrados en&nbsp;varios caracteres, que definen su&nbsp;personalidad. A&nbsp;partir de&nbsp;ah\u00ed, analizamos con ojo cr\u00edtico los elementos display: \u00bfpor qu\u00e9 est\u00e1n aqu\u00ed? Marcamos como \u00abextra\u00f1o\u00bb o&nbsp;\u00abinesperado\u00bb cualquier detalle que llame la&nbsp;atenci\u00f3n y&nbsp;evaluamos si&nbsp;entra en&nbsp;conflicto con la&nbsp;idea principal o&nbsp;la&nbsp;complementa. Si&nbsp;refuerza y&nbsp;potencia el&nbsp;car\u00e1cter de&nbsp;la&nbsp;fuente, consideramos mantenerlo. Pero si&nbsp;no&nbsp;contribuye a&nbsp;la&nbsp;identidad tipogr\u00e1fica o&nbsp;incluso la&nbsp;contradice, simplemente no&nbsp;tiene cabida.<\/p>\n\n\n\n<h4 class=\"wp-block-heading\">Compensadores visuales<\/h4>\n\n\n\n<p>Es&nbsp;importante tener en&nbsp;cuenta que la&nbsp;primera versi\u00f3n de&nbsp;TT&nbsp;Firs fue desarrollada en&nbsp;FontLab&nbsp;5, mientras que en&nbsp;la&nbsp;actualizaci\u00f3n anterior ya&nbsp;trabajamos en&nbsp;Glyphs. Por ello, en&nbsp;esta nueva revisi\u00f3n, partimos de&nbsp;un&nbsp;archivo que hab\u00eda sido \u00abtransferido\u00bb de&nbsp;FontLab 5&nbsp;a Glyphs en&nbsp;un&nbsp;formato no&nbsp;del todo correcto.<\/p>\n\n\n\n<figure class=\"wp-block-image size-full\"><img decoding=\"async\" src=\"https:\/\/typetype.org\/wp-content\/uploads\/TT_Firs_blog_after_11_before_12.webp\" alt=\"\" class=\"wp-image-10000049954\" srcset=\"https:\/\/typetype.org\/es\/wp-content\/uploads\/TT_Firs_blog_after_11_before_12.webp 1024w, https:\/\/typetype.org\/es\/wp-content\/uploads\/TT_Firs_blog_after_11_before_12-768x254.webp 768w, https:\/\/typetype.org\/es\/wp-content\/uploads\/TT_Firs_blog_after_11_before_12-420x139.webp 420w, https:\/\/typetype.org\/es\/wp-content\/uploads\/TT_Firs_blog_after_11_before_12-600x198.webp 600w\" sizes=\"(max-width: 1024px) 100vw, 1024px\" \/><\/figure>\n\n\n\n<p>Por ejemplo, la&nbsp;letra \u00abN\u00bb en&nbsp;el&nbsp;peso Thin luce equilibrada y&nbsp;estable, mientras que en&nbsp;Black aparecen compensadores que alteran ligeramente su&nbsp;car\u00e1cter. Sin embargo, si&nbsp;en&nbsp;la&nbsp;\u00abN\u00bb estos detalles pasan casi desapercibidos y&nbsp;cumplen principalmente una funci\u00f3n t\u00e9cnica \u2014evitando que el&nbsp;asta gruesa se&nbsp;fusione con la&nbsp;diagonal\u2014, en&nbsp;la&nbsp;\u00abM\u00bb se&nbsp;vuelven m\u00e1s delgados y&nbsp;mucho m\u00e1s agresivos. En&nbsp;el&nbsp;ampersand, por su&nbsp;parte, cambian nuevamente de&nbsp;forma.<\/p>\n\n\n\n<figure class=\"wp-block-image size-full\"><img decoding=\"async\" src=\"https:\/\/typetype.org\/wp-content\/uploads\/TT_Firs_blog_12.webp\" alt=\"\" class=\"wp-image-10000049956\" srcset=\"https:\/\/typetype.org\/es\/wp-content\/uploads\/TT_Firs_blog_12.webp 1440w, https:\/\/typetype.org\/es\/wp-content\/uploads\/TT_Firs_blog_12-1024x451.webp 1024w, https:\/\/typetype.org\/es\/wp-content\/uploads\/TT_Firs_blog_12-1200x528.webp 1200w, https:\/\/typetype.org\/es\/wp-content\/uploads\/TT_Firs_blog_12-768x338.webp 768w, https:\/\/typetype.org\/es\/wp-content\/uploads\/TT_Firs_blog_12-420x185.webp 420w, https:\/\/typetype.org\/es\/wp-content\/uploads\/TT_Firs_blog_12-600x264.webp 600w\" sizes=\"(max-width: 1440px) 100vw, 1440px\" \/><\/figure>\n\n\n\n<p>Esto significa que las trampas de&nbsp;tinta no&nbsp;est\u00e1n presentes en&nbsp;todos los pesos&nbsp;y, adem\u00e1s, var\u00edan incluso dentro de&nbsp;un&nbsp;mismo estilo. Esto genera un&nbsp;\u00abruido\u00bb visual.<\/p>\n\n\n\n<h4 class=\"wp-block-heading\">Diferencias en&nbsp;los voladizos de&nbsp;los caracteres redondos<\/h4>\n\n\n\n<p>Se&nbsp;ha&nbsp;alterado la&nbsp;coherencia en&nbsp;la&nbsp;forma de&nbsp;los caracteres redondos. Por ejemplo, la&nbsp;may\u00fascula \u00abO\u00bb en&nbsp;el&nbsp;peso Thin parece circular, pero con una ligera elongaci\u00f3n vertical. En&nbsp;el&nbsp;estilo Regular adquiere una forma lo&nbsp;m\u00e1s redonda posible, mientras que en&nbsp;Bold y&nbsp;Black comienza a&nbsp;expandirse hacia los lados. Este efecto es&nbsp;a\u00fan m\u00e1s evidente en&nbsp;las min\u00fasculas.<\/p>\n\n\n\n<figure class=\"wp-block-image size-full\"><img decoding=\"async\" src=\"https:\/\/typetype.org\/wp-content\/uploads\/TT_Firs_blog_13.webp\" alt=\"\" class=\"wp-image-10000049957\" srcset=\"https:\/\/typetype.org\/es\/wp-content\/uploads\/TT_Firs_blog_13.webp 1440w, https:\/\/typetype.org\/es\/wp-content\/uploads\/TT_Firs_blog_13-1024x303.webp 1024w, https:\/\/typetype.org\/es\/wp-content\/uploads\/TT_Firs_blog_13-1200x355.webp 1200w, https:\/\/typetype.org\/es\/wp-content\/uploads\/TT_Firs_blog_13-768x227.webp 768w, https:\/\/typetype.org\/es\/wp-content\/uploads\/TT_Firs_blog_13-420x124.webp 420w, https:\/\/typetype.org\/es\/wp-content\/uploads\/TT_Firs_blog_13-600x178.webp 600w\" sizes=\"(max-width: 1440px) 100vw, 1440px\" \/><\/figure>\n\n\n\n<h4 class=\"wp-block-heading\">Diferencias en&nbsp;el&nbsp;car\u00e1cter de&nbsp;los terminales<\/h4>\n\n\n\n<blockquote class=\"wp-block-quote is-layout-flow wp-block-quote-is-layout-flow\">\n<p style=\"font-size:18px\"><em>\u00abEs&nbsp;curioso, porque esta es&nbsp;una de&nbsp;las caracter\u00edsticas por las que ahora distingo la&nbsp;versi\u00f3n antigua de&nbsp;TT&nbsp;Firs Neue de&nbsp;la&nbsp;nueva cuando veo la&nbsp;fuente en&nbsp;la&nbsp;calle, por ejemplo. Esos antiguos terminales llaman la&nbsp;atenci\u00f3n de&nbsp;inmediato; yo&nbsp;los llamaba \u201ecola de&nbsp;escorpi\u00f3n\u201c.\u00bb<\/em><\/p>\n\n\n\n<p style=\"font-size:18px\"><em>\u2014&nbsp;Marina Khodak, l\u00edder de&nbsp;dise\u00f1o en&nbsp;TypeType<\/em><\/p>\n<\/blockquote>\n\n\n\n<p>Por ejemplo, en&nbsp;la&nbsp;letra \u00aba\u00bb el&nbsp;terminal es&nbsp;bastante suave y&nbsp;sim\u00e9trico: la&nbsp;parte izquierda del redondeo se&nbsp;asemeja bastante a&nbsp;la&nbsp;derecha. Si&nbsp;bien el&nbsp;lado izquierdo es&nbsp;ligeramente m\u00e1s inclinado, en&nbsp;general mantiene una apariencia equilibrada. En&nbsp;cambio, en&nbsp;la&nbsp;letra \u00ab\u0437\u00bb, el&nbsp;lado derecho presenta un&nbsp;\u00f3valo lleno, mientras que el&nbsp;terminal izquierdo se&nbsp;aplana y&nbsp;el&nbsp;\u00e1ngulo se&nbsp;agudiza considerablemente, asemej\u00e1ndose a&nbsp;la&nbsp;\u00abcola de&nbsp;escorpi\u00f3n antes del ataque\u00bb.<\/p>\n\n\n\n<figure class=\"wp-block-image size-full\"><img decoding=\"async\" src=\"https:\/\/typetype.org\/wp-content\/uploads\/TT_Firs_blog_14.webp\" alt=\"\" class=\"wp-image-10000049958\" srcset=\"https:\/\/typetype.org\/es\/wp-content\/uploads\/TT_Firs_blog_14.webp 1440w, https:\/\/typetype.org\/es\/wp-content\/uploads\/TT_Firs_blog_14-1024x431.webp 1024w, https:\/\/typetype.org\/es\/wp-content\/uploads\/TT_Firs_blog_14-1200x505.webp 1200w, https:\/\/typetype.org\/es\/wp-content\/uploads\/TT_Firs_blog_14-768x323.webp 768w, https:\/\/typetype.org\/es\/wp-content\/uploads\/TT_Firs_blog_14-420x177.webp 420w, https:\/\/typetype.org\/es\/wp-content\/uploads\/TT_Firs_blog_14-600x253.webp 600w\" sizes=\"(max-width: 1440px) 100vw, 1440px\" \/><\/figure>\n\n\n\n<p>Esto tambi\u00e9n es muy evidente en las may\u00fasculas \u201cS\u201d y \u201c\u0417\u201d, as\u00ed como en los caracteres redondos como \u201cC\u201d y \u201cG\u201d. En la parte superior derecha, las letras parecen perder grosor y redondez. En general, ambos enfoques son v\u00e1lidos, pero es importante determinar cu\u00e1l se adapta mejor a nuestra fuente: \u00bfterminales redondos y llenos o afiladas \u201ccolas\u201d?.<\/p>\n\n\n\n<blockquote class=\"wp-block-quote is-layout-flow wp-block-quote-is-layout-flow\">\n<p style=\"font-size:18px\"><em><em>\u00abDado que se&nbsp;trata de&nbsp;una fuente bastante robusta y&nbsp;s\u00f3lida, lo&nbsp;l\u00f3gico es&nbsp;dise\u00f1ar los terminales de&nbsp;manera similar a&nbsp;la&nbsp;letra \u201ea\u201c, asegurando que sean sim\u00e9tricos y&nbsp;mantengan su&nbsp;grosor.\u00bb<\/em><\/em><\/p>\n\n\n\n<p class=\"has-text-align-left\" style=\"font-size:18px\"><em><em>\u2014&nbsp;Marina Khodak, l\u00edder de&nbsp;dise\u00f1o en&nbsp;TypeType<\/em><\/em><\/p>\n<\/blockquote>\n\n\n\n<p>Otro problema es&nbsp;que los terminales no&nbsp;solo var\u00edan en&nbsp;su&nbsp;forma, sino tambi\u00e9n en&nbsp;su&nbsp;ancho. Esto se&nbsp;nota claramente en&nbsp;las letras \u00abt\u00bb, \u00abj\u00bb, \u00abl\u00bb y&nbsp;\u00abf\u00bb. Por ejemplo, en&nbsp;la&nbsp;\u00abj\u00bb el&nbsp;terminal es&nbsp;notablemente m\u00e1s ancho que en&nbsp;la&nbsp;\u00abl\u00bb, lo&nbsp;que resulta extra\u00f1o, especialmente considerando que su&nbsp;dise\u00f1o es&nbsp;bastante decorativo y&nbsp;llama la&nbsp;atenci\u00f3n.<\/p>\n\n\n\n<figure class=\"wp-block-image size-full\"><img decoding=\"async\" src=\"https:\/\/typetype.org\/wp-content\/uploads\/TT_Firs_blog_15.webp\" alt=\"\" class=\"wp-image-10000049959\" srcset=\"https:\/\/typetype.org\/es\/wp-content\/uploads\/TT_Firs_blog_15.webp 1440w, https:\/\/typetype.org\/es\/wp-content\/uploads\/TT_Firs_blog_15-1024x512.webp 1024w, https:\/\/typetype.org\/es\/wp-content\/uploads\/TT_Firs_blog_15-1200x600.webp 1200w, https:\/\/typetype.org\/es\/wp-content\/uploads\/TT_Firs_blog_15-768x384.webp 768w, https:\/\/typetype.org\/es\/wp-content\/uploads\/TT_Firs_blog_15-420x210.webp 420w, https:\/\/typetype.org\/es\/wp-content\/uploads\/TT_Firs_blog_15-600x300.webp 600w\" sizes=\"(max-width: 1440px) 100vw, 1440px\" \/><\/figure>\n\n\n\n<h4 class=\"wp-block-heading\">Decisiones inconsistentes en&nbsp;las formas<\/h4>\n\n\n\n<p>En&nbsp;las versiones antiguas de&nbsp;nuestras fuentes, hab\u00eda una tendencia a&nbsp;hacer el&nbsp;peso black m\u00e1s estilizado y&nbsp;llamativo. Actualmente, ya&nbsp;no&nbsp;permitimos esto. En&nbsp;primer lugar, como mencionamos antes, el&nbsp;dise\u00f1o de&nbsp;los distintos pesos debe ser coherente para garantizar la&nbsp;correcta funcionalidad de&nbsp;la&nbsp;variabilidad (el&nbsp;n\u00famero de&nbsp;puntos en&nbsp;cada estilo debe ser el&nbsp;mismo). En&nbsp;segundo lugar, ahora consideramos este tipo de&nbsp;modificaciones como una ruptura en&nbsp;la&nbsp;l\u00f3gica de&nbsp;la&nbsp;familia tipogr\u00e1fica. Por ello, algunas formas del antiguo TT&nbsp;Firs Neue no&nbsp;pasaron nuestra nueva autocensura.<\/p>\n\n\n\n<p>Por ejemplo, en&nbsp;el&nbsp;peso bold, el&nbsp;\u00e1ngulo del asta en&nbsp;la&nbsp;cifra \u00ab4\u00bb estaba inclinado para dejar m\u00e1s espacio en&nbsp;el&nbsp;interior. En&nbsp;ese momento, probablemente parec\u00eda la&nbsp;mejor soluci\u00f3n, pero est\u00e1 lejos de&nbsp;ser la&nbsp;ideal. Aqu\u00ed es&nbsp;necesario encontrar una alternativa que mantenga el&nbsp;equilibrio sin comprometer la&nbsp;forma del car\u00e1cter.<\/p>\n\n\n\n<figure class=\"wp-block-image size-full\"><img decoding=\"async\" src=\"https:\/\/typetype.org\/wp-content\/uploads\/TT_Firs_blog_16.webp\" alt=\"\" class=\"wp-image-10000049960\" srcset=\"https:\/\/typetype.org\/es\/wp-content\/uploads\/TT_Firs_blog_16.webp 1440w, https:\/\/typetype.org\/es\/wp-content\/uploads\/TT_Firs_blog_16-1024x465.webp 1024w, https:\/\/typetype.org\/es\/wp-content\/uploads\/TT_Firs_blog_16-1200x545.webp 1200w, https:\/\/typetype.org\/es\/wp-content\/uploads\/TT_Firs_blog_16-768x349.webp 768w, https:\/\/typetype.org\/es\/wp-content\/uploads\/TT_Firs_blog_16-420x191.webp 420w, https:\/\/typetype.org\/es\/wp-content\/uploads\/TT_Firs_blog_16-600x273.webp 600w\" sizes=\"(max-width: 1440px) 100vw, 1440px\" \/><\/figure>\n\n\n\n<h4 class=\"wp-block-heading\">Aproches<\/h4>\n\n\n\n<p>El&nbsp;espaciado necesitaba una actualizaci\u00f3n.<\/p>\n\n\n\n<figure class=\"wp-block-image size-full\"><img decoding=\"async\" src=\"https:\/\/typetype.org\/wp-content\/uploads\/TT_Firs_blog_17.webp\" alt=\"\" class=\"wp-image-10000049961\" srcset=\"https:\/\/typetype.org\/es\/wp-content\/uploads\/TT_Firs_blog_17.webp 1440w, https:\/\/typetype.org\/es\/wp-content\/uploads\/TT_Firs_blog_17-1024x297.webp 1024w, https:\/\/typetype.org\/es\/wp-content\/uploads\/TT_Firs_blog_17-1200x348.webp 1200w, https:\/\/typetype.org\/es\/wp-content\/uploads\/TT_Firs_blog_17-768x223.webp 768w, https:\/\/typetype.org\/es\/wp-content\/uploads\/TT_Firs_blog_17-420x122.webp 420w, https:\/\/typetype.org\/es\/wp-content\/uploads\/TT_Firs_blog_17-600x174.webp 600w\" sizes=\"(max-width: 1440px) 100vw, 1440px\" \/><\/figure>\n\n\n\n<h4 class=\"wp-block-heading\">Caracteres triangulares<\/h4>\n\n\n\n<p>Diferente l\u00f3gica en&nbsp;las formas, variaciones en&nbsp;los anchos entre los maestros, y&nbsp;en&nbsp;las letras \u00abA\u00bb, \u00ab\u041b\u00bb y&nbsp;\u00ab\u0414\u00bb la&nbsp;inclinaci\u00f3n parece insuficiente.<\/p>\n\n\n\n<figure class=\"wp-block-image size-full\"><img decoding=\"async\" src=\"https:\/\/typetype.org\/wp-content\/uploads\/TT_Firs_blog_18.webp\" alt=\"\" class=\"wp-image-10000049962\" srcset=\"https:\/\/typetype.org\/es\/wp-content\/uploads\/TT_Firs_blog_18.webp 1440w, https:\/\/typetype.org\/es\/wp-content\/uploads\/TT_Firs_blog_18-1024x360.webp 1024w, https:\/\/typetype.org\/es\/wp-content\/uploads\/TT_Firs_blog_18-1200x422.webp 1200w, https:\/\/typetype.org\/es\/wp-content\/uploads\/TT_Firs_blog_18-768x270.webp 768w, https:\/\/typetype.org\/es\/wp-content\/uploads\/TT_Firs_blog_18-420x148.webp 420w, https:\/\/typetype.org\/es\/wp-content\/uploads\/TT_Firs_blog_18-600x211.webp 600w\" sizes=\"(max-width: 1440px) 100vw, 1440px\" \/><\/figure>\n\n\n\n<p>Este es&nbsp;un&nbsp;detalle crucial, ya&nbsp;que esas \u00abuniones\u00bb, los travesa\u00f1os horizontales, son un&nbsp;elemento distintivo del estilo de&nbsp;la&nbsp;fuente. En&nbsp;Firs, estos rasgos est\u00e1n especialmente marcados en&nbsp;comparaci\u00f3n con otras familias tipogr\u00e1ficas de&nbsp;nuestra colecci\u00f3n.<\/p>\n\n\n\n<p>Por ejemplo, en&nbsp;las letras \u00abA\u00bb y&nbsp;\u00abV\u00bb, esta base es&nbsp;muy visible. Cabe destacar que en&nbsp;estas dos letras, as\u00ed como en&nbsp;la&nbsp;\u00abX\u00bb, mantiene la&nbsp;misma estructura. Sin embargo, en&nbsp;la&nbsp;\u00abY\u00bb y&nbsp;la&nbsp;\u00abW\u00bb no&nbsp;aparece en&nbsp;absoluto; son simplemente letras convencionales sin ning\u00fan rasgo display. Esto rompe la&nbsp;coherencia en&nbsp;la&nbsp;construcci\u00f3n de&nbsp;los caracteres dentro del dise\u00f1o tipogr\u00e1fico.<\/p>\n\n\n\n<figure class=\"wp-block-image size-full\"><img decoding=\"async\" src=\"https:\/\/typetype.org\/wp-content\/uploads\/TT_Firs_blog_19.webp\" alt=\"\" class=\"wp-image-10000049963\" srcset=\"https:\/\/typetype.org\/es\/wp-content\/uploads\/TT_Firs_blog_19.webp 1440w, https:\/\/typetype.org\/es\/wp-content\/uploads\/TT_Firs_blog_19-1024x270.webp 1024w, https:\/\/typetype.org\/es\/wp-content\/uploads\/TT_Firs_blog_19-1200x316.webp 1200w, https:\/\/typetype.org\/es\/wp-content\/uploads\/TT_Firs_blog_19-768x202.webp 768w, https:\/\/typetype.org\/es\/wp-content\/uploads\/TT_Firs_blog_19-420x111.webp 420w, https:\/\/typetype.org\/es\/wp-content\/uploads\/TT_Firs_blog_19-600x158.webp 600w\" sizes=\"(max-width: 1440px) 100vw, 1440px\" \/><\/figure>\n\n\n\n<p>El&nbsp;mismo problema se&nbsp;observa en&nbsp;los caracteres triangulares en&nbsp;min\u00fasculas, tanto en&nbsp;cir\u00edlico como en&nbsp;lat\u00edn: \u00abv\u00bb, \u00abw\u00bb, \u00abx\u00bb, \u00aby\u00bb, \u00ab\u043b\u00bb, \u00ab\u0434\u00bb, \u00ab\u043c\u00bb, \u00ab\u0438\u00bb.<\/p>\n\n\n\n<p>Ahora, si&nbsp;analizamos toda la&nbsp;familia tipogr\u00e1fica, adem\u00e1s de&nbsp;las trampas de&nbsp;tinta en&nbsp;los pesos m\u00e1s gruesos, encontramos inconsistencias en&nbsp;las \u00abuniones\u00bb horizontales. Por ejemplo, en&nbsp;la&nbsp;letra \u00abM\u00bb en&nbsp;el&nbsp;peso Bold, hay una barra horizontal en&nbsp;la&nbsp;parte inferior, pero falta en&nbsp;la&nbsp;parte superior. En&nbsp;el&nbsp;peso Thin, tambi\u00e9n est\u00e1 presente solo en&nbsp;la&nbsp;parte inferior. Adem\u00e1s\n1768\n, el&nbsp;ancho de&nbsp;este detalle var\u00eda entre los diferentes pesos: en&nbsp;Thin, es&nbsp;significativamente m\u00e1s ancho que en&nbsp;Bold y&nbsp;Black.<\/p>\n\n\n\n<figure class=\"wp-block-image size-full is-resized\"><img decoding=\"async\" src=\"https:\/\/typetype.org\/wp-content\/uploads\/TT_Firs_blog_20.webp\" alt=\"\" class=\"wp-image-10000049964\" style=\"width:1231px;height:auto\" srcset=\"https:\/\/typetype.org\/es\/wp-content\/uploads\/TT_Firs_blog_20.webp 1440w, https:\/\/typetype.org\/es\/wp-content\/uploads\/TT_Firs_blog_20-1024x368.webp 1024w, https:\/\/typetype.org\/es\/wp-content\/uploads\/TT_Firs_blog_20-1200x431.webp 1200w, https:\/\/typetype.org\/es\/wp-content\/uploads\/TT_Firs_blog_20-768x276.webp 768w, https:\/\/typetype.org\/es\/wp-content\/uploads\/TT_Firs_blog_20-420x151.webp 420w, https:\/\/typetype.org\/es\/wp-content\/uploads\/TT_Firs_blog_20-600x215.webp 600w\" sizes=\"(max-width: 1440px) 100vw, 1440px\" \/><\/figure>\n\n\n\n<p>En&nbsp;la&nbsp;letra \u00abN\u00bb, estos elementos no&nbsp;aparecen en&nbsp;absoluto. Adem\u00e1s, hay trampas de&nbsp;tinta en&nbsp;el&nbsp;peso m\u00e1s grueso, mientras que en&nbsp;el&nbsp;peso m\u00e1s delgado no&nbsp;est\u00e1n presentes.<\/p>\n\n\n\n<figure class=\"wp-block-image size-full\"><img decoding=\"async\" src=\"https:\/\/typetype.org\/wp-content\/uploads\/TT_Firs_blog_21.webp\" alt=\"\" class=\"wp-image-10000049965\" srcset=\"https:\/\/typetype.org\/es\/wp-content\/uploads\/TT_Firs_blog_21.webp 1440w, https:\/\/typetype.org\/es\/wp-content\/uploads\/TT_Firs_blog_21-1024x452.webp 1024w, https:\/\/typetype.org\/es\/wp-content\/uploads\/TT_Firs_blog_21-1200x529.webp 1200w, https:\/\/typetype.org\/es\/wp-content\/uploads\/TT_Firs_blog_21-768x339.webp 768w, https:\/\/typetype.org\/es\/wp-content\/uploads\/TT_Firs_blog_21-420x185.webp 420w, https:\/\/typetype.org\/es\/wp-content\/uploads\/TT_Firs_blog_21-600x265.webp 600w\" sizes=\"(max-width: 1440px) 100vw, 1440px\" \/><\/figure>\n\n\n\n<p>Presta atenci\u00f3n a&nbsp;la&nbsp;letra \u00abW\u00bb: siguiendo la&nbsp;misma l\u00f3gica que en&nbsp;la&nbsp;\u00abM\u00bb, deber\u00eda tener una base en&nbsp;la&nbsp;parte superior donde se&nbsp;cruzan las diagonales, mientras que en&nbsp;la&nbsp;parte inferior solo deber\u00eda haber \u00e1ngulos agudos. Sin embargo, en&nbsp;el&nbsp;peso Thin, todas las intersecciones pasan por esta base, mientras que en&nbsp;el&nbsp;peso m\u00e1s grueso no&nbsp;solo desaparece, sino que tampoco hay trampas de&nbsp;tinta.<\/p>\n\n\n\n<figure class=\"wp-block-image size-full\"><img decoding=\"async\" src=\"https:\/\/typetype.org\/wp-content\/uploads\/TT_Firs_blog_22.webp\" alt=\"\" class=\"wp-image-10000049966\" srcset=\"https:\/\/typetype.org\/es\/wp-content\/uploads\/TT_Firs_blog_22.webp 1440w, https:\/\/typetype.org\/es\/wp-content\/uploads\/TT_Firs_blog_22-1024x383.webp 1024w, https:\/\/typetype.org\/es\/wp-content\/uploads\/TT_Firs_blog_22-1200x449.webp 1200w, https:\/\/typetype.org\/es\/wp-content\/uploads\/TT_Firs_blog_22-768x287.webp 768w, https:\/\/typetype.org\/es\/wp-content\/uploads\/TT_Firs_blog_22-420x157.webp 420w, https:\/\/typetype.org\/es\/wp-content\/uploads\/TT_Firs_blog_22-600x225.webp 600w\" sizes=\"(max-width: 1440px) 100vw, 1440px\" \/><\/figure>\n\n\n\n<p>Esto significa que la&nbsp;coherencia se&nbsp;ha&nbsp;visto afectada tanto dentro de&nbsp;cada estilo individual como entre los diferentes pesos.<\/p>\n\n\n\n<blockquote class=\"wp-block-quote is-layout-flow wp-block-quote-is-layout-flow\">\n<p style=\"font-size:18px\"><em>\u00abAl&nbsp;actualizar la&nbsp;fuente, podemos tomar dos caminos: inclinarnos hacia un&nbsp;dise\u00f1o m\u00e1s display o&nbsp;eliminar estos elementos. Por ejemplo, podr\u00edamos a\u00f1adir trampas de&nbsp;tinta en&nbsp;todas partes. Sin embargo, dentro del equipo decidimos que este recurso gr\u00e1fico no&nbsp;aportaba frescura al&nbsp;proyecto, y&nbsp;que descartarlo har\u00eda que la&nbsp;fuente se&nbsp;sintiera m\u00e1s moderna. Adem\u00e1s, no&nbsp;tiene sentido agregar trampas en&nbsp;los pesos m\u00e1s ligeros, ya&nbsp;que simplemente no&nbsp;ser\u00edan visibles.<\/em> <em>La&nbsp;segunda cuesti\u00f3n es&nbsp;si&nbsp;deber\u00edamos mantener las \u201euniones\u201c en&nbsp;todas partes o&nbsp;eliminarlas por completo. Si&nbsp;las eliminamos por completo, obtenemos un&nbsp;dise\u00f1o m\u00e1s neutral. Esta soluci\u00f3n no&nbsp;encajar\u00eda con TT&nbsp;Firs Neue, pero s\u00ed&nbsp;fue la&nbsp;que implementamos en&nbsp;TT&nbsp;Firs Text (hablaremos de&nbsp;ello m\u00e1s adelante&nbsp;\u2014 nota del editor).\u00bb<\/em><\/p>\n\n\n\n<p class=\"has-text-align-left\" style=\"font-size:18px\"><em><em>\u2014&nbsp;Marina Khodak, l\u00edder de&nbsp;dise\u00f1o en&nbsp;TypeType<\/em><\/em><\/p>\n<\/blockquote>\n\n\n\n<p>Por lo&nbsp;tanto, decidimos conservar los elementos horizontales. La&nbsp;cuesti\u00f3n ahora es&nbsp;c\u00f3mo deben verse: \u00bfcomo en&nbsp;la&nbsp;\u00abM\u00bb o&nbsp;como en&nbsp;la&nbsp;\u00abW\u00bb? En&nbsp;estas letras, la&nbsp;diferencia en&nbsp;la&nbsp;construcci\u00f3n de&nbsp;las repisas es&nbsp;especialmente evidente.<\/p>\n\n\n\n<figure class=\"wp-block-image size-full\"><img decoding=\"async\" src=\"https:\/\/typetype.org\/wp-content\/uploads\/TT_Firs_blog_23.webp\" alt=\"\" class=\"wp-image-10000049967\" srcset=\"https:\/\/typetype.org\/es\/wp-content\/uploads\/TT_Firs_blog_23.webp 1440w, https:\/\/typetype.org\/es\/wp-content\/uploads\/TT_Firs_blog_23-1024x452.webp 1024w, https:\/\/typetype.org\/es\/wp-content\/uploads\/TT_Firs_blog_23-1200x529.webp 1200w, https:\/\/typetype.org\/es\/wp-content\/uploads\/TT_Firs_blog_23-768x339.webp 768w, https:\/\/typetype.org\/es\/wp-content\/uploads\/TT_Firs_blog_23-420x185.webp 420w, https:\/\/typetype.org\/es\/wp-content\/uploads\/TT_Firs_blog_23-600x265.webp 600w\" sizes=\"(max-width: 1440px) 100vw, 1440px\" \/><\/figure>\n\n\n\n<p>Antonina, en&nbsp;su&nbsp;revisi\u00f3n, propuso una soluci\u00f3n intermedia: a\u00f1adir las \u00abuniones\u00bb en&nbsp;todas partes, como en&nbsp;la&nbsp;letra \u00abW\u00bb, y&nbsp;darles un&nbsp;ancho moderado. Cre\u00f3 un&nbsp;boceto que sirvi\u00f3 como base para el&nbsp;desarrollo posterior de&nbsp;la&nbsp;familia tipogr\u00e1fica.<\/p>\n\n\n\n<figure class=\"wp-block-image size-full\"><img decoding=\"async\" src=\"https:\/\/typetype.org\/wp-content\/uploads\/TT_Firs_blog_24.png\" alt=\"\" class=\"wp-image-10000034015\" srcset=\"https:\/\/typetype.org\/es\/wp-content\/uploads\/TT_Firs_blog_24.png 1440w, https:\/\/typetype.org\/es\/wp-content\/uploads\/TT_Firs_blog_24-1024x512.png 1024w, https:\/\/typetype.org\/es\/wp-content\/uploads\/TT_Firs_blog_24-768x384.png 768w, https:\/\/typetype.org\/es\/wp-content\/uploads\/TT_Firs_blog_24-1200x600.png 1200w, https:\/\/typetype.org\/es\/wp-content\/uploads\/TT_Firs_blog_24-420x210.png 420w, https:\/\/typetype.org\/es\/wp-content\/uploads\/TT_Firs_blog_24-600x300.png 600w, https:\/\/typetype.org\/es\/wp-content\/uploads\/TT_Firs_blog_24-80x40.png 80w\" sizes=\"(max-width: 1440px) 100vw, 1440px\" \/><\/figure>\n\n\n\n<h4 class=\"wp-block-heading\">Caracteres redondos<\/h4>\n\n\n\n<blockquote class=\"wp-block-quote is-layout-flow wp-block-quote-is-layout-flow\">\n<p style=\"font-size:18px\"><em>\u00abCuando recib\u00ed la&nbsp;fuente para trabajar en&nbsp;ella, redise\u00f1\u00e9 por completo los caracteres redondos. Si&nbsp;observamos la&nbsp;versi\u00f3n anterior de&nbsp;la&nbsp;fuente y&nbsp;todos los estilos presentados aqu\u00ed, notamos que, en&nbsp;primer lugar, las proporciones de&nbsp;los caracteres rectangulares var\u00edan. Por ejemplo, en&nbsp;el&nbsp;peso Thin, la&nbsp;\u201e\u041d\u201c es&nbsp;extremadamente estrecha, y&nbsp;la&nbsp;relaci\u00f3n entre \u201e\u041d\u201c y&nbsp;\u201e\u041e\u201c en&nbsp;este peso es&nbsp;completamente diferente a&nbsp;la&nbsp;de&nbsp;Regular, Bold y&nbsp;Black. Es&nbsp;decir, la&nbsp;\u201e\u041d\u201c en&nbsp;Thin no&nbsp;solo es&nbsp;muy angosta, sino que adem\u00e1s se&nbsp;percibe mucho m\u00e1s estrecha que la&nbsp;\u201e\u041e\u201c. Mientras la&nbsp;\u201eO\u201c tiende a&nbsp;ser redonda, la&nbsp;\u201e\u041d\u201c est\u00e1 fuertemente estirada en&nbsp;vertical. Sin embargo, en&nbsp;Bold, esta diferencia desaparece, como si&nbsp;la&nbsp;\u201e\u041d\u201c se&nbsp;ensanchara a&nbsp;medida que aumenta el&nbsp;grosor, alterando sus proporciones.\u00bb<\/em><\/p>\n\n\n\n<p style=\"font-size:18px\"><em>\u2014&nbsp;Marina Khodak, l\u00edder de&nbsp;dise\u00f1o en&nbsp;TypeType<\/em><\/p>\n<\/blockquote>\n\n\n\n<p>Lo&nbsp;mismo ocurr\u00eda con los caracteres en&nbsp;min\u00fascula. Si&nbsp;comparamos las letras \u00abo\u00bb y&nbsp;la&nbsp;\u00aba\u00bb de&nbsp;un&nbsp;solo trazo, veremos que en&nbsp;el&nbsp;peso Thin sus proporciones son muy similares: la&nbsp;\u00aba\u00bb es&nbsp;un&nbsp;poco m\u00e1s estrecha que la&nbsp;\u00abo\u00bb, pero sigue tendiendo a&nbsp;ser redonda. Sin embargo, en&nbsp;el&nbsp;siguiente peso, Regular, la&nbsp;\u00aba\u00bb se&nbsp;vuelve m\u00e1s vertical, mientras que la&nbsp;\u00abo\u00bb se&nbsp;ensancha a\u00fan m\u00e1s. A&nbsp;medida que aumenta el&nbsp;grosor, esta tendencia se&nbsp;intensifica, al&nbsp;igual que en&nbsp;los caracteres en&nbsp;may\u00fascula: la&nbsp;\u00aba\u00bb y&nbsp;otros signos similares se&nbsp;estrechan y&nbsp;adquieren una forma m\u00e1s vertical, mientras que la&nbsp;\u00abo\u00bb, por el&nbsp;contrario, se&nbsp;expande en&nbsp;anchura. <\/p>\n\n\n\n<figure class=\"wp-block-image size-full\"><img decoding=\"async\" src=\"https:\/\/typetype.org\/wp-content\/uploads\/TT_Firs_blog_25.webp\" alt=\"\" class=\"wp-image-10000049968\" srcset=\"https:\/\/typetype.org\/es\/wp-content\/uploads\/TT_Firs_blog_25.webp 1440w, https:\/\/typetype.org\/es\/wp-content\/uploads\/TT_Firs_blog_25-1024x271.webp 1024w, https:\/\/typetype.org\/es\/wp-content\/uploads\/TT_Firs_blog_25-1200x318.webp 1200w, https:\/\/typetype.org\/es\/wp-content\/uploads\/TT_Firs_blog_25-768x203.webp 768w, https:\/\/typetype.org\/es\/wp-content\/uploads\/TT_Firs_blog_25-420x111.webp 420w, https:\/\/typetype.org\/es\/wp-content\/uploads\/TT_Firs_blog_25-600x159.webp 600w\" sizes=\"(max-width: 1440px) 100vw, 1440px\" \/><\/figure>\n\n\n\n<p>Adem\u00e1s, si&nbsp;en&nbsp;el&nbsp;peso m\u00e1s ligero los lados izquierdos de&nbsp;la&nbsp;\u00abo\u00bb y&nbsp;la&nbsp;\u00aba\u00bb de&nbsp;un&nbsp;solo trazo son muy similares, a&nbsp;medida que aumenta el&nbsp;grosor, esta semejanza desaparece. Tambi\u00e9n, en&nbsp;el&nbsp;peso Bold, las uniones de&nbsp;los caracteres redondos parecen m\u00e1s ligeras.<\/p>\n\n\n\n<p>M\u00e1s adelante, Marina ajust\u00f3 las proporciones de&nbsp;las letras para solucionar este problema. Lo&nbsp;que result\u00f3 de&nbsp;este cambio lo&nbsp;contaremos y&nbsp;mostraremos a&nbsp;continuaci\u00f3n.<\/p>\n\n\n\n<h4 class=\"wp-block-heading\">Caracteres con semi-\u00f3valos<\/h4>\n\n\n\n<p>El&nbsp;siguiente punto de&nbsp;la&nbsp;revisi\u00f3n fue la&nbsp;falta de&nbsp;coherencia en&nbsp;la&nbsp;relaci\u00f3n y&nbsp;distribuci\u00f3n de&nbsp;las formas ovaladas entre los diferentes estilos. Adem\u00e1s, la&nbsp;altura de&nbsp;los semi-\u00f3valos parece excesiva, especialmente en&nbsp;Thin. La&nbsp;letra \u00ab\u042f\u00bb es&nbsp;m\u00e1s peque\u00f1a y&nbsp;estrecha en&nbsp;comparaci\u00f3n con \u00abP\u00bb, \u00abB\u00bb y&nbsp;\u00ab\u042c\u00bb.<\/p>\n\n\n\n<figure class=\"wp-block-image size-full\"><img decoding=\"async\" src=\"https:\/\/typetype.org\/wp-content\/uploads\/TT_Firs_blog_26.webp\" alt=\"\" class=\"wp-image-10000049969\" srcset=\"https:\/\/typetype.org\/es\/wp-content\/uploads\/TT_Firs_blog_26.webp 1440w, https:\/\/typetype.org\/es\/wp-content\/uploads\/TT_Firs_blog_26-1024x268.webp 1024w, https:\/\/typetype.org\/es\/wp-content\/uploads\/TT_Firs_blog_26-1200x314.webp 1200w, https:\/\/typetype.org\/es\/wp-content\/uploads\/TT_Firs_blog_26-768x201.webp 768w, https:\/\/typetype.org\/es\/wp-content\/uploads\/TT_Firs_blog_26-420x110.webp 420w, https:\/\/typetype.org\/es\/wp-content\/uploads\/TT_Firs_blog_26-600x157.webp 600w\" sizes=\"(max-width: 1440px) 100vw, 1440px\" \/><\/figure>\n\n\n\n<blockquote class=\"wp-block-quote is-layout-flow wp-block-quote-is-layout-flow\">\n<p style=\"font-size:18px\"><em>\u00abPor ejemplo, si&nbsp;comparamos la&nbsp;letra \u201eP\u201c en&nbsp;los pesos Thin y&nbsp;Regular, notamos una diferencia en&nbsp;la&nbsp;proporci\u00f3n. En&nbsp;Regular, la&nbsp;l\u00ednea media est\u00e1 m\u00e1s elevada que en&nbsp;Thin, lo&nbsp;que hace que la&nbsp;letra parezca una peque\u00f1a bandera sobre un&nbsp;palo, como si&nbsp;el&nbsp;\u00f3valo no&nbsp;fuera una parte integral de&nbsp;la&nbsp;letra, sino un&nbsp;elemento a\u00f1adido.\u00bb<\/em><\/p>\n\n\n\n<p style=\"font-size:18px\"><em>\u2014&nbsp;Marina Khodak, l\u00edder de&nbsp;dise\u00f1o en&nbsp;TypeType<\/em><\/p>\n<\/blockquote>\n\n\n\n<p><strong>S, \u0417, J<\/strong><\/p>\n\n\n\n<p>El&nbsp;car\u00e1cter de&nbsp;estas letras se&nbsp;desv\u00eda notablemente del conjunto general, algo especialmente evidente en&nbsp;las min\u00fasculas.<\/p>\n\n\n\n<p>En&nbsp;particular, la&nbsp;parte superior izquierda del semi-\u00f3valo en&nbsp;la&nbsp;\u00ab\u0417\u00bb es&nbsp;demasiado corta. En&nbsp;la&nbsp;\u00abS\u00bb aparece un&nbsp;dinamismo innecesario, y&nbsp;en&nbsp;la&nbsp;\u00abJ\u00bb el&nbsp;terminal es&nbsp;demasiado expresivo. Es&nbsp;la&nbsp;\u00fanica letra de&nbsp;la&nbsp;fuente cuyo terminal est\u00e1 inclinado, mientras que en&nbsp;todos los dem\u00e1s caracteres los cortes de&nbsp;los terminales son horizontales. TT&nbsp;Firs es&nbsp;una grotesca robusta y&nbsp;est\u00e1tica, y&nbsp;si&nbsp;en&nbsp;una fuente de&nbsp;este tipo se&nbsp;introduce dinamismo, debe estar justificado.<\/p>\n\n\n\n<figure class=\"wp-block-image size-full\"><img decoding=\"async\" src=\"https:\/\/typetype.org\/wp-content\/uploads\/TT_Firs_blog_27.webp\" alt=\"\" class=\"wp-image-10000049970\" srcset=\"https:\/\/typetype.org\/es\/wp-content\/uploads\/TT_Firs_blog_27.webp 1440w, https:\/\/typetype.org\/es\/wp-content\/uploads\/TT_Firs_blog_27-1024x439.webp 1024w, https:\/\/typetype.org\/es\/wp-content\/uploads\/TT_Firs_blog_27-1200x514.webp 1200w, https:\/\/typetype.org\/es\/wp-content\/uploads\/TT_Firs_blog_27-768x329.webp 768w, https:\/\/typetype.org\/es\/wp-content\/uploads\/TT_Firs_blog_27-420x180.webp 420w, https:\/\/typetype.org\/es\/wp-content\/uploads\/TT_Firs_blog_27-600x257.webp 600w\" sizes=\"(max-width: 1440px) 100vw, 1440px\" \/><\/figure>\n\n\n\n<h4 class=\"wp-block-heading\">Ligaduras<\/h4>\n\n\n\n<p>Tambi\u00e9n surgieron dudas sobre la&nbsp;coherencia en&nbsp;el&nbsp;conjunto de&nbsp;ligaduras. Por ejemplo, en&nbsp;las min\u00fasculas, la&nbsp;combinaci\u00f3n \u00abfi\u00bb est\u00e1 incluida en&nbsp;la&nbsp;fuente, pero \u00abffi\u00bb no. En&nbsp;las may\u00fasculas, algunas ligaduras no&nbsp;tienen su&nbsp;versi\u00f3n inversa: por ejemplo, existe \u00abAV\u00bb, pero no&nbsp;\u00abVA\u00bb, y&nbsp;hay \u00abTA\u00bb, pero no&nbsp;\u00abAT\u00bb. Esto no&nbsp;es&nbsp;un&nbsp;error en&nbsp;s\u00ed&nbsp;mismo, pero invita a&nbsp;reflexionar sobre la&nbsp;l\u00f3gica detr\u00e1s de&nbsp;estas decisiones.<\/p>\n\n\n\n<figure class=\"wp-block-image size-full\"><img decoding=\"async\" src=\"https:\/\/typetype.org\/wp-content\/uploads\/TT_Firs_blog_28.webp\" alt=\"\" class=\"wp-image-10000049971\" srcset=\"https:\/\/typetype.org\/es\/wp-content\/uploads\/TT_Firs_blog_28.webp 1440w, https:\/\/typetype.org\/es\/wp-content\/uploads\/TT_Firs_blog_28-1024x294.webp 1024w, https:\/\/typetype.org\/es\/wp-content\/uploads\/TT_Firs_blog_28-1200x345.webp 1200w, https:\/\/typetype.org\/es\/wp-content\/uploads\/TT_Firs_blog_28-768x221.webp 768w, https:\/\/typetype.org\/es\/wp-content\/uploads\/TT_Firs_blog_28-420x121.webp 420w, https:\/\/typetype.org\/es\/wp-content\/uploads\/TT_Firs_blog_28-600x173.webp 600w\" sizes=\"(max-width: 1440px) 100vw, 1440px\" \/><\/figure>\n\n\n\n<p>Tambi\u00e9n hay inconsistencias en&nbsp;la&nbsp;l\u00f3gica de&nbsp;las ligaduras entre los distintos pesos. Por ejemplo, en&nbsp;la&nbsp;ligadura \u00abAR\u00bb en&nbsp;Thin, la&nbsp;\u00abA\u00bb es&nbsp;m\u00e1s estrecha que la&nbsp;\u00abR\u00bb, pero en&nbsp;Black la&nbsp;proporci\u00f3n cambia: la&nbsp;\u00abA\u00bb se&nbsp;ensancha significativamente y&nbsp;ocupa casi la&nbsp;misma superficie que la&nbsp;\u00abR\u00bb. Lo&nbsp;mismo ocurre en&nbsp;la&nbsp;ligadura \u00abRJ\u00bb.<\/p>\n\n\n\n<figure class=\"wp-block-image size-full\"><img decoding=\"async\" src=\"https:\/\/typetype.org\/wp-content\/uploads\/TT_Firs_blog_29.webp\" alt=\"\" class=\"wp-image-10000049972\" srcset=\"https:\/\/typetype.org\/es\/wp-content\/uploads\/TT_Firs_blog_29.webp 1440w, https:\/\/typetype.org\/es\/wp-content\/uploads\/TT_Firs_blog_29-1024x396.webp 1024w, https:\/\/typetype.org\/es\/wp-content\/uploads\/TT_Firs_blog_29-1200x464.webp 1200w, https:\/\/typetype.org\/es\/wp-content\/uploads\/TT_Firs_blog_29-768x297.webp 768w, https:\/\/typetype.org\/es\/wp-content\/uploads\/TT_Firs_blog_29-420x162.webp 420w, https:\/\/typetype.org\/es\/wp-content\/uploads\/TT_Firs_blog_29-600x232.webp 600w\" sizes=\"(max-width: 1440px) 100vw, 1440px\" \/><\/figure>\n\n\n\n<p>En&nbsp;la&nbsp;ligadura \u00abLA\u00bb la&nbsp;uni\u00f3n es&nbsp;extra\u00f1a&nbsp;y, adem\u00e1s, var\u00eda entre los diferentes pesos.<\/p>\n\n\n\n<figure class=\"wp-block-image size-full\"><img decoding=\"async\" src=\"https:\/\/typetype.org\/wp-content\/uploads\/TT_Firs_blog_30.webp\" alt=\"\" class=\"wp-image-10000049973\" srcset=\"https:\/\/typetype.org\/es\/wp-content\/uploads\/TT_Firs_blog_30.webp 1440w, https:\/\/typetype.org\/es\/wp-content\/uploads\/TT_Firs_blog_30-1024x393.webp 1024w, https:\/\/typetype.org\/es\/wp-content\/uploads\/TT_Firs_blog_30-1200x461.webp 1200w, https:\/\/typetype.org\/es\/wp-content\/uploads\/TT_Firs_blog_30-768x295.webp 768w, https:\/\/typetype.org\/es\/wp-content\/uploads\/TT_Firs_blog_30-420x161.webp 420w, https:\/\/typetype.org\/es\/wp-content\/uploads\/TT_Firs_blog_30-600x230.webp 600w\" sizes=\"(max-width: 1440px) 100vw, 1440px\" \/><\/figure>\n\n\n\n<p>Otra decisi\u00f3n peculiar es&nbsp;la&nbsp;l\u00ednea horizontal compartida en&nbsp;la&nbsp;ligadura \u00abEA\u00bb. Por s\u00ed&nbsp;sola, es&nbsp;una idea interesante, pero no&nbsp;est\u00e1 completamente resuelta, ya&nbsp;que en&nbsp;el&nbsp;peso Black todo se&nbsp;fusiona y&nbsp;la&nbsp;ligadura comienza a&nbsp;leerse como la&nbsp;cir\u00edlica \u00ab\u0411\u0410\u00bb, debido a&nbsp;que la&nbsp;parte inferior de&nbsp;la&nbsp;\u00abE\u00bb se&nbsp;cierra en&nbsp;un&nbsp;\u00f3valo.<\/p>\n\n\n\n<figure class=\"wp-block-image size-full\"><img decoding=\"async\" src=\"https:\/\/typetype.org\/wp-content\/uploads\/TT_Firs_blog_31.webp\" alt=\"\" class=\"wp-image-10000049974\" srcset=\"https:\/\/typetype.org\/es\/wp-content\/uploads\/TT_Firs_blog_31.webp 1440w, https:\/\/typetype.org\/es\/wp-content\/uploads\/TT_Firs_blog_31-1024x395.webp 1024w, https:\/\/typetype.org\/es\/wp-content\/uploads\/TT_Firs_blog_31-1200x463.webp 1200w, https:\/\/typetype.org\/es\/wp-content\/uploads\/TT_Firs_blog_31-768x297.webp 768w, https:\/\/typetype.org\/es\/wp-content\/uploads\/TT_Firs_blog_31-420x162.webp 420w, https:\/\/typetype.org\/es\/wp-content\/uploads\/TT_Firs_blog_31-600x232.webp 600w\" sizes=\"(max-width: 1440px) 100vw, 1440px\" \/><\/figure>\n\n\n\n<p>La&nbsp;ligadura \u00abTE\u00bb tambi\u00e9n luce extra\u00f1a y&nbsp;recuerda a&nbsp;un&nbsp;peine. Cuando una letra empieza a&nbsp;parecerse a&nbsp;otra cosa, se&nbsp;convierte m\u00e1s en&nbsp;un&nbsp;s\u00edmbolo o&nbsp;una ilustraci\u00f3n. Lo&nbsp;m\u00e1s probable es&nbsp;que, al&nbsp;dise\u00f1arla, se&nbsp;haya exagerado el&nbsp;tratamiento gr\u00e1fico.<\/p>\n\n\n\n<figure class=\"wp-block-image size-full\"><img decoding=\"async\" src=\"https:\/\/typetype.org\/wp-content\/uploads\/TT_Firs_blog_32.webp\" alt=\"\" class=\"wp-image-10000049975\" srcset=\"https:\/\/typetype.org\/es\/wp-content\/uploads\/TT_Firs_blog_32.webp 1440w, https:\/\/typetype.org\/es\/wp-content\/uploads\/TT_Firs_blog_32-1024x512.webp 1024w, https:\/\/typetype.org\/es\/wp-content\/uploads\/TT_Firs_blog_32-1200x600.webp 1200w, https:\/\/typetype.org\/es\/wp-content\/uploads\/TT_Firs_blog_32-768x384.webp 768w, https:\/\/typetype.org\/es\/wp-content\/uploads\/TT_Firs_blog_32-420x210.webp 420w, https:\/\/typetype.org\/es\/wp-content\/uploads\/TT_Firs_blog_32-600x300.webp 600w\" sizes=\"(max-width: 1440px) 100vw, 1440px\" \/><\/figure>\n\n\n\n<p>Y&nbsp;luego est\u00e1 la&nbsp;ligadura \u00abAT\u00bb, que, lamentablemente, es&nbsp;casi ilegible debido a&nbsp;su&nbsp;forma excesivamente compleja.<\/p>\n\n\n\n<figure class=\"wp-block-image size-full\"><img decoding=\"async\" src=\"https:\/\/typetype.org\/wp-content\/uploads\/TT_Firs_blog_33.webp\" alt=\"\" class=\"wp-image-10000049976\" srcset=\"https:\/\/typetype.org\/es\/wp-content\/uploads\/TT_Firs_blog_33.webp 1440w, https:\/\/typetype.org\/es\/wp-content\/uploads\/TT_Firs_blog_33-1024x512.webp 1024w, https:\/\/typetype.org\/es\/wp-content\/uploads\/TT_Firs_blog_33-1200x600.webp 1200w, https:\/\/typetype.org\/es\/wp-content\/uploads\/TT_Firs_blog_33-768x384.webp 768w, https:\/\/typetype.org\/es\/wp-content\/uploads\/TT_Firs_blog_33-420x210.webp 420w, https:\/\/typetype.org\/es\/wp-content\/uploads\/TT_Firs_blog_33-600x300.webp 600w\" sizes=\"(max-width: 1440px) 100vw, 1440px\" \/><\/figure>\n\n\n\n<h4 class=\"wp-block-heading\">Peso Regular demasiado grueso<\/h4>\n\n\n\n<p>Despu\u00e9s de&nbsp;la&nbsp;primera actualizaci\u00f3n de&nbsp;TT&nbsp;Firs, el&nbsp;peso Regular parec\u00eda excesivamente grueso, lo&nbsp;que se&nbsp;debi\u00f3 a&nbsp;la&nbsp;migraci\u00f3n de&nbsp;la&nbsp;fuente de&nbsp;FontLab 5&nbsp;a Glyphs. Determinamos que el&nbsp;grosor era excesivo compar\u00e1ndolo con la&nbsp;distribuci\u00f3n de&nbsp;pesos en&nbsp;una gran cantidad de&nbsp;familias tipogr\u00e1ficas. Los usuarios tienen ciertas expectativas sobre c\u00f3mo deber\u00eda verse aproximadamente un&nbsp;peso Regular o&nbsp;Bold, mientras que los dise\u00f1adores tipogr\u00e1ficos cuentan con referencias num\u00e9ricas precisas.<\/p>\n\n\n\n<figure class=\"wp-block-image size-full\"><img decoding=\"async\" src=\"https:\/\/typetype.org\/wp-content\/uploads\/TT_Firs_blog_34.gif\" alt=\"\" class=\"wp-image-10000033967\"\/><\/figure>\n\n\n\n<p>Antonina Zhulkova propuso la&nbsp;siguiente soluci\u00f3n: tomar todos los valores del antiguo TT&nbsp;Firs Neue y&nbsp;hacer que el&nbsp;peso Regular fuera \u00abforzadamente\u00bb un&nbsp;poco m\u00e1s ligero. En&nbsp;ese momento, esta parec\u00eda la&nbsp;opci\u00f3n m\u00e1s adecuada, ya&nbsp;que pens\u00e1bamos que ser\u00eda una actualizaci\u00f3n r\u00e1pida y&nbsp;solo realizar\u00edamos ajustes superficiales en&nbsp;la&nbsp;fuente. Sin embargo, cuando decidimos hacer una revisi\u00f3n completa, Marina Khodak encontr\u00f3 otra soluci\u00f3n, de&nbsp;la&nbsp;cual hablaremos m\u00e1s adelante. <\/p>\n\n\n\n<h4 class=\"wp-block-heading\">Conjunto estil\u00edstico incoherente<\/h4>\n\n\n\n<p>Arriba mencionamos que en el primer TT Firs, adem\u00e1s de numerosas ligaduras interesantes, exist\u00eda un conjunto con diacr\u00edticos integrados. El problema era que estos diacr\u00edticos solo estaban presentes en algunos caracteres y, adem\u00e1s, se ve\u00edan de manera inconsistente. En algunos casos estaban pegados a las letras, en otros simplemente se colocaban m\u00e1s abajo con una forma aplanada, en ciertos caracteres se integraban completamente en el dise\u00f1o y en otros directamente no aparec\u00edan. Era necesario unificar la l\u00f3gica detr\u00e1s de su aplicaci\u00f3n.<\/p>\n\n\n\n<p>Las diferencias tambi\u00e9n se notaban entre los distintos pesos. Por ejemplo, en la ic\u00f3nica \u201cO\u201d con \u201corejas\u201d, la di\u00e9resis solo se integraba en el car\u00e1cter en el peso m\u00e1s grueso. En Thin, los puntos aparec\u00edan separados de la letra, mientras que en Regular parec\u00edan estar \u201cadheridos\u201d a ella. Lo mismo ocurr\u00eda en la \u201cA\u201d y en varios otros caracteres. Esta falta de coherencia hac\u00eda que el dise\u00f1o se viera inconsistente y requer\u00eda una soluci\u00f3n unificada.<\/p>\n\n\n\n<figure class=\"wp-block-image size-full\"><img decoding=\"async\" src=\"https:\/\/typetype.org\/wp-content\/uploads\/TT_Firs_blog_35.webp\" alt=\"\" class=\"wp-image-10000049977\" srcset=\"https:\/\/typetype.org\/es\/wp-content\/uploads\/TT_Firs_blog_35.webp 1440w, https:\/\/typetype.org\/es\/wp-content\/uploads\/TT_Firs_blog_35-1024x442.webp 1024w, https:\/\/typetype.org\/es\/wp-content\/uploads\/TT_Firs_blog_35-1200x518.webp 1200w, https:\/\/typetype.org\/es\/wp-content\/uploads\/TT_Firs_blog_35-768x332.webp 768w, https:\/\/typetype.org\/es\/wp-content\/uploads\/TT_Firs_blog_35-420x181.webp 420w, https:\/\/typetype.org\/es\/wp-content\/uploads\/TT_Firs_blog_35-600x259.webp 600w\" sizes=\"(max-width: 1440px) 100vw, 1440px\" \/><\/figure>\n\n\n\n<h4 class=\"wp-block-heading\">Ampliaci\u00f3n del conjunto de caracteres<\/h4>\n\n\n\n<p>En la cir\u00edlica ampliada, para todos los registros (may\u00fasculas, min\u00fasculas y versalitas), el conjunto de idiomas no cumpl\u00eda con nuestros est\u00e1ndares actuales.<\/p>\n\n\n\n<figure class=\"wp-block-image size-full\"><img decoding=\"async\" src=\"https:\/\/typetype.org\/wp-content\/uploads\/TT_Firs_blog_36.webp\" alt=\"\" class=\"wp-image-10000049978\" srcset=\"https:\/\/typetype.org\/es\/wp-content\/uploads\/TT_Firs_blog_36.webp 1440w, https:\/\/typetype.org\/es\/wp-content\/uploads\/TT_Firs_blog_36-1024x312.webp 1024w, https:\/\/typetype.org\/es\/wp-content\/uploads\/TT_Firs_blog_36-1200x366.webp 1200w, https:\/\/typetype.org\/es\/wp-content\/uploads\/TT_Firs_blog_36-768x234.webp 768w, https:\/\/typetype.org\/es\/wp-content\/uploads\/TT_Firs_blog_36-420x128.webp 420w, https:\/\/typetype.org\/es\/wp-content\/uploads\/TT_Firs_blog_36-600x183.webp 600w\" sizes=\"(max-width: 1440px) 100vw, 1440px\" \/><\/figure>\n\n\n\n<p>Faltan n\u00fameros en c\u00edrculos, fracciones y cifras en versalitas.<\/p>\n\n\n\n<figure class=\"wp-block-image size-full\"><img decoding=\"async\" src=\"https:\/\/typetype.org\/wp-content\/uploads\/TT_Firs_blog_37.webp\" alt=\"\" class=\"wp-image-10000049979\" srcset=\"https:\/\/typetype.org\/es\/wp-content\/uploads\/TT_Firs_blog_37.webp 1440w, https:\/\/typetype.org\/es\/wp-content\/uploads\/TT_Firs_blog_37-1024x252.webp 1024w, https:\/\/typetype.org\/es\/wp-content\/uploads\/TT_Firs_blog_37-1200x295.webp 1200w, https:\/\/typetype.org\/es\/wp-content\/uploads\/TT_Firs_blog_37-768x189.webp 768w, https:\/\/typetype.org\/es\/wp-content\/uploads\/TT_Firs_blog_37-420x103.webp 420w, https:\/\/typetype.org\/es\/wp-content\/uploads\/TT_Firs_blog_37-600x148.webp 600w\" sizes=\"(max-width: 1440px) 100vw, 1440px\" \/><\/figure>\n\n\n\n<h4 class=\"wp-block-heading\">Otras observaciones<\/h4>\n\n\n\n<p>La gr\u00e1fica de varios caracteres necesitaba revisi\u00f3n. Por ejemplo, hab\u00eda inconsistencias en los conjuntos estil\u00edsticos: en el alfabeto cir\u00edlico, exist\u00eda un conjunto con patas ornamentadas en las letras \u201c\u041a\u201d y \u201c\u0416\u201d, pero la letra relacionada \u201c\u042f\u201d no ten\u00eda esta caracter\u00edstica. El trazo medio de la \u201cE\u201d era demasiado corto. El \u00f3valo en la \u201cg\u201d de dos pisos resultaba dominante y parec\u00eda desequilibrado. Antonina propuso marcar m\u00e1s la diferencia entre los \u00f3valos y ajustar la posici\u00f3n del travesa\u00f1o que los une. El elemento con forma de llama en la \u201c\u0431\u201d hac\u00eda que la letra se asemejara demasiado al n\u00famero 6.<\/p>\n\n\n\n<figure class=\"wp-block-image size-full\"><img decoding=\"async\" src=\"https:\/\/typetype.org\/wp-content\/uploads\/TT_Firs_blog_38.webp\" alt=\"\" class=\"wp-image-10000049980\" srcset=\"https:\/\/typetype.org\/es\/wp-content\/uploads\/TT_Firs_blog_38.webp 1440w, https:\/\/typetype.org\/es\/wp-content\/uploads\/TT_Firs_blog_38-1024x336.webp 1024w, https:\/\/typetype.org\/es\/wp-content\/uploads\/TT_Firs_blog_38-1200x394.webp 1200w, https:\/\/typetype.org\/es\/wp-content\/uploads\/TT_Firs_blog_38-768x252.webp 768w, https:\/\/typetype.org\/es\/wp-content\/uploads\/TT_Firs_blog_38-420x138.webp 420w, https:\/\/typetype.org\/es\/wp-content\/uploads\/TT_Firs_blog_38-600x197.webp 600w\" sizes=\"(max-width: 1440px) 100vw, 1440px\" \/><\/figure>\n\n\n\n<p>Las \u201crepisas\u201d en los puntos de uni\u00f3n, como en la \u201cn\u201d, est\u00e1n dise\u00f1adas para la compensaci\u00f3n \u00f3ptica. En Thin, la anchura de este elemento es de solo 1 punto, por lo que deber\u00eda ser m\u00e1s visible o eliminarse por completo.<\/p>\n\n\n\n<figure class=\"wp-block-image size-full\"><img decoding=\"async\" src=\"https:\/\/typetype.org\/wp-content\/uploads\/TT_Firs_blog_39.webp\" alt=\"\" class=\"wp-image-10000049982\" srcset=\"https:\/\/typetype.org\/es\/wp-content\/uploads\/TT_Firs_blog_39.webp 1440w, https:\/\/typetype.org\/es\/wp-content\/uploads\/TT_Firs_blog_39-1024x331.webp 1024w, https:\/\/typetype.org\/es\/wp-content\/uploads\/TT_Firs_blog_39-1200x388.webp 1200w, https:\/\/typetype.org\/es\/wp-content\/uploads\/TT_Firs_blog_39-768x248.webp 768w, https:\/\/typetype.org\/es\/wp-content\/uploads\/TT_Firs_blog_39-420x136.webp 420w, https:\/\/typetype.org\/es\/wp-content\/uploads\/TT_Firs_blog_39-600x194.webp 600w\" sizes=\"(max-width: 1440px) 100vw, 1440px\" \/><\/figure>\n\n\n\n<p>La parte superior del asta en la \u201cn\u201d, a la izquierda del arco, tiene el mismo grosor que el resto. Antonina propuso hacer esta \u00abpunta\u00bb m\u00e1s estrecha. A menudo se reduce ligeramente su grosor en comparaci\u00f3n con el asta principal para que no parezca tan masiva.<\/p>\n\n\n\n<figure class=\"wp-block-image size-full\"><img decoding=\"async\" src=\"https:\/\/typetype.org\/wp-content\/uploads\/TT_Firs_blog_40.webp\" alt=\"\" class=\"wp-image-10000049983\" srcset=\"https:\/\/typetype.org\/es\/wp-content\/uploads\/TT_Firs_blog_40.webp 1440w, https:\/\/typetype.org\/es\/wp-content\/uploads\/TT_Firs_blog_40-1024x315.webp 1024w, https:\/\/typetype.org\/es\/wp-content\/uploads\/TT_Firs_blog_40-1200x369.webp 1200w, https:\/\/typetype.org\/es\/wp-content\/uploads\/TT_Firs_blog_40-768x236.webp 768w, https:\/\/typetype.org\/es\/wp-content\/uploads\/TT_Firs_blog_40-420x129.webp 420w, https:\/\/typetype.org\/es\/wp-content\/uploads\/TT_Firs_blog_40-600x185.webp 600w\" sizes=\"(max-width: 1440px) 100vw, 1440px\" \/><\/figure>\n\n\n\n<p>Diacr\u00edticos inconsistentes. La breve cir\u00edlica y latina son id\u00e9nticas en algunos pesos, mientras que en otros presentan diferencias. El ogonek es demasiado caligr\u00e1fico y no encaja con el car\u00e1cter de la fuente.<\/p>\n\n\n\n<figure class=\"wp-block-image size-full\"><img decoding=\"async\" src=\"https:\/\/typetype.org\/wp-content\/uploads\/TT_Firs_blog_41.webp\" alt=\"\" class=\"wp-image-10000049984\" srcset=\"https:\/\/typetype.org\/es\/wp-content\/uploads\/TT_Firs_blog_41.webp 1440w, https:\/\/typetype.org\/es\/wp-content\/uploads\/TT_Firs_blog_41-1024x512.webp 1024w, https:\/\/typetype.org\/es\/wp-content\/uploads\/TT_Firs_blog_41-1200x600.webp 1200w, https:\/\/typetype.org\/es\/wp-content\/uploads\/TT_Firs_blog_41-768x384.webp 768w, https:\/\/typetype.org\/es\/wp-content\/uploads\/TT_Firs_blog_41-420x210.webp 420w, https:\/\/typetype.org\/es\/wp-content\/uploads\/TT_Firs_blog_41-600x300.webp 600w\" sizes=\"(max-width: 1440px) 100vw, 1440px\" \/><\/figure>\n\n\n\n<p>Y, por supuesto, la nueva gr\u00e1fica requer\u00eda el mejor espaciado y hinting.<\/p>\n\n\n\n<h3 class=\"wp-block-heading\">Parte 2: redise\u00f1o de la fuente<\/h3>\n\n\n\n<p>En esta etapa, la l\u00edder de dise\u00f1o Marina Khodak asumi\u00f3 la direcci\u00f3n del proyecto. Bas\u00e1ndose en la investigaci\u00f3n de Antonina Zhulkova y encontrando sus propias soluciones en el proceso, comenz\u00f3 la completa revisi\u00f3n de TT Firs Neue hasta la versi\u00f3n 2.000, pr\u00e1cticamente reconstruyendo la fuente desde cero.<\/p>\n\n\n\n<p>Veamos los cambios m\u00e1s significativos.<\/p>\n\n\n\n<h4 class=\"wp-block-heading\">Se equilibr\u00f3 el peso Regular<\/h4>\n\n\n\n<p>Regular es el peso principal de la familia tipogr\u00e1fica. El objetivo era permitir que el usuario pudiera reemplazar sin problemas el antiguo TT Firs en Regular por TT Firs Neue sin que el texto se viera m\u00e1s grueso. Por ello, era fundamental que los pesos principales mantuvieran una coherencia aproximada con la mayor\u00eda de las familias tipogr\u00e1ficas.<\/p>\n\n\n\n<blockquote class=\"wp-block-quote is-layout-flow wp-block-quote-is-layout-flow\">\n<p style=\"font-size:18px\"><em>\u00abCuando nos dimos cuenta de que est\u00e1bamos realizando una revisi\u00f3n m\u00e1s profunda de la fuente, recalculamos los pesos desde cero. Como resultado, en TT Firs Neue 2.000, el grosor del peso Regular qued\u00f3 en 70 puntos, que es el valor correcto. Adem\u00e1s, a\u00f1adimos el peso Normal con un grosor de asta de 90 puntos. Actualmente, lo incluimos con frecuencia en nuestras grotescas, ya que es bastante demandado. En TT Firs Neue, el peso Regular ten\u00eda 90 puntos, mientras que en la nueva versi\u00f3n es de 70. Sin embargo, mantuvimos el valor 90 para aquellos usuarios a los que les gustaba este peso en la versi\u00f3n anterior de la fuente.\u00bb<\/em><\/p>\n\n\n\n<p style=\"font-size:18px\"><em>\u2014 Marina Khodak, l\u00edder de dise\u00f1o en TypeType<\/em><\/p>\n<\/blockquote>\n\n\n\n<figure class=\"wp-block-image size-full\"><img decoding=\"async\" src=\"https:\/\/typetype.org\/wp-content\/uploads\/TT_Firs_blog_42.gif\" alt=\"\" class=\"wp-image-10000049868\"\/><\/figure>\n\n\n\n<h4 class=\"wp-block-heading\">Se unific\u00f3 la l\u00f3gica del conjunto con diacr\u00edticos integrados<\/h4>\n\n\n\n<p>Para unificar la l\u00f3gica de los diacr\u00edticos, Marina analiz\u00f3 la frecuencia de uso de los caracteres en los idiomas escandinavos.<\/p>\n\n\n\n<blockquote class=\"wp-block-quote is-layout-flow wp-block-quote-is-layout-flow\">\n<p style=\"font-size:18px\"><em>\u00abEn nuestra fuente, existe un conjunto con diacr\u00edticos integrados, as\u00ed que decid\u00ed averiguar qu\u00e9 l\u00f3gica se hab\u00eda seguido para a\u00f1adirlos y por qu\u00e9 solo estaban presentes en ciertos caracteres. Ten\u00eda la hip\u00f3tesis de que solo se hab\u00edan incluido en las letras utilizadas en los idiomas escandinavos: sueco, noruego, island\u00e9s y dan\u00e9s. El fin\u00e9s no pertenece a la familia de lenguas escandinavas, pero suele incluirse en esta clasificaci\u00f3n por razones geogr\u00e1ficas. Tambi\u00e9n consider\u00e9 el ingl\u00e9s, por ser el idioma m\u00e1s extendido, y el ruso junto con otros idiomas cir\u00edlicos, ya que son lenguas que hablamos. Sin embargo, mi hip\u00f3tesis no se confirm\u00f3: result\u00f3 que no todas las letras m\u00e1s frecuentes de estos idiomas estaban representadas en el conjunto. Finalmente, decidimos incluir diacr\u00edticos integrados en todas las may\u00fasculas. Esta soluci\u00f3n se convirti\u00f3 en una caracter\u00edstica distintiva de la fuente, permitiendo estilizar pr\u00e1cticamente cualquier texto que utilice caracteres diacr\u00edticos.\u00bb<\/em><\/p>\n\n\n\n<p style=\"font-size:18px\"><em>\u2014 Marina Khodak, l\u00edder de dise\u00f1o en TypeType<\/em><\/p>\n<\/blockquote>\n\n\n\n<figure class=\"wp-block-image size-full\"><img decoding=\"async\" src=\"https:\/\/typetype.org\/wp-content\/uploads\/TT_Firs_blog_43.gif\" alt=\"\" class=\"wp-image-10000033975\"\/><\/figure>\n\n\n\n<p>Adem\u00e1s del conjunto ss13 con diacr\u00edticos integrados, a\u00f1adimos el conjunto ss14, donde los diacr\u00edticos se incorporan dentro de las letras.<\/p>\n\n\n\n<figure class=\"wp-block-image size-full\"><img decoding=\"async\" src=\"https:\/\/typetype.org\/wp-content\/uploads\/TT_Firs_blog_44.gif\" alt=\"\" class=\"wp-image-10000033976\"\/><\/figure>\n\n\n\n<blockquote class=\"wp-block-quote is-layout-flow wp-block-quote-is-layout-flow\">\n<p style=\"font-size:18px\"><em>\u00abEn TT Firs Neue 2.000, la l\u00f3gica de los conjuntos estil\u00edsticos ha sido cuidadosamente dise\u00f1ada. Sin embargo, muchos dise\u00f1adores no los utilizan, ya sea porque desconocen su existencia o porque encuentran este recurso poco pr\u00e1ctico para su flujo de trabajo.<\/em><\/p>\n\n\n\n<p style=\"font-size:18px\"><em>Por eso, siempre recomendamos revisar el esp\u00e9cimen tipogr\u00e1fico antes de instalar la fuente, para conocer todas las posibilidades que ofrece. Dentro de ella hay una gran cantidad de funciones que pueden y deben aprovecharse, permitiendo que la fuente se descubra desde una nueva perspectiva y cobre una nueva vida.\u00bb<\/em><\/p>\n\n\n\n<p style=\"font-size:18px\"><em>\u2014 Ivan Gladkikh, CTO y cofundador de TypeType<\/em><\/p>\n<\/blockquote>\n\n\n\n<figure class=\"wp-block-image size-full\"><img decoding=\"async\" src=\"https:\/\/typetype.org\/wp-content\/uploads\/TT_Firs_blog_45.gif\" alt=\"\" class=\"wp-image-10000033977\"\/><\/figure>\n\n\n\n<p>Para m\u00e1s detalles sobre c\u00f3mo encontrar y utilizar los conjuntos estil\u00edsticos y otras funciones, lee nuestro <a href=\"https:\/\/typetype.org\/es\/blog\/fonts-hidden-capabilities\/\">art\u00edculo<\/a>.<\/p>\n\n\n\n<h4 class=\"wp-block-heading\">Se redise\u00f1aron las ligaduras<\/h4>\n\n\n\n<p>En la versi\u00f3n anterior, las ligaduras no estaban completamente desarrolladas. Marina parti\u00f3 del hecho de que nuestra fuente pertenece a la categor\u00eda de grotescas escandinavas, por lo que llev\u00f3 a cabo una investigaci\u00f3n en esta direcci\u00f3n.<\/p>\n\n\n\n<blockquote class=\"wp-block-quote is-layout-flow wp-block-quote-is-layout-flow\">\n<p style=\"font-size:18px\"><em>\u00abTom\u00e9 combinaciones de letras de los idiomas escandinavos que se usan con mayor frecuencia. Podr\u00edamos haber creado ligaduras basadas en ellas, pero el problema es que no siempre se ven arm\u00f3nicas al combinarlas. Por eso elegimos dos enfoques l\u00f3gicos: primero, la frecuencia; segundo, combinaciones gr\u00e1ficamente bellas e interesantes. Bas\u00e1ndonos en esta investigaci\u00f3n y en esta l\u00f3gica, creamos las parejas que incluimos en la fuente\u00bb.<\/em><\/p>\n\n\n\n<p style=\"font-size:18px\"><em>\u2014 Marina Khodak, l\u00edder de dise\u00f1o en TypeType<\/em><\/p>\n<\/blockquote>\n\n\n\n<p>Aqu\u00ed algunos ejemplos de ligaduras interesantes que hemos creado:<\/p>\n\n\n\n<ul class=\"wp-block-list\">\n<li>La poco convencional \u00abDE\u00bb.<\/li>\n\n\n\n<li>En \u00abE\u00d0\u00bb y \u00abF\u00d0\u00bb mantuvimos la continuidad del recurso de la versi\u00f3n anterior con una horizontal compartida.<\/li>\n\n\n\n<li>La forma de la letra \u00abG\u00bb, frecuente en la tipograf\u00eda escandinava, ya estaba bien establecida en la versi\u00f3n anterior de la fuente. Ahora pudimos incorporarla en ligaduras, creando una armon\u00eda visual mediante el acento horizontal com\u00fan con \u00abE\u00d0\u00bb y \u00abF\u00d0\u00bb.<\/li>\n\n\n\n<li>Las ligaduras con letras \u00abdobles\u00bb provienen del idioma fin\u00e9s.<\/li>\n\n\n\n<li>\u00abWE\u00bb tiene un aspecto particularmente interesante.<\/li>\n<\/ul>\n\n\n\n<figure class=\"wp-block-image size-full\"><img decoding=\"async\" src=\"https:\/\/typetype.org\/wp-content\/uploads\/TT_Firs_blog_46.webp\" alt=\"\" class=\"wp-image-10000049985\" srcset=\"https:\/\/typetype.org\/es\/wp-content\/uploads\/TT_Firs_blog_46.webp 1440w, https:\/\/typetype.org\/es\/wp-content\/uploads\/TT_Firs_blog_46-1024x256.webp 1024w, https:\/\/typetype.org\/es\/wp-content\/uploads\/TT_Firs_blog_46-1200x300.webp 1200w, https:\/\/typetype.org\/es\/wp-content\/uploads\/TT_Firs_blog_46-768x192.webp 768w, https:\/\/typetype.org\/es\/wp-content\/uploads\/TT_Firs_blog_46-420x105.webp 420w, https:\/\/typetype.org\/es\/wp-content\/uploads\/TT_Firs_blog_46-600x150.webp 600w\" sizes=\"(max-width: 1440px) 100vw, 1440px\" \/><\/figure>\n\n\n\n<p>En la versi\u00f3n anterior, hab\u00eda muchas ligaduras espec\u00edficas para may\u00fasculas; estas han cambiado significativamente, pero la l\u00f3gica se mantuvo. En <a href=\"https:\/\/typetype.org\/es\/fonts\/tt-firs-neue\/\">TT Firs Neue<\/a> 2.000 hay dos tipos de ligaduras: las simples y las del conjunto ss15 (letra dentro de letra).<\/p>\n\n\n\n<figure class=\"wp-block-image size-full\"><img decoding=\"async\" src=\"https:\/\/typetype.org\/wp-content\/uploads\/TT_Firs_blog_47.webp\" alt=\"\" class=\"wp-image-10000049986\" srcset=\"https:\/\/typetype.org\/es\/wp-content\/uploads\/TT_Firs_blog_47.webp 1440w, https:\/\/typetype.org\/es\/wp-content\/uploads\/TT_Firs_blog_47-1024x238.webp 1024w, https:\/\/typetype.org\/es\/wp-content\/uploads\/TT_Firs_blog_47-1200x279.webp 1200w, https:\/\/typetype.org\/es\/wp-content\/uploads\/TT_Firs_blog_47-768x179.webp 768w, https:\/\/typetype.org\/es\/wp-content\/uploads\/TT_Firs_blog_47-420x98.webp 420w, https:\/\/typetype.org\/es\/wp-content\/uploads\/TT_Firs_blog_47-600x140.webp 600w\" sizes=\"(max-width: 1440px) 100vw, 1440px\" \/><\/figure>\n\n\n\n<p>Todas las ligaduras y los diacr\u00edticos fueron revisados directamente en composici\u00f3n para asegurar que tuvieran una buena apariencia en el texto.<\/p>\n\n\n\n<figure class=\"wp-block-image size-full\"><img decoding=\"async\" src=\"https:\/\/typetype.org\/wp-content\/uploads\/TT_Firs_blog_48.webp\" alt=\"\" class=\"wp-image-10000049987\" srcset=\"https:\/\/typetype.org\/es\/wp-content\/uploads\/TT_Firs_blog_48.webp 1440w, https:\/\/typetype.org\/es\/wp-content\/uploads\/TT_Firs_blog_48-1024x462.webp 1024w, https:\/\/typetype.org\/es\/wp-content\/uploads\/TT_Firs_blog_48-1200x541.webp 1200w, https:\/\/typetype.org\/es\/wp-content\/uploads\/TT_Firs_blog_48-768x346.webp 768w, https:\/\/typetype.org\/es\/wp-content\/uploads\/TT_Firs_blog_48-420x189.webp 420w, https:\/\/typetype.org\/es\/wp-content\/uploads\/TT_Firs_blog_48-600x270.webp 600w\" sizes=\"(max-width: 1440px) 100vw, 1440px\" \/><\/figure>\n\n\n\n<h4 class=\"wp-block-heading\">Se ampli\u00f3 la compatibilidad con idiomas basados en el alfabeto cir\u00edlico<\/h4>\n\n\n\n<p>En la versi\u00f3n actualizada de la fuente a\u00f1adimos un amplio soporte ling\u00fc\u00edstico, prestando especial atenci\u00f3n a los idiomas basados en el alfabeto cir\u00edlico.<\/p>\n\n\n\n<figure class=\"wp-block-image size-full\"><img decoding=\"async\" src=\"https:\/\/typetype.org\/wp-content\/uploads\/TT_Firs_blog_50.webp\" alt=\"\" class=\"wp-image-10000049988\" srcset=\"https:\/\/typetype.org\/es\/wp-content\/uploads\/TT_Firs_blog_50.webp 1440w, https:\/\/typetype.org\/es\/wp-content\/uploads\/TT_Firs_blog_50-1024x443.webp 1024w, https:\/\/typetype.org\/es\/wp-content\/uploads\/TT_Firs_blog_50-1200x519.webp 1200w, https:\/\/typetype.org\/es\/wp-content\/uploads\/TT_Firs_blog_50-768x332.webp 768w, https:\/\/typetype.org\/es\/wp-content\/uploads\/TT_Firs_blog_50-420x182.webp 420w, https:\/\/typetype.org\/es\/wp-content\/uploads\/TT_Firs_blog_50-600x260.webp 600w\" sizes=\"(max-width: 1440px) 100vw, 1440px\" \/><\/figure>\n\n\n\n<blockquote class=\"wp-block-quote is-layout-flow wp-block-quote-is-layout-flow\">\n<p style=\"font-size:18px\"><em>\u00abHace un par de a\u00f1os nos dimos cuenta de que el mundo cir\u00edlico es bastante amplio. Como sabemos, los hablantes del alfabeto cir\u00edlico no solo viven en Rusia. Adem\u00e1s, dentro del propio pa\u00eds existe una gran cantidad de grupos \u00e9tnicos que tambi\u00e9n usan el cir\u00edlico, pero con un aspecto algo diferente, poco habitual para nosotros. Por eso, en 2022 empezamos a integrar en nuestras fuentes la versi\u00f3n extendida del cir\u00edlico para las minor\u00edas dentro de este mundo. Comenzamos a a\u00f1adir una gran cantidad de caracteres que se utilizan en diferentes idiomas. Actualmente, en nuestras fuentes hacemos adaptaciones para idiomas cuyos hablantes superan el mill\u00f3n de personas, como el t\u00e1rtaro, el kazajo, el kirgu\u00eds y muchos otros. Y TT Firs Neue no es la excepci\u00f3n.\u00bb<\/em><\/p>\n\n\n\n<p style=\"font-size:18px\"><em>\u2014 Ivan Gladkikh, CTO y cofundador de TypeType<\/em><\/p>\n<\/blockquote>\n\n\n\n<h4 class=\"wp-block-heading\">A\u00f1adimos interesantes estilos inclinados<\/h4>\n\n\n\n<p><a href=\"https:\/\/typetype.org\/es\/fonts\/tt-firs-neue\/\">TT Firs Neue<\/a> fue la primera grotesca en la que comenzamos a trabajar con mayor detalle los estilos inclinados. Generalmente, en las grotescas se suele dibujar un simple Slant, compensando \u00fanicamente los artefactos visuales que aparecen tras la inclinaci\u00f3n, manteniendo intactas las proporciones originales del dise\u00f1o. Sin embargo, en este caso optamos por un enfoque diferente.<\/p>\n\n\n\n<blockquote class=\"wp-block-quote is-layout-flow wp-block-quote-is-layout-flow\">\n<p style=\"font-size:18px\"><em>\u00abEn la actualizaci\u00f3n de esta familia tipogr\u00e1fica invertimos mucho tiempo y esfuerzo, llegando a sentirnos profundamente ligados a ella. Quisimos hacer algo verdaderamente especial\u00bb.<\/em><\/p>\n\n\n\n<p style=\"font-size:18px\"><em>\u2014 Marina Khodak, l\u00edder de dise\u00f1o en TypeType<\/em><\/p>\n<\/blockquote>\n\n\n\n<p>As\u00ed, trabajando en los bocetos de los estilos inclinados, decidimos darles un aspecto m\u00e1s din\u00e1mico aumentando el \u00e1ngulo de inclinaci\u00f3n de 10\u00b0 a 12\u00b0 y modificando las proporciones de los caracteres redondos. Sin este cambio, las formas circulares m\u00e1s grandes dificultaban ligeramente el \u201crecorrido visual\u201d a lo largo de la l\u00ednea inclinada. Ahora, el dibujo m\u00e1s din\u00e1mico del it\u00e1lico junto al estilo recto y est\u00e1tico cumple mucho mejor su funci\u00f3n principal: destacar sem\u00e1nticamente en el texto. Adem\u00e1s, visualmente es muy atractivo.<\/p>\n\n\n\n<figure class=\"wp-block-image size-full\"><img decoding=\"async\" src=\"https:\/\/typetype.org\/wp-content\/uploads\/TT_Firs_blog_49.gif\" alt=\"\" class=\"wp-image-10000033981\"\/><\/figure>\n\n\n\n<h4 class=\"wp-block-heading\">Otros cambios<\/h4>\n\n\n\n<p>Tras la actualizaci\u00f3n, toda la familia tipogr\u00e1fica gan\u00f3 estabilidad, solidez, robustez y uniformidad visual. Redise\u00f1amos las \u00abrepisas\u00bb, los anchos, la proporci\u00f3n de los \u00f3valos, el contraste, el espaciado y, en general, resolvimos todos los problemas mencionados en la secci\u00f3n anterior.<\/p>\n\n\n\n<p>En particular:<\/p>\n\n\n\n<ul class=\"wp-block-list\">\n<li>Los caracteres redondos fueron completamente redibujados, logrando proporciones m\u00e1s equilibradas y uniformes en todos los estilos.<\/li>\n<\/ul>\n\n\n\n<figure class=\"wp-block-image size-full\"><img decoding=\"async\" src=\"https:\/\/typetype.org\/wp-content\/uploads\/TT_Firs_blog_51.gif\" alt=\"\" class=\"wp-image-10000033983\"\/><\/figure>\n\n\n\n<ul class=\"wp-block-list\">\n<li>Las repisas en los caracteres triangulares fueron unificadas.<\/li>\n<\/ul>\n\n\n\n<figure class=\"wp-block-image size-full\"><img decoding=\"async\" src=\"https:\/\/typetype.org\/wp-content\/uploads\/TT_Firs_blog_52.gif\" alt=\"\" class=\"wp-image-10000033984\"\/><\/figure>\n\n\n\n<ul class=\"wp-block-list\">\n<li>Eliminamos los terminales puntiagudos, aquellas \u00abcolas de escorpi\u00f3n\u00bb.<\/li>\n<\/ul>\n\n\n\n<figure class=\"wp-block-image size-full\"><img decoding=\"async\" src=\"https:\/\/typetype.org\/wp-content\/uploads\/TT_Firs_blog_53.gif\" alt=\"\" class=\"wp-image-10000033986\"\/><\/figure>\n\n\n\n<ul class=\"wp-block-list\">\n<li>Los terminales en caracteres como \u00abt\u00bb, \u00abj\u00bb, \u00abl\u00bb, \u00abf\u00bb y \u00abg\u00bb se igualaron, logrando mayor uniformidad en grosor y longitud. Esto es especialmente evidente al comparar las dos versiones de la letra \u00abg\u00bb.<\/li>\n<\/ul>\n\n\n\n<figure class=\"wp-block-image size-full\"><img decoding=\"async\" src=\"https:\/\/typetype.org\/wp-content\/uploads\/TT_Firs_blog_54.gif\" alt=\"\" class=\"wp-image-10000033985\"\/><\/figure>\n\n\n\n<ul class=\"wp-block-list\">\n<li>A\u00f1adimos el conjunto estil\u00edstico ss7, dise\u00f1ado con terminales redondeados. Este conjunto posteriormente sirvi\u00f3 como base principal para <a href=\"https:\/\/typetype.org\/es\/fonts\/tt-firs-text\/\">TT Firs Text<\/a>, al igual que el ss9 \u2014 la letra \u201cG\u201d sin ese atractivo elemento horizontal.<\/li>\n<\/ul>\n\n\n\n<figure class=\"wp-block-image size-full\"><img decoding=\"async\" src=\"https:\/\/typetype.org\/wp-content\/uploads\/TT_Firs_blog_55.png\" alt=\"\" class=\"wp-image-10000033988\" srcset=\"https:\/\/typetype.org\/es\/wp-content\/uploads\/TT_Firs_blog_55.png 1440w, https:\/\/typetype.org\/es\/wp-content\/uploads\/TT_Firs_blog_55-1024x512.png 1024w, https:\/\/typetype.org\/es\/wp-content\/uploads\/TT_Firs_blog_55-768x384.png 768w, https:\/\/typetype.org\/es\/wp-content\/uploads\/TT_Firs_blog_55-1200x600.png 1200w, https:\/\/typetype.org\/es\/wp-content\/uploads\/TT_Firs_blog_55-420x210.png 420w, https:\/\/typetype.org\/es\/wp-content\/uploads\/TT_Firs_blog_55-600x300.png 600w, https:\/\/typetype.org\/es\/wp-content\/uploads\/TT_Firs_blog_55-80x40.png 80w\" sizes=\"(max-width: 1440px) 100vw, 1440px\" \/><\/figure>\n\n\n\n<ul class=\"wp-block-list\">\n<li>Eliminamos el contraste excesivo en la letra \u201ce\u201d del peso Bold.<\/li>\n<\/ul>\n\n\n\n<figure class=\"wp-block-image size-full\"><img decoding=\"async\" src=\"https:\/\/typetype.org\/wp-content\/uploads\/TT_Firs_blog_56.gif\" alt=\"\" class=\"wp-image-10000033991\"\/><\/figure>\n\n\n\n<ul class=\"wp-block-list\">\n<li>Las letras \u201cC\u201d y \u201cO\u201d obtuvieron proporciones m\u00e1s uniformes y consistentes entre los distintos estilos.<\/li>\n<\/ul>\n\n\n\n<figure class=\"wp-block-image size-full\"><img decoding=\"async\" src=\"https:\/\/typetype.org\/wp-content\/uploads\/TT_Firs_blog_57.gif\" alt=\"\" class=\"wp-image-10000033992\"\/><\/figure>\n\n\n\n<ul class=\"wp-block-list\">\n<li>Redise\u00f1amos el elemento en forma de llama en la \u201c\u0431\u201d.<\/li>\n<\/ul>\n\n\n\n<figure class=\"wp-block-image size-full\"><img decoding=\"async\" src=\"https:\/\/typetype.org\/wp-content\/uploads\/TT_Firs_blog_58.png\" alt=\"\" class=\"wp-image-10000033993\" srcset=\"https:\/\/typetype.org\/es\/wp-content\/uploads\/TT_Firs_blog_58.png 1440w, https:\/\/typetype.org\/es\/wp-content\/uploads\/TT_Firs_blog_58-1024x512.png 1024w, https:\/\/typetype.org\/es\/wp-content\/uploads\/TT_Firs_blog_58-768x384.png 768w, https:\/\/typetype.org\/es\/wp-content\/uploads\/TT_Firs_blog_58-1200x600.png 1200w, https:\/\/typetype.org\/es\/wp-content\/uploads\/TT_Firs_blog_58-420x210.png 420w, https:\/\/typetype.org\/es\/wp-content\/uploads\/TT_Firs_blog_58-600x300.png 600w, https:\/\/typetype.org\/es\/wp-content\/uploads\/TT_Firs_blog_58-80x40.png 80w\" sizes=\"(max-width: 1440px) 100vw, 1440px\" \/><\/figure>\n\n\n\n<ul class=\"wp-block-list\">\n<li>La diacr\u00edtica qued\u00f3 equilibrada en peso y forma, lo cual es especialmente evidente en la breve cir\u00edlica.<\/li>\n<\/ul>\n\n\n\n<figure class=\"wp-block-image size-full is-resized\"><img decoding=\"async\" src=\"https:\/\/typetype.org\/wp-content\/uploads\/TT_Firs_blog_59.gif\" alt=\"\" class=\"wp-image-10000033994\" style=\"aspect-ratio:1;width:1075px;height:auto\"\/><\/figure>\n\n\n\n<ul class=\"wp-block-list\">\n<li>En la letra \u201c\u042d\u201d, que presentaba proporciones extra\u00f1as y un contraste demasiado marcado, ahora todo est\u00e1 en su sitio.<\/li>\n<\/ul>\n\n\n\n<figure class=\"wp-block-image size-full\"><img decoding=\"async\" src=\"https:\/\/typetype.org\/wp-content\/uploads\/TT_Firs_blog_60.webp\" alt=\"\" class=\"wp-image-10000049989\" srcset=\"https:\/\/typetype.org\/es\/wp-content\/uploads\/TT_Firs_blog_60.webp 1440w, https:\/\/typetype.org\/es\/wp-content\/uploads\/TT_Firs_blog_60-1024x478.webp 1024w, https:\/\/typetype.org\/es\/wp-content\/uploads\/TT_Firs_blog_60-1200x560.webp 1200w, https:\/\/typetype.org\/es\/wp-content\/uploads\/TT_Firs_blog_60-768x358.webp 768w, https:\/\/typetype.org\/es\/wp-content\/uploads\/TT_Firs_blog_60-420x196.webp 420w, https:\/\/typetype.org\/es\/wp-content\/uploads\/TT_Firs_blog_60-600x280.webp 600w\" sizes=\"(max-width: 1440px) 100vw, 1440px\" \/><\/figure>\n\n\n\n<ul class=\"wp-block-list\">\n<li>La cola de la letra \u201c\u0426\u201d y los terminales de la \u201c\u0424\u201d ahora lucen m\u00e1s definidos y s\u00f3lidos.<\/li>\n<\/ul>\n\n\n\n<figure class=\"wp-block-image size-full\"><img decoding=\"async\" src=\"https:\/\/typetype.org\/wp-content\/uploads\/TT_Firs_blog_61.webp\" alt=\"\" class=\"wp-image-10000049990\" srcset=\"https:\/\/typetype.org\/es\/wp-content\/uploads\/TT_Firs_blog_61.webp 1440w, https:\/\/typetype.org\/es\/wp-content\/uploads\/TT_Firs_blog_61-1024x385.webp 1024w, https:\/\/typetype.org\/es\/wp-content\/uploads\/TT_Firs_blog_61-1200x452.webp 1200w, https:\/\/typetype.org\/es\/wp-content\/uploads\/TT_Firs_blog_61-768x289.webp 768w, https:\/\/typetype.org\/es\/wp-content\/uploads\/TT_Firs_blog_61-420x158.webp 420w, https:\/\/typetype.org\/es\/wp-content\/uploads\/TT_Firs_blog_61-600x226.webp 600w\" sizes=\"(max-width: 1440px) 100vw, 1440px\" \/><\/figure>\n\n\n\n<ul class=\"wp-block-list\">\n<li>Cambiamos la forma del n\u00famero \u201c5\u201d, eliminando su \u201crareza\u201d; la soluci\u00f3n m\u00e1s cl\u00e1sica result\u00f3 m\u00e1s efectiva.<\/li>\n<\/ul>\n\n\n\n<figure class=\"wp-block-image size-full\"><img decoding=\"async\" src=\"https:\/\/typetype.org\/wp-content\/uploads\/TT_Firs_blog_62.webp\" alt=\"\" class=\"wp-image-10000049991\" srcset=\"https:\/\/typetype.org\/es\/wp-content\/uploads\/TT_Firs_blog_62.webp 1440w, https:\/\/typetype.org\/es\/wp-content\/uploads\/TT_Firs_blog_62-1024x402.webp 1024w, https:\/\/typetype.org\/es\/wp-content\/uploads\/TT_Firs_blog_62-1200x471.webp 1200w, https:\/\/typetype.org\/es\/wp-content\/uploads\/TT_Firs_blog_62-768x301.webp 768w, https:\/\/typetype.org\/es\/wp-content\/uploads\/TT_Firs_blog_62-420x165.webp 420w, https:\/\/typetype.org\/es\/wp-content\/uploads\/TT_Firs_blog_62-600x235.webp 600w\" sizes=\"(max-width: 1440px) 100vw, 1440px\" \/><\/figure>\n\n\n\n<ul class=\"wp-block-list\">\n<li>Redise\u00f1amos el ampersand, otorg\u00e1ndole un estilo m\u00e1s display.<\/li>\n<\/ul>\n\n\n\n<blockquote class=\"wp-block-quote is-layout-flow wp-block-quote-is-layout-flow\">\n<p style=\"font-size:18px\"><em>\u00abEs curioso que la forma resultara parecida a la que ten\u00eda la primera versi\u00f3n de TT Firs, aunque no me bas\u00e9 en ella. Evidentemente, esta forma est\u00e1 dictada por el propio estilo de la fuente y \u201cse sugiere\u201d por s\u00ed misma\u00bb.<\/em><\/p>\n\n\n\n<p style=\"font-size:18px\"><em>\u2014 Marina Khodak, l\u00edder de dise\u00f1o en TypeType<\/em><\/p>\n<\/blockquote>\n\n\n\n<figure class=\"wp-block-image size-full\"><img decoding=\"async\" src=\"https:\/\/typetype.org\/wp-content\/uploads\/TT_Firs_blog_63.webp\" alt=\"\" class=\"wp-image-10000049992\" srcset=\"https:\/\/typetype.org\/es\/wp-content\/uploads\/TT_Firs_blog_63.webp 1440w, https:\/\/typetype.org\/es\/wp-content\/uploads\/TT_Firs_blog_63-1024x447.webp 1024w, https:\/\/typetype.org\/es\/wp-content\/uploads\/TT_Firs_blog_63-1200x523.webp 1200w, https:\/\/typetype.org\/es\/wp-content\/uploads\/TT_Firs_blog_63-768x335.webp 768w, https:\/\/typetype.org\/es\/wp-content\/uploads\/TT_Firs_blog_63-420x183.webp 420w, https:\/\/typetype.org\/es\/wp-content\/uploads\/TT_Firs_blog_63-600x262.webp 600w\" sizes=\"(max-width: 1440px) 100vw, 1440px\" \/><\/figure>\n\n\n\n<ul class=\"wp-block-list\">\n<li>Mantuvimos la versi\u00f3n min\u00fascula del ampersand, eliminando el elemento horizontal en todos los casos. Gracias a ello, la forma se volvi\u00f3 m\u00e1s uniforme, y adem\u00e1s se resolvieron los problemas de interpolaci\u00f3n y uso de la fuente variable.<\/li>\n<\/ul>\n\n\n\n<figure class=\"wp-block-image size-full\"><img decoding=\"async\" src=\"https:\/\/typetype.org\/wp-content\/uploads\/TT_Firs_blog_64.gif\" alt=\"\" class=\"wp-image-10000033999\"\/><\/figure>\n\n\n\n<ul class=\"wp-block-list\">\n<li>En el conjunto principal de <a href=\"https:\/\/typetype.org\/es\/fonts\/tt-firs-neue\/\">TT Firs Neue<\/a>, las letras \u201c\u041b\u201d y \u201c\u0414\u201d tienen forma trapezoidal, alineadas visualmente con la letra \u201cA\u201d. En el conjunto alternativo hab\u00edamos dibujado versiones m\u00e1s convencionales, pero su car\u00e1cter era m\u00e1s suave y na\u00edf que el estilo general de la fuente. En TT Firs Neue 2.000 decidimos mantener estos caracteres alternativos para ampliar la funcionalidad del tipo de letra y los redibujamos con un estilo m\u00e1s coherente. Posteriormente, estos mismos caracteres pasaron a formar parte del conjunto principal de <a href=\"https:\/\/typetype.org\/es\/fonts\/tt-firs-text\/\">TT Firs Text<\/a>, del que hablaremos m\u00e1s adelante.<\/li>\n<\/ul>\n\n\n\n<figure class=\"wp-block-image size-full\"><img decoding=\"async\" src=\"https:\/\/typetype.org\/wp-content\/uploads\/TT_Firs_blog_65.gif\" alt=\"\" class=\"wp-image-10000034000\"\/><\/figure>\n\n\n\n<h3 class=\"wp-block-heading\">C\u00f3mo qued\u00f3 TT Firs Neue 2.000<\/h3>\n\n\n\n<p>As\u00ed, el resultado fue una grotesca escandinava equilibrada, con elementos gr\u00e1ficos expresivos y, al mismo tiempo, vers\u00e1til en su uso.<\/p>\n\n\n\n<p><a href=\"https:\/\/typetype.org\/es\/fonts\/tt-firs-neue\/\">TT Firs Neue<\/a> 2.000 incluye:<\/p>\n\n\n\n<ul class=\"wp-block-list\">\n<li>23 estilos: 11 rectos, 11 inclinados y 1 fuente variable con dos ejes (peso e inclinaci\u00f3n);<\/li>\n\n\n\n<li>1719 caracteres en cada estilo;<\/li>\n\n\n\n<li>40 funciones OpenType;<\/li>\n\n\n\n<li>Compatibilidad con 235 idiomas.<\/li>\n<\/ul>\n\n\n\n<figure class=\"wp-block-image size-full\"><img decoding=\"async\" src=\"https:\/\/typetype.org\/wp-content\/uploads\/TT_Firs_blog_66.gif\" alt=\"\" class=\"wp-image-10000034002\"\/><\/figure>\n\n\n\n<blockquote class=\"wp-block-quote is-layout-flow wp-block-quote-is-layout-flow\">\n<p style=\"font-size:18px\"><em>\u00abEs sorprendente que la segunda versi\u00f3n de TT Firs sea especialmente popular en el branding europeo. Diversos museos, estudios de arquitectura y cafeter\u00edas disfrutan utiliz\u00e1ndola, y todo esto encaja perfectamente con el estilo escandinavo. Es decir, todo lo que imaginamos result\u00f3 exactamente como esper\u00e1bamos\u00bb.<\/em><\/p>\n\n\n\n<p style=\"font-size:18px\"><em>\u2014 Ivan Gladkikh, CTO y cofundador de TypeType<\/em><\/p>\n<\/blockquote>\n\n\n\n<figure class=\"wp-block-image size-full\"><img decoding=\"async\" src=\"https:\/\/typetype.org\/wp-content\/uploads\/TT_Firs_blog_67.png\" alt=\"\" class=\"wp-image-10000034003\" srcset=\"https:\/\/typetype.org\/es\/wp-content\/uploads\/TT_Firs_blog_67.png 1440w, https:\/\/typetype.org\/es\/wp-content\/uploads\/TT_Firs_blog_67-1024x711.png 1024w, https:\/\/typetype.org\/es\/wp-content\/uploads\/TT_Firs_blog_67-768x533.png 768w, https:\/\/typetype.org\/es\/wp-content\/uploads\/TT_Firs_blog_67-1200x833.png 1200w, https:\/\/typetype.org\/es\/wp-content\/uploads\/TT_Firs_blog_67-420x292.png 420w, https:\/\/typetype.org\/es\/wp-content\/uploads\/TT_Firs_blog_67-600x417.png 600w, https:\/\/typetype.org\/es\/wp-content\/uploads\/TT_Firs_blog_67-80x56.png 80w\" sizes=\"(max-width: 1440px) 100vw, 1440px\" \/><\/figure>\n\n\n\n<h2 class=\"wp-block-heading\">De un pino a un bosque entero: creando una pareja tipogr\u00e1fica para texto<\/h2>\n\n\n\n<p>Al trabajar con <a href=\"https:\/\/typetype.org\/es\/fonts\/tt-firs-neue\/\">TT Firs Neue<\/a>, nos dimos cuenta de que ten\u00eda un car\u00e1cter bastante display, lo que nos llev\u00f3 a considerar la creaci\u00f3n de una pareja tipogr\u00e1fica para texto: <a href=\"https:\/\/typetype.org\/es\/fonts\/tt-firs-text\/\">TT Firs Text<\/a>.<\/p>\n\n\n\n<p>Generalmente, las parejas tipogr\u00e1ficas combinan fuentes de distintos grupos \u2014 por ejemplo, una antiqua y una grotesca \u2014 para generar contraste. Sin embargo, optamos por un enfoque diferente: mantener las proporciones de TT Firs Neue y desarrollar una variante espec\u00edficamente optimizada para texto. En otras palabras, quer\u00edamos que la fuente se viera pr\u00e1cticamente igual, pero que todas sus formas fueran m\u00e1s adecuadas para composici\u00f3n de texto.<\/p>\n\n\n\n<p>Nos planteamos el objetivo de crear una fuente de texto sencilla basada en TT Firs Neue 2.000, eliminando los elementos display, los detalles innecesarios y reduciendo el conjunto de caracteres a lo esencial.Tambi\u00e9n nos apoyamos en la <a href=\"https:\/\/typetype.org\/es\/blog\/our-golden-child-introducing-tt-neoris-a-model-neo-grotesque-font\/\">investigaci\u00f3n<\/a> previa que realizamos para <a href=\"https:\/\/typetype.org\/es\/fonts\/tt-neoris\/\">TT Neoris<\/a>, modificando algunas formas de los caracteres para hacerlas m\u00e1s est\u00e1ndar y alineadas con las opciones que los dise\u00f1adores utilizan con mayor frecuencia.<\/p>\n\n\n\n<p>Estos son algunos de los cambios que realizamos:<\/p>\n\n\n\n<ul class=\"wp-block-list\">\n<li>Eliminamos las \u201crepisas\u201d en los caracteres triangulares, haciendo las formas menos display.<\/li>\n<\/ul>\n\n\n\n<figure class=\"wp-block-image size-full\"><img decoding=\"async\" src=\"https:\/\/typetype.org\/wp-content\/uploads\/TT_Firs_blog_68-1.webp\" alt=\"\" class=\"wp-image-10000049994\" srcset=\"https:\/\/typetype.org\/es\/wp-content\/uploads\/TT_Firs_blog_68-1.webp 1440w, https:\/\/typetype.org\/es\/wp-content\/uploads\/TT_Firs_blog_68-1-1024x268.webp 1024w, https:\/\/typetype.org\/es\/wp-content\/uploads\/TT_Firs_blog_68-1-1200x314.webp 1200w, https:\/\/typetype.org\/es\/wp-content\/uploads\/TT_Firs_blog_68-1-768x201.webp 768w, https:\/\/typetype.org\/es\/wp-content\/uploads\/TT_Firs_blog_68-1-420x110.webp 420w, https:\/\/typetype.org\/es\/wp-content\/uploads\/TT_Firs_blog_68-1-600x157.webp 600w\" sizes=\"(max-width: 1440px) 100vw, 1440px\" \/><\/figure>\n\n\n\n<ul class=\"wp-block-list\">\n<li>Optamos por formas m\u00e1s cl\u00e1sicas en algunos caracteres (por ejemplo, \u201cG\u201d y \u201cQ\u201d).<\/li>\n<\/ul>\n\n\n\n<figure class=\"wp-block-image size-full\"><img decoding=\"async\" src=\"https:\/\/typetype.org\/wp-content\/uploads\/TT_Firs_blog_69.png\" alt=\"\" class=\"wp-image-10000034004\" srcset=\"https:\/\/typetype.org\/es\/wp-content\/uploads\/TT_Firs_blog_69.png 1440w, https:\/\/typetype.org\/es\/wp-content\/uploads\/TT_Firs_blog_69-1024x350.png 1024w, https:\/\/typetype.org\/es\/wp-content\/uploads\/TT_Firs_blog_69-768x262.png 768w, https:\/\/typetype.org\/es\/wp-content\/uploads\/TT_Firs_blog_69-1200x410.png 1200w, https:\/\/typetype.org\/es\/wp-content\/uploads\/TT_Firs_blog_69-420x144.png 420w, https:\/\/typetype.org\/es\/wp-content\/uploads\/TT_Firs_blog_69-600x205.png 600w, https:\/\/typetype.org\/es\/wp-content\/uploads\/TT_Firs_blog_69-80x27.png 80w\" sizes=\"(max-width: 1440px) 100vw, 1440px\" \/><\/figure>\n\n\n\n<ul class=\"wp-block-list\">\n<li>Sustituimos los terminales cuadrados por redondeados en \u201cf\u201d, \u201cg\u201d, \u201cj\u201d, \u201cl\u201d y \u201ct\u201d.<\/li>\n<\/ul>\n\n\n\n<figure class=\"wp-block-image size-full\"><img decoding=\"async\" src=\"https:\/\/typetype.org\/wp-content\/uploads\/TT_Firs_blog_70.png\" alt=\"\" class=\"wp-image-10000034005\" srcset=\"https:\/\/typetype.org\/es\/wp-content\/uploads\/TT_Firs_blog_70.png 1440w, https:\/\/typetype.org\/es\/wp-content\/uploads\/TT_Firs_blog_70-1024x323.png 1024w, https:\/\/typetype.org\/es\/wp-content\/uploads\/TT_Firs_blog_70-768x242.png 768w, https:\/\/typetype.org\/es\/wp-content\/uploads\/TT_Firs_blog_70-1200x378.png 1200w, https:\/\/typetype.org\/es\/wp-content\/uploads\/TT_Firs_blog_70-420x132.png 420w, https:\/\/typetype.org\/es\/wp-content\/uploads\/TT_Firs_blog_70-600x189.png 600w, https:\/\/typetype.org\/es\/wp-content\/uploads\/TT_Firs_blog_70-80x25.png 80w\" sizes=\"(max-width: 1440px) 100vw, 1440px\" \/><\/figure>\n\n\n\n<ul class=\"wp-block-list\">\n<li>Compensamos visualmente las proporciones de los caracteres que originalmente ten\u00edan \u201crepisas\u201d.<\/li>\n<\/ul>\n\n\n\n<figure class=\"wp-block-image size-full\"><img decoding=\"async\" src=\"https:\/\/typetype.org\/wp-content\/uploads\/TT_Firs_blog_71.png\" alt=\"\" class=\"wp-image-10000034006\" srcset=\"https:\/\/typetype.org\/es\/wp-content\/uploads\/TT_Firs_blog_71.png 1440w, https:\/\/typetype.org\/es\/wp-content\/uploads\/TT_Firs_blog_71-1024x312.png 1024w, https:\/\/typetype.org\/es\/wp-content\/uploads\/TT_Firs_blog_71-768x234.png 768w, https:\/\/typetype.org\/es\/wp-content\/uploads\/TT_Firs_blog_71-1200x366.png 1200w, https:\/\/typetype.org\/es\/wp-content\/uploads\/TT_Firs_blog_71-420x128.png 420w, https:\/\/typetype.org\/es\/wp-content\/uploads\/TT_Firs_blog_71-600x183.png 600w, https:\/\/typetype.org\/es\/wp-content\/uploads\/TT_Firs_blog_71-80x24.png 80w\" sizes=\"(max-width: 1440px) 100vw, 1440px\" \/><\/figure>\n\n\n\n<ul class=\"wp-block-list\">\n<li>Eliminamos casi todas las ligaduras, dejando solo aquellas que cumplen una funci\u00f3n t\u00e9cnica en lugar de est\u00e9tica.<\/li>\n<\/ul>\n\n\n\n<figure class=\"wp-block-image size-full\"><img decoding=\"async\" src=\"https:\/\/typetype.org\/wp-content\/uploads\/TT_Firs_blog_72.png\" alt=\"\" class=\"wp-image-10000034007\" srcset=\"https:\/\/typetype.org\/es\/wp-content\/uploads\/TT_Firs_blog_72.png 1440w, https:\/\/typetype.org\/es\/wp-content\/uploads\/TT_Firs_blog_72-1024x445.png 1024w, https:\/\/typetype.org\/es\/wp-content\/uploads\/TT_Firs_blog_72-768x334.png 768w, https:\/\/typetype.org\/es\/wp-content\/uploads\/TT_Firs_blog_72-1200x522.png 1200w, https:\/\/typetype.org\/es\/wp-content\/uploads\/TT_Firs_blog_72-420x183.png 420w, https:\/\/typetype.org\/es\/wp-content\/uploads\/TT_Firs_blog_72-600x261.png 600w, https:\/\/typetype.org\/es\/wp-content\/uploads\/TT_Firs_blog_72-80x35.png 80w\" sizes=\"(max-width: 1440px) 100vw, 1440px\" \/><\/figure>\n\n\n\n<ul class=\"wp-block-list\">\n<li>Aplicamos los mismos cambios a los estilos inclinados.<\/li>\n<\/ul>\n\n\n\n<figure class=\"wp-block-image size-full\"><img decoding=\"async\" src=\"https:\/\/typetype.org\/wp-content\/uploads\/TT_Firs_blog_73.png\" alt=\"\" class=\"wp-image-10000034008\" srcset=\"https:\/\/typetype.org\/es\/wp-content\/uploads\/TT_Firs_blog_73.png 1440w, https:\/\/typetype.org\/es\/wp-content\/uploads\/TT_Firs_blog_73-1024x472.png 1024w, https:\/\/typetype.org\/es\/wp-content\/uploads\/TT_Firs_blog_73-768x354.png 768w, https:\/\/typetype.org\/es\/wp-content\/uploads\/TT_Firs_blog_73-1200x553.png 1200w, https:\/\/typetype.org\/es\/wp-content\/uploads\/TT_Firs_blog_73-420x194.png 420w, https:\/\/typetype.org\/es\/wp-content\/uploads\/TT_Firs_blog_73-600x277.png 600w, https:\/\/typetype.org\/es\/wp-content\/uploads\/TT_Firs_blog_73-80x37.png 80w\" sizes=\"(max-width: 1440px) 100vw, 1440px\" \/><\/figure>\n\n\n\n<blockquote class=\"wp-block-quote is-layout-flow wp-block-quote-is-layout-flow\">\n<p style=\"font-size:18px\"><em>\u00abEl resultado fue una grotesca con formas de caracteres m\u00e1s cl\u00e1sicas y orientadas al texto. Una fuente bastante neutral, pero al mismo tiempo reconocible y con su propia personalidad, que conserva la esencia de <a href=\"https:\/\/typetype.org\/es\/fonts\/tt-firs-neue\/\">TT Firs Neue<\/a>\u00bb.<\/em><\/p>\n\n\n\n<p style=\"font-size:18px\"><em>\u2014 Toma Streltsova, dise\u00f1adora tipogr\u00e1fica senior<\/em><\/p>\n<\/blockquote>\n\n\n\n<h3 class=\"wp-block-heading\">C\u00f3mo qued\u00f3 TT Firs Text<\/h3>\n\n\n\n<p><a href=\"https:\/\/typetype.org\/es\/fonts\/tt-firs-text\/\">TT Firs Text<\/a> es una grotesca geom\u00e9trica sobria con un car\u00e1cter n\u00f3rdico que equilibra originalidad y neutralidad.<\/p>\n\n\n\n<p>TT Firs Text incluye:<\/p>\n\n\n\n<ul class=\"wp-block-list\">\n<li>23 estilos: 11 rectos, 11 inclinados y 1 fuente variable con ejes de peso e inclinaci\u00f3n;<\/li>\n\n\n\n<li>898 caracteres en cada estilo;<\/li>\n\n\n\n<li>31 funciones OpenType;<\/li>\n\n\n\n<li>Compatibilidad con 235 idiomas.<\/li>\n<\/ul>\n\n\n\n<figure class=\"wp-block-image size-full\"><img decoding=\"async\" src=\"https:\/\/typetype.org\/wp-content\/uploads\/TT_Firs_blog_74.gif\" alt=\"\" class=\"wp-image-10000034009\"\/><\/figure>\n\n\n\n<blockquote class=\"wp-block-quote is-layout-flow wp-block-quote-is-layout-flow\">\n<p style=\"font-size:18px\"><em>\u00abObtuvimos una grotesca s\u00f3lida, con un sutil matiz escandinavo, que combina a la perfecci\u00f3n con TT Firs Neue 2.000. Al mismo tiempo, tenemos claro que TT Firs Text es una \u201cherramienta de trabajo\u201d vers\u00e1til para cualquier proyecto. Y lo vemos en la pr\u00e1ctica: la fuente ya ha ganado popularidad entre nuestros usuarios\u00bb.<\/em><\/p>\n\n\n\n<p style=\"font-size:18px\"><em>\u2014 Ivan Gladkikh, CTO y cofundador de TypeType<\/em><\/p>\n<\/blockquote>\n","protected":false},"excerpt":{"rendered":"<p>En\u00a02023 dimos una segunda vida a\u00a0la\u00a0querida grotesca escandinava TT\u00a0Firs Neue, mejorando radicalmente la\u00a0familia tipogr\u00e1fica para adaptarla a\u00a0los est\u00e1ndares modernos. Poco despu\u00e9s, presentamos su\u00a0complemento para texto: la\u00a0concisa TT\u00a0Firs Text. En\u00a0nuestra art\u00edculo te\u00a0contamos c\u00f3mo empez\u00f3 todo, por qu\u00e9 decidimos actualizar TT\u00a0Firs Neue, qu\u00e9 cambios realizamos y\u00a0c\u00f3mo naci\u00f3 TT\u00a0Firs Text.<\/p>\n","protected":false},"author":1590,"featured_media":10000049944,"comment_status":"closed","ping_status":"closed","sticky":false,"template":"","format":"standard","meta":{"_acf_changed":false,"footnotes":""},"categories":[1],"tags":[183,188],"class_list":["post-37773","post","type-post","status-publish","format-standard","has-post-thumbnail","hentry","category-blog","tag-font-creation","tag-work-with-fonts"],"acf":{"show_sidebar":true},"_links":{"self":[{"href":"https:\/\/typetype.org\/es\/wp-json\/wp\/v2\/posts\/37773","targetHints":{"allow":["GET"]}}],"collection":[{"href":"https:\/\/typetype.org\/es\/wp-json\/wp\/v2\/posts"}],"about":[{"href":"https:\/\/typetype.org\/es\/wp-json\/wp\/v2\/types\/post"}],"author":[{"embeddable":true,"href":"https:\/\/typetype.org\/es\/wp-json\/wp\/v2\/users\/1590"}],"replies":[{"embeddable":true,"href":"https:\/\/typetype.org\/es\/wp-json\/wp\/v2\/comments?post=37773"}],"version-history":[{"count":5,"href":"https:\/\/typetype.org\/es\/wp-json\/wp\/v2\/posts\/37773\/revisions"}],"predecessor-version":[{"id":47699,"href":"https:\/\/typetype.org\/es\/wp-json\/wp\/v2\/posts\/37773\/revisions\/47699"}],"wp:featuredmedia":[{"embeddable":true,"href":"https:\/\/typetype.org\/es\/wp-json\/wp\/v2\/media\/10000049944"}],"wp:attachment":[{"href":"https:\/\/typetype.org\/es\/wp-json\/wp\/v2\/media?parent=37773"}],"wp:term":[{"taxonomy":"category","embeddable":true,"href":"https:\/\/typetype.org\/es\/wp-json\/wp\/v2\/categories?post=37773"},{"taxonomy":"post_tag","embeddable":true,"href":"https:\/\/typetype.org\/es\/wp-json\/wp\/v2\/tags?post=37773"}],"curies":[{"name":"wp","href":"https:\/\/api.w.org\/{rel}","templated":true}]}}