{"id":37642,"date":"2025-02-21T16:07:18","date_gmt":"2025-02-21T13:07:18","guid":{"rendered":"https:\/\/typetype.org\/es\/?p=37642"},"modified":"2026-02-03T09:01:22","modified_gmt":"2026-02-03T06:01:22","slug":"measuring-2024-in-fonts-typetypes-year-in-review","status":"publish","type":"post","link":"https:\/\/typetype.org\/es\/blog\/measuring-2024-in-fonts-typetypes-year-in-review\/","title":{"rendered":"Midiendo 2024 en fuentes: El a\u00f1o en retrospectiva de TypeType"},"content":{"rendered":"\n<figure class=\"wp-block-image size-full\"><img decoding=\"async\" src=\"https:\/\/typetype.org\/wp-content\/uploads\/ENG_tt_results_main_1-1.webp\" alt=\"\" class=\"wp-image-10000049188\" srcset=\"https:\/\/typetype.org\/es\/wp-content\/uploads\/ENG_tt_results_main_1-1.webp 1440w, https:\/\/typetype.org\/es\/wp-content\/uploads\/ENG_tt_results_main_1-1-1024x511.webp 1024w, https:\/\/typetype.org\/es\/wp-content\/uploads\/ENG_tt_results_main_1-1-1200x598.webp 1200w, https:\/\/typetype.org\/es\/wp-content\/uploads\/ENG_tt_results_main_1-1-768x383.webp 768w, https:\/\/typetype.org\/es\/wp-content\/uploads\/ENG_tt_results_main_1-1-420x209.webp 420w, https:\/\/typetype.org\/es\/wp-content\/uploads\/ENG_tt_results_main_1-1-600x299.webp 600w\" sizes=\"(max-width: 1440px) 100vw, 1440px\" \/><\/figure>\n\n\n\n<p>2024 ha sido un a\u00f1o incre\u00edblemente productivo y significativo para TypeType. Lanzamos nuevas fuentes y actualizamos las existentes, recibimos premios, mejoramos la usabilidad de nuestro sitio web y compartimos conocimientos sobre dise\u00f1o tipogr\u00e1fico. En resumen, este a\u00f1o nos trajo numerosos cambios, y ahora es el momento de hacer balance, reflexionar sobre nuestros logros y trazar planes para el futuro.<\/p>\n\n\n\n<p>\u00a1Resumamos el a\u00f1o!<\/p>\n\n\n\n<h2 class=\"wp-block-heading\">Fuentes del A\u00f1o<\/h2>\n\n\n\n<figure class=\"wp-block-image size-full\"><img decoding=\"async\" width=\"1440\" height=\"2010\" src=\"https:\/\/typetype.org\/es\/wp-content\/uploads\/sites\/11\/tt_results_1-1.webp\" alt=\"\" class=\"wp-image-44157\" srcset=\"https:\/\/typetype.org\/es\/wp-content\/uploads\/sites\/11\/tt_results_1-1.webp 1440w, https:\/\/typetype.org\/es\/wp-content\/uploads\/sites\/11\/tt_results_1-1-734x1024.webp 734w, https:\/\/typetype.org\/es\/wp-content\/uploads\/sites\/11\/tt_results_1-1-860x1200.webp 860w, https:\/\/typetype.org\/es\/wp-content\/uploads\/sites\/11\/tt_results_1-1-768x1072.webp 768w, https:\/\/typetype.org\/es\/wp-content\/uploads\/sites\/11\/tt_results_1-1-1100x1536.webp 1100w, https:\/\/typetype.org\/es\/wp-content\/uploads\/sites\/11\/tt_results_1-1-301x420.webp 301w, https:\/\/typetype.org\/es\/wp-content\/uploads\/sites\/11\/tt_results_1-1-600x838.webp 600w\" sizes=\"(max-width: 1440px) 100vw, 1440px\" \/><\/figure>\n\n\n\n<h3 class=\"wp-block-heading\">Nuevas Fuentes<\/h3>\n\n\n\n<ul class=\"wp-block-list\">\n<li><a href=\"https:\/\/typetype.org\/es\/fonts\/tt-carvist\/\">TT&nbsp;Carvist <\/a>es una moderna sans serif experimental con proporciones extra estrechas y un car\u00e1cter g\u00f3tico<\/li>\n\n\n\n<li><a href=\"https:\/\/typetype.org\/es\/fonts\/tt-travels-text\/\">TT&nbsp;Travels Text<\/a> es una elegante y vers\u00e1til sans serif geom\u00e9trica con proporciones amplias<\/li>\n\n\n\n<li><a href=\"https:\/\/typetype.org\/es\/fonts\/tt-paplane\/\">TT&nbsp;Paplane<\/a> es una sans serif display experimental de formas cuadradas que parece estar plegada a partir de una tira de papel<\/li>\n\n\n\n<li><a href=\"https:\/\/typetype.org\/es\/fonts\/tt-modernoir\/\">TT&nbsp;Modernoir<\/a> es una sans serif display experimental con proporciones din\u00e1micas, inspirada en la tipograf\u00eda francesa del siglo XX y la est\u00e9tica del cine negro<\/li>\n\n\n\n<li><a href=\"https:\/\/typetype.org\/es\/fonts\/tt-biersal\/\">TT&nbsp;Biersal<\/a> es una sans serif display experimental con un esp\u00edritu libre, juguet\u00f3n y aventurero, inspirada en los carteles alemanes de la d\u00e9cada de 1930<\/li>\n\n\n\n<li><a href=\"https:\/\/typetype.org\/es\/fonts\/tt-gertika\/\">TT&nbsp;Gertika<\/a> es una sans serif geom\u00e9trica experimental con un car\u00e1cter din\u00e1mico y un ritmo vibranteancing rhythm<\/li>\n<\/ul>\n\n\n\n<h3 class=\"wp-block-heading\">Fuentes Actualizadas<\/h3>\n\n\n\n<ul class=\"wp-block-list\">\n<li><a href=\"https:\/\/typetype.org\/es\/fonts\/tt-supermolot-neue\/\">TT&nbsp;Supermolot Neue<\/a> es una sans serif modular avanzada con un aire futurista. Para hacerla a\u00fan m\u00e1s funcional y vers\u00e1til, ampliamos el conjunto de caracteres, a\u00f1adimos m\u00e1s idiomas compatibles y nuevas funciones OpenType<\/li>\n\n\n\n<li><a href=\"https:\/\/typetype.org\/es\/fonts\/tt-commons-pro\/\">TT&nbsp;Commons\u2122 Pro<\/a> es una sans serif geom\u00e9trica y una de las fuentes m\u00e1s populares del estudio. Con la actualizaci\u00f3n, ampliamos el conjunto de caracteres, a\u00f1adimos nuevas funciones OpenType y conjuntos estil\u00edsticos, y mejoramos el kerning y el hinting<\/li>\n\n\n\n<li><a href=\"https:\/\/typetype.org\/es\/fonts\/tt-hoves\/\">TT&nbsp;Hoves Pro<\/a> es una de las sans serif m\u00e1s vendidas del estudio, incluida en nuestro conjunto principal de fuentes vers\u00e1tiles. A\u00f1adimos una subfamilia Mono, aumentando su funcionalidad&nbsp;<\/li>\n\n\n\n<li><a href=\"https:\/\/typetype.org\/es\/fonts\/tt-norms-pro\/\">TT&nbsp;Norms<sup class=\"reg\">\u00ae<\/sup> Pro<\/a> es una sans serif geom\u00e9trica funcional, ideal para decisiones de dise\u00f1o est\u00e9ticas y una de las m\u00e1s vendidas del estudio TypeType. Ampliamos su conjunto de caracteres, aumentamos su funcionalidad y a\u00f1adimos nuevos conjuntos estil\u00edsticos<\/li>\n\n\n\n<li><a href=\"https:\/\/typetype.org\/es\/fonts\/tt-fors\/\">TT&nbsp;Fors<\/a> es una sans serif geom\u00e9trica con una personalidad neutra y proporciones refinadas. A\u00f1adimos una nueva subfamilia Condensed<\/li>\n<\/ul>\n\n\n\n<h3 class=\"wp-block-heading\">Fuentes con Soporte Cir\u00edlico<\/h3>\n\n\n\n<ul class=\"wp-block-list\">\n<li><a href=\"https:\/\/typetype.org\/es\/fonts\/tt-espina\/\">TT&nbsp;Espina<\/a> es una display Antigua con serifas expresivas. A\u00f1adimos soporte para alfabetos cir\u00edlicos, revisamos completamente el kerning, mejoramos el hinting, incorporamos nuevas funciones OpenType y conjuntos estil\u00edsticos, y ampliamos el conjunto de caracteres<\/li>\n\n\n\n<li><a href=\"https:\/\/typetype.org\/es\/fonts\/tt-ricks\/\">TT&nbsp;Ricks<\/a> es una serif expresiva con un car\u00e1cter marcado. A\u00f1adimos soporte para alfabetos cir\u00edlicos, ampliamos el conjunto de caracteres, actualizamos el kerning y el hinting e incorporamos nuevas funciones OpenType y conjuntos estil\u00edsticos<\/li>\n\n\n\n<li><a href=\"https:\/\/typetype.org\/es\/fonts\/tt-globs\/\">TT&nbsp;Globs<\/a> es una slab serif elegante, de proporciones amplias, con un car\u00e1cter amigable y un aire veraniego. A\u00f1adimos soporte para alfabetos cir\u00edlicos, ampliamos significativamente el conjunto de caracteres y su funcionalidad<\/li>\n\n\n\n<li><a href=\"https:\/\/typetype.org\/es\/fonts\/tt-cometus\/\">TT&nbsp;Cometus<\/a> es una slab serif moderna. A\u00f1adimos soporte para alfabetos cir\u00edlicos, ampliamos significativamente el conjunto de caracteres y mejoramos los aspectos t\u00e9cnicos de la fuente<\/li>\n<\/ul>\n\n\n\n<h3 class=\"wp-block-heading\">Planes para 2025<\/h3>\n\n\n\n<figure class=\"wp-block-image size-full\"><img decoding=\"async\" width=\"1440\" height=\"649\" src=\"https:\/\/typetype.org\/es\/wp-content\/uploads\/sites\/11\/ENG_tt_results_2-1.webp\" alt=\"\" class=\"wp-image-44158\" srcset=\"https:\/\/typetype.org\/es\/wp-content\/uploads\/sites\/11\/ENG_tt_results_2-1.webp 1440w, https:\/\/typetype.org\/es\/wp-content\/uploads\/sites\/11\/ENG_tt_results_2-1-1024x462.webp 1024w, https:\/\/typetype.org\/es\/wp-content\/uploads\/sites\/11\/ENG_tt_results_2-1-1200x541.webp 1200w, https:\/\/typetype.org\/es\/wp-content\/uploads\/sites\/11\/ENG_tt_results_2-1-768x346.webp 768w, https:\/\/typetype.org\/es\/wp-content\/uploads\/sites\/11\/ENG_tt_results_2-1-420x189.webp 420w, https:\/\/typetype.org\/es\/wp-content\/uploads\/sites\/11\/ENG_tt_results_2-1-600x270.webp 600w\" sizes=\"(max-width: 1440px) 100vw, 1440px\" \/><\/figure>\n\n\n\n<ul class=\"wp-block-list\">\n<li>Lanzamiento de nuevas fuentes: un <a href=\"https:\/\/typetype.org\/es\/fonts\/sans-serif\/\" data-type=\"link\" data-id=\"https:\/\/typetype.org\/es\/fonts\/sans-serif\/\">sans serif<\/a>, un sans de alto contraste y una serif Old Style.<\/li>\n\n\n\n<li>Actualizaci\u00f3n de fuentes: <a href=\"https:\/\/typetype.org\/es\/fonts\/tt-ramillas\/\">TT Ramillas<\/a>, <a href=\"https:\/\/typetype.org\/es\/fonts\/tt-interphases\/\">TT Interphases Pro<\/a>, <a href=\"https:\/\/typetype.org\/es\/fonts\/tt-fellows\/\">TT Fellows<\/a>, <a href=\"https:\/\/typetype.org\/es\/fonts\/tt-fors\/\">TT Fors<\/a>, <a href=\"https:\/\/typetype.org\/es\/fonts\/tt-ricordi-greto\/\">TT Ricordi Greto<\/a>, <a href=\"https:\/\/typetype.org\/es\/fonts\/tt-modernoir\/\">TT Modernoir<\/a>, <a href=\"https:\/\/typetype.org\/es\/fonts\/tt-ricordi-allegria\/\">TT Ricordi Allegria<\/a>, <a href=\"https:\/\/typetype.org\/es\/fonts\/tt-biersal\/\">TT Biersal<\/a>, <a href=\"https:\/\/typetype.org\/es\/fonts\/tt-phobos\/\">TT Phobos<\/a>, <a href=\"https:\/\/typetype.org\/es\/fonts\/tt-barrels\/\">TT Barrels<\/a>, <a href=\"https:\/\/typetype.org\/es\/fonts\/tt-bluescreens\/\">TT Bluescreens<\/a><\/li>\n\n\n\n<li>Actualizaci\u00f3n peri\u00f3dica de nuestros bestsellers: <a href=\"https:\/\/typetype.org\/es\/fonts\/tt-norms-pro\/\">TT Norms\u00ae Pro<\/a>, <a href=\"https:\/\/typetype.org\/es\/fonts\/tt-commons-pro\/\">TT Commons\u2122 Pro<\/a><\/li>\n\n\n\n<li>Incorporaci\u00f3n de soporte para escritura \u00e1rabe en nuestros bestsellers: <a href=\"https:\/\/typetype.org\/es\/fonts\/tt-norms-pro\/\">TT Norms\u00ae Pro<\/a>, <a href=\"https:\/\/typetype.org\/es\/fonts\/tt-commons-pro\/\">TT Commons\u2122 Pro<\/a><\/li>\n<\/ul>\n\n\n\n<h2 class=\"wp-block-heading\">Premios y Reconocimientos<\/h2>\n\n\n\n<figure class=\"wp-block-image size-full\"><img decoding=\"async\" width=\"1440\" height=\"500\" src=\"https:\/\/typetype.org\/es\/wp-content\/uploads\/sites\/11\/ENG_tt_results_3-1.webp\" alt=\"\" class=\"wp-image-44159\" srcset=\"https:\/\/typetype.org\/es\/wp-content\/uploads\/sites\/11\/ENG_tt_results_3-1.webp 1440w, https:\/\/typetype.org\/es\/wp-content\/uploads\/sites\/11\/ENG_tt_results_3-1-1024x356.webp 1024w, https:\/\/typetype.org\/es\/wp-content\/uploads\/sites\/11\/ENG_tt_results_3-1-1200x417.webp 1200w, https:\/\/typetype.org\/es\/wp-content\/uploads\/sites\/11\/ENG_tt_results_3-1-768x267.webp 768w, https:\/\/typetype.org\/es\/wp-content\/uploads\/sites\/11\/ENG_tt_results_3-1-420x146.webp 420w, https:\/\/typetype.org\/es\/wp-content\/uploads\/sites\/11\/ENG_tt_results_3-1-600x208.webp 600w\" sizes=\"(max-width: 1440px) 100vw, 1440px\" \/><\/figure>\n\n\n\n<ul class=\"wp-block-list\">\n<li>Premio <a href=\"https:\/\/www.red-dot.org\/\" target=\"_blank\" rel=\"noreferrer noopener\">Red Dot<\/a>: nuestra encantadora <a href=\"https:\/\/typetype.org\/es\/fonts\/tt-espina\/\">TT Espina<\/a> recibi\u00f3 el premio \u00abBest of the Best\u00bb&nbsp;<\/li>\n\n\n\n<li>Premio <a href=\"https:\/\/granshan.com\/\" target=\"_blank\" rel=\"noreferrer noopener\">Granshan<\/a>: <a href=\"https:\/\/typetype.org\/es\/fonts\/tt-espina\/\">TT Espina<\/a> gan\u00f3 oro, y nuestra vers\u00e1til <a href=\"https:\/\/typetype.org\/es\/fonts\/tt-norms-pro-serif\/\">TT Norms\u00ae Pro Serif<\/a> gan\u00f3 bronce<\/li>\n\n\n\n<li>Premio <a href=\"https:\/\/museaward.com\/\" target=\"_blank\" rel=\"noreferrer noopener\">MUSE<\/a>: <a href=\"https:\/\/www.behance.net\/gallery\/186087359\/Ivi-Sans-Display\" target=\"_blank\" rel=\"noreferrer noopener\">IvI Sans Display<\/a> gan\u00f3 oro, la c\u00f3smica <a href=\"https:\/\/typetype.org\/es\/fonts\/tt-cometus\/\">TT Cometus<\/a> gan\u00f3 plata, la transformadora fuente <a href=\"https:\/\/typetype.org\/es\/fonts\/tt-neoris\/\">TT Neoris<\/a> gan\u00f3 plata<\/li>\n\n\n\n<li>Premio <a href=\"https:\/\/www.indigoaward.com\/\" target=\"_blank\" rel=\"noreferrer noopener\">Indigo<\/a>: <a href=\"https:\/\/typetype.org\/es\/fonts\/tt-neoris\/\">TT Neoris<\/a> gan\u00f3 oro, <a href=\"https:\/\/typetype.org\/es\/fonts\/tt-cometus\/\">TT Cometus<\/a> gan\u00f3 plata, <a href=\"https:\/\/www.behance.net\/gallery\/186087359\/Ivi-Sans-Display\" target=\"_blank\" rel=\"noreferrer noopener\">IvI Sans Display<\/a> gan\u00f3 oro y plata<\/li>\n<\/ul>\n\n\n\n<p>Ya hemos comenzado a enviar solicitudes para nuevos concursos, <a href=\"https:\/\/typetype.org\/es\/awards\/\">\u00a1as\u00ed que mantente atento a las actualizaciones!<\/a><\/p>\n\n\n\n<h2 class=\"wp-block-heading\">C\u00f3mo cambi\u00f3 nuestro sitio web<\/h2>\n\n\n\n<ul class=\"wp-block-list\">\n<li>Lanzamos versiones del sitio web en <a href=\"https:\/\/typetype.org\/de\/\">alem\u00e1n<\/a> y <a href=\"https:\/\/typetype.org\/es\/\">espa\u00f1ol<\/a><\/li>\n\n\n\n<li>Creamos un <a href=\"https:\/\/typetype.org\/es\/typography-terms\/\">Diccionario Tipogr\u00e1fico<\/a> donde puedes encontrar definiciones de t\u00e9rminos tipogr\u00e1ficos clave<\/li>\n\n\n\n<li>A\u00f1adimos un <a href=\"https:\/\/typetype.org\/es\/cart\/\">carrito de compras en l\u00ednea<\/a> a la <a href=\"https:\/\/typetype.org\/es\/blog\/typetype-online-store-we-accept-card-payments-for-your-convenience\/\">tienda TypeType<\/a>, haciendo las compras a\u00fan m\u00e1s convenientes<\/li>\n\n\n\n<li>El <a href=\"https:\/\/typetype.org\/es\/\">sitio<\/a> ahora carga m\u00e1s r\u00e1pido<\/li>\n<\/ul>\n\n\n\n<p>\u00a1Y eso es solo el comienzo! Estamos actualizando constantemente nuestro sitio web para hacer tu experiencia a\u00fan mejor. \u00a1Mantente atento, tenemos muchas funciones emocionantes y nuevas secciones en proceso!<\/p>\n\n\n\n<h2 class=\"wp-block-heading\">Nuevos Art\u00edculos del Blog por TypeType<\/h2>\n\n\n\n<figure class=\"wp-block-image size-full\"><img decoding=\"async\" width=\"1440\" height=\"843\" src=\"https:\/\/typetype.org\/es\/wp-content\/uploads\/sites\/11\/ENG_tt_results_5-1.webp\" alt=\"\" class=\"wp-image-44160\" srcset=\"https:\/\/typetype.org\/es\/wp-content\/uploads\/sites\/11\/ENG_tt_results_5-1.webp 1440w, https:\/\/typetype.org\/es\/wp-content\/uploads\/sites\/11\/ENG_tt_results_5-1-1024x599.webp 1024w, https:\/\/typetype.org\/es\/wp-content\/uploads\/sites\/11\/ENG_tt_results_5-1-1200x703.webp 1200w, https:\/\/typetype.org\/es\/wp-content\/uploads\/sites\/11\/ENG_tt_results_5-1-768x450.webp 768w, https:\/\/typetype.org\/es\/wp-content\/uploads\/sites\/11\/ENG_tt_results_5-1-420x246.webp 420w, https:\/\/typetype.org\/es\/wp-content\/uploads\/sites\/11\/ENG_tt_results_5-1-600x351.webp 600w\" sizes=\"(max-width: 1440px) 100vw, 1440px\" \/><\/figure>\n\n\n\n<ul class=\"wp-block-list\">\n<li><a href=\"https:\/\/typetype.org\/es\/blog\/our-golden-child-introducing-tt-neoris-a-model-neo-grotesque-font\/\">\u00abNuestra Fuente Dorada: C\u00f3mo Dise\u00f1amos la Ideal Neo-Grotesque TT Neoris.\u00bb<\/a> Un an\u00e1lisis profundo sobre la creaci\u00f3n de nuestra Neo-Grotesque de pr\u00f3xima generaci\u00f3n: desde la investigaci\u00f3n inicial y el feedback de los usuarios hasta los finos detalles del dise\u00f1o de los caracteres&nbsp;&nbsp;<\/li>\n\n\n\n<li>Continuaci\u00f3n de la serie de art\u00edculos <a href=\"https:\/\/typetype.org\/es\/blog\/universitty\/\">\u00abUniversiTTy\u00bb<\/a>:<\/li>\n<\/ul>\n\n\n\n<p>&#8211; <a href=\"https:\/\/typetype.org\/es\/blog\/universitty-lesson-6-designing-basic-latin-characters-introduction\/\">Lecci\u00f3n 6. Dise\u00f1o de Caracteres Latinos B\u00e1sicos. Introducci\u00f3n<\/a><\/p>\n\n\n\n<p>&#8211; <a href=\"https:\/\/typetype.org\/es\/blog\/universitty-lesson-7-designing-basic-latin-characters-glyph-height-contrast-optical-sizes\/\">Lecci\u00f3n 7. Dise\u00f1o de Caracteres Latinos B\u00e1sicos. Altura de Glifos, Contraste, Tama\u00f1os \u00d3pticos<\/a><\/p>\n\n\n\n<p>&#8211; <a href=\"https:\/\/typetype.org\/es\/blog\/universitty-lesson-8-designing-basic-latin-characters-uppercase-characters\/\">Lecci\u00f3n 8. Dise\u00f1o de Caracteres Latinos B\u00e1sicos. Caracteres en May\u00fasculas<\/a>&nbsp;<\/p>\n\n\n\n<p>&#8211; <a href=\"https:\/\/typetype.org\/es\/blog\/universitty-lesson-9-uppercase-characters-detailed-contour-refinement\/\">Lecci\u00f3n 9. Caracteres en May\u00fasculas. Refinamiento Detallado de Contornos<\/a><\/p>\n\n\n\n<ul class=\"wp-block-list\">\n<li><a href=\"https:\/\/typetype.org\/es\/blog\/open-type-font-features-how-to-use-them-in-design\/\">\u00abCaracter\u00edsticas de Fuentes OpenType: C\u00f3mo Usarlas en el Dise\u00f1o.\u00bb<\/a> Una gu\u00eda completa para aprovechar al m\u00e1ximo las caracter\u00edsticas OpenType en tu trabajo de dise\u00f1o<\/li>\n\n\n\n<li><a href=\"https:\/\/typetype.org\/es\/blog\/icons-illustrations-in-fonts-what-are-they-and-whats-their-purpose\/\">\u00abIconos e Ilustraciones en las Fuentes: \u00bfQu\u00e9 son y cu\u00e1l es su prop\u00f3sito?\u00bb<\/a> Todo lo que necesitas saber sobre la integraci\u00f3n de elementos gr\u00e1ficos en las fuentes: el porqu\u00e9, el c\u00f3mo y el cu\u00e1ndo<\/li>\n\n\n\n<li><a href=\"https:\/\/typetype.org\/es\/blog\/branching-out-how-scandinavian-sans-tt-firs-grew-and-found-its-font-pair\/\">\u00abExpandi\u00e9ndose: C\u00f3mo Scandinavian Sans TT Firs Creci\u00f3 y Encontr\u00f3 su Pareja Tipogr\u00e1fica.\u00bb<\/a> La evoluci\u00f3n de nuestra querida sans serif <a href=\"https:\/\/typetype.org\/es\/fonts\/tt-firs-neue\/\">TT Firs Neue<\/a>, el nacimiento de su compa\u00f1era perfecta <a href=\"https:\/\/typetype.org\/es\/fonts\/tt-firs-text\/\">TT Firs Text<\/a> y c\u00f3mo comenz\u00f3 todo<\/li>\n\n\n\n<li><a href=\"https:\/\/typetype.org\/es\/blog\/font-licensing-complete-guide-for-designers-and-business-clients\/\">\u00abLicenciamiento de Fuentes: Gu\u00eda Completa para Dise\u00f1adores y Clientes Corporativos.\u00bb<\/a> Navega por el mundo de las licencias de fuentes con confianza: desde elegir la licencia adecuada hasta comprender el uso gratuito y los requisitos legales&nbsp;<\/li>\n\n\n\n<li><a href=\"https:\/\/typetype.org\/es\/blog\/on-opposite-sides-wide-and-narrow-fonts\/\">\u00abEn Lados Opuestos: Fuentes Anchas y Estrechas.\u00bb<\/a> La gu\u00eda del dise\u00f1ador para elegir y trabajar con fuentes de diferentes anchos&nbsp;<\/li>\n<\/ul>\n\n\n\n<p>\u00bfQuieres aprender m\u00e1s sobre tipograf\u00eda? \u00a1Sigue nuestro <a href=\"https:\/\/typetype.org\/es\/blog\/\">blog<\/a> para obtener ideas y actualizaciones regulares!<\/p>\n\n\n\n<h2 class=\"wp-block-heading\">Entrando en Nuevas Plataformas<\/h2>\n\n\n\n<figure class=\"wp-block-image size-full\"><img decoding=\"async\" width=\"1440\" height=\"450\" src=\"https:\/\/typetype.org\/es\/wp-content\/uploads\/sites\/11\/tt_results_8-1.webp\" alt=\"\" class=\"wp-image-44162\" srcset=\"https:\/\/typetype.org\/es\/wp-content\/uploads\/sites\/11\/tt_results_8-1.webp 1440w, https:\/\/typetype.org\/es\/wp-content\/uploads\/sites\/11\/tt_results_8-1-1024x320.webp 1024w, https:\/\/typetype.org\/es\/wp-content\/uploads\/sites\/11\/tt_results_8-1-1200x375.webp 1200w, https:\/\/typetype.org\/es\/wp-content\/uploads\/sites\/11\/tt_results_8-1-768x240.webp 768w, https:\/\/typetype.org\/es\/wp-content\/uploads\/sites\/11\/tt_results_8-1-420x131.webp 420w, https:\/\/typetype.org\/es\/wp-content\/uploads\/sites\/11\/tt_results_8-1-600x188.webp 600w\" sizes=\"(max-width: 1440px) 100vw, 1440px\" \/><\/figure>\n\n\n\n<ul class=\"wp-block-list\">\n<li>Nuestras fuentes han sido lanzadas en la plataforma coreana <a href=\"https:\/\/www.sandollcloud.com\/\" target=\"_blank\" rel=\"noreferrer noopener\">Sandoll<\/a><\/li>\n\n\n\n<li>Algunas fuentes de nuestra colecci\u00f3n ya se encuentran en la <a href=\"https:\/\/fonts.adobe.com\/foundries\/typetype\" target=\"_blank\" rel=\"noreferrer noopener\">biblioteca Adobe Fonts<\/a><\/li>\n<\/ul>\n\n\n\n<h2 class=\"wp-block-heading\">Conclusi\u00f3n<\/h2>\n\n\n\n<p>\u00a1Qu\u00e9 a\u00f1o tan incre\u00edble ha sido! Nada de esto ser\u00eda posible sin vosotros, nuestra asombrosa comunidad. Su pasi\u00f3n por la tipograf\u00eda nos impulsa a innovar, crear y compartir nuestro conocimiento. Nos inspir\u00e1is en cada paso del camino.<\/p>\n\n\n\n<p>\u00a1Gracias por ser parte de nuestro viaje!<\/p>\n","protected":false},"excerpt":{"rendered":"<p>2024 ha sido un a\u00f1o incre\u00edblemente productivo y significativo para TypeType. Lanzamos nuevas fuentes y actualizamos las existentes, recibimos premios, mejoramos la usabilidad de nuestro sitio web y compartimos conocimientos sobre dise\u00f1o tipogr\u00e1fico. En resumen, este a\u00f1o nos trajo numerosos cambios, y ahora es el momento de hacer balance, reflexionar sobre nuestros logros y trazar planes para el futuro.<\/p>\n","protected":false},"author":1590,"featured_media":10000049188,"comment_status":"closed","ping_status":"closed","sticky":false,"template":"","format":"standard","meta":{"_acf_changed":false,"footnotes":""},"categories":[1],"tags":[189],"class_list":["post-37642","post","type-post","status-publish","format-standard","has-post-thumbnail","hentry","category-blog","tag-typetype-news"],"acf":{"show_sidebar":true},"_links":{"self":[{"href":"https:\/\/typetype.org\/es\/wp-json\/wp\/v2\/posts\/37642","targetHints":{"allow":["GET"]}}],"collection":[{"href":"https:\/\/typetype.org\/es\/wp-json\/wp\/v2\/posts"}],"about":[{"href":"https:\/\/typetype.org\/es\/wp-json\/wp\/v2\/types\/post"}],"author":[{"embeddable":true,"href":"https:\/\/typetype.org\/es\/wp-json\/wp\/v2\/users\/1590"}],"replies":[{"embeddable":true,"href":"https:\/\/typetype.org\/es\/wp-json\/wp\/v2\/comments?post=37642"}],"version-history":[{"count":5,"href":"https:\/\/typetype.org\/es\/wp-json\/wp\/v2\/posts\/37642\/revisions"}],"predecessor-version":[{"id":47696,"href":"https:\/\/typetype.org\/es\/wp-json\/wp\/v2\/posts\/37642\/revisions\/47696"}],"wp:featuredmedia":[{"embeddable":true,"href":"https:\/\/typetype.org\/es\/wp-json\/wp\/v2\/media\/10000049188"}],"wp:attachment":[{"href":"https:\/\/typetype.org\/es\/wp-json\/wp\/v2\/media?parent=37642"}],"wp:term":[{"taxonomy":"category","embeddable":true,"href":"https:\/\/typetype.org\/es\/wp-json\/wp\/v2\/categories?post=37642"},{"taxonomy":"post_tag","embeddable":true,"href":"https:\/\/typetype.org\/es\/wp-json\/wp\/v2\/tags?post=37642"}],"curies":[{"name":"wp","href":"https:\/\/api.w.org\/{rel}","templated":true}]}}