{"id":10726,"date":"2022-08-03T16:07:06","date_gmt":"2022-08-03T13:07:06","guid":{"rendered":"https:\/\/typetype.org\/es\/?p=10726"},"modified":"2026-02-03T08:57:19","modified_gmt":"2026-02-03T05:57:19","slug":"grow-and-divide-creating-a-font-for-the-g8-festival","status":"publish","type":"post","link":"https:\/\/typetype.org\/es\/blog\/grow-and-divide-creating-a-font-for-the-g8-festival\/","title":{"rendered":"Crecer y compartir: creaci\u00f3n de una fuente para el festival G8"},"content":{"rendered":"\n<figure class=\"wp-block-image size-full is-style-default\"><img decoding=\"async\" src=\"https:\/\/typetype.org\/wp-content\/uploads\/G8_01.gif\" alt=\"Grow and divide: Creating a font for the G8 festival\" class=\"wp-image-10000010727\"\/><\/figure>\n\n\n\n<p><a href=\"https:\/\/ggggggggfest.com\/ru\" target=\"_blank\" rel=\"noreferrer noopener\">El festival de industrias creativas G8<\/a> present\u00f3 al p\u00fablico su identidad visual para 2022. Las asociaciones surgen de inmediato: c\u00e9lulas en divisi\u00f3n, formas org\u00e1nicas y la uni\u00f3n del ser humano con la naturaleza.<\/p>\n\n\n\n<p>Precisamente bajo el principio de \u201ccrecer y compartir\u201d se construy\u00f3 el estilo corporativo, en el que trabaj\u00f3 un gran equipo. El estudio tipogr\u00e1fico <a href=\"https:\/\/typetype.org\/es\">TypeType<\/a> fue uno de los participantes en el proceso creativo de desarrollo de la fuente y el logotipo.<\/p>\n\n\n\n<figure class=\"wp-block-image size-full is-style-default\"><img decoding=\"async\" src=\"https:\/\/typetype.org\/wp-content\/uploads\/G8_02.gif\" alt=\"Grow and divide: Creating a font for the G8 festival\" class=\"wp-image-10000010728\"\/><\/figure>\n\n\n\n<p>El equipo del estudio fue invitado al proyecto en pleno apogeo de la actividad creativa. Se nos present\u00f3 el concepto de identidad, que TypeType deb\u00eda respaldar tipogr\u00e1ficamente mediante la creaci\u00f3n de una fuente.<\/p>\n\n\n\n<p>\u201cLas formas org\u00e1nicas que visualizan la din\u00e1mica del pensamiento creativo a trav\u00e9s del mundo vegetal\u201d \u2014 as\u00ed puede resumirse la idea principal desarrollada por Easy Digital Agency y el dise\u00f1ador Den\u00eds Bashev.<\/p>\n\n\n\n<p>Seg\u00fan se\u00f1alaron los organizadores de G8, el principio \u201ccrecer y compartir\u201d, incorporado en la identidad, tambi\u00e9n se refleja en el nuevo logotipo. A lo largo del festival, este ir\u00e1 cambiando: crecer\u00e1, se dividir\u00e1 y volver\u00e1 a unirse en una sola entidad.<\/p>\n\n\n\n<figure class=\"wp-block-image size-full is-style-default\"><img decoding=\"async\" src=\"https:\/\/typetype.org\/wp-content\/uploads\/G8_03.gif\" alt=\"Grow and divide: Creating a font for the G8 festival\" class=\"wp-image-10000010729\"\/><\/figure>\n\n\n\n<p>El equipo comparti\u00f3 la idea de presentar todas las comunicaciones del festival como si fueran registros de cient\u00edficos que observan un experimento. Quisimos apoyar esta idea tipogr\u00e1ficamente. Al elegir la fuente para el proyecto, busc\u00e1bamos reflejar la imagen de cient\u00edficos describiendo los resultados de sus ensayos. Quer\u00edamos una fuente que transmitiera esa idea sin robar protagonismo. Busc\u00e1bamos una tipograf\u00eda moderadamente neutral, sin estridencias.<\/p>\n\n\n\n<p>Encontramos inspiraci\u00f3n en tipograf\u00edas cir\u00edlicas de los a\u00f1os 80 y 90, que presentaban una cir\u00edlica \u201cextra\u00f1a\u201d para el lector moderno. Tomamos como base la versi\u00f3n estrecha de la fuente <a href=\"https:\/\/typetype.org\/es\/fonts\/tt-interphases\/\">TT Interphases<\/a> del estudio, y modificamos puntualmente algunos glifos para que el conjunto adquiriera un encanto algo desali\u00f1ado y peculiar, con las asociaciones correctas.<\/p>\n\n\n\n<figure class=\"wp-block-image size-full is-style-default\"><img decoding=\"async\" src=\"https:\/\/typetype.org\/wp-content\/uploads\/G8_04.gif\" alt=\"Grow and divide: Creating a font for the G8 festival\" class=\"wp-image-10000010730\"\/><\/figure>\n\n\n\n<figure class=\"wp-block-image size-full is-style-default\"><img decoding=\"async\" src=\"https:\/\/typetype.org\/wp-content\/uploads\/G8_05.png\" alt=\"Grow and divide: Creating a font for the G8 festival\" class=\"wp-image-10000010731\" srcset=\"https:\/\/typetype.org\/es\/wp-content\/uploads\/G8_05.png 1440w, https:\/\/typetype.org\/es\/wp-content\/uploads\/G8_05-420x125.png 420w, https:\/\/typetype.org\/es\/wp-content\/uploads\/G8_05-1024x304.png 1024w, https:\/\/typetype.org\/es\/wp-content\/uploads\/G8_05-768x228.png 768w, https:\/\/typetype.org\/es\/wp-content\/uploads\/G8_05-1200x357.png 1200w, https:\/\/typetype.org\/es\/wp-content\/uploads\/G8_05-600x178.png 600w, https:\/\/typetype.org\/es\/wp-content\/uploads\/G8_05-80x24.png 80w\" sizes=\"(max-width: 1440px) 100vw, 1440px\" \/><\/figure>\n\n\n\n<p>Cabe mencionar que entre las opciones hab\u00eda una versi\u00f3n m\u00e1s radical, en la que sustituimos algunos caracteres por s\u00edmbolos \u201ccient\u00edficos\u201d. Sin embargo, esa idea nos pareci\u00f3 demasiado literal y la descartamos.<\/p>\n\n\n\n<figure class=\"wp-block-image size-full is-style-default\"><img decoding=\"async\" src=\"https:\/\/typetype.org\/wp-content\/uploads\/G8_06.png\" alt=\"Grow and divide: Creating a font for the G8 festival\" class=\"wp-image-10000010732\" srcset=\"https:\/\/typetype.org\/es\/wp-content\/uploads\/G8_06.png 1440w, https:\/\/typetype.org\/es\/wp-content\/uploads\/G8_06-420x85.png 420w, https:\/\/typetype.org\/es\/wp-content\/uploads\/G8_06-1024x208.png 1024w, https:\/\/typetype.org\/es\/wp-content\/uploads\/G8_06-768x156.png 768w, https:\/\/typetype.org\/es\/wp-content\/uploads\/G8_06-1200x243.png 1200w, https:\/\/typetype.org\/es\/wp-content\/uploads\/G8_06-600x122.png 600w, https:\/\/typetype.org\/es\/wp-content\/uploads\/G8_06-80x16.png 80w\" sizes=\"(max-width: 1440px) 100vw, 1440px\" \/><\/figure>\n\n\n\n<p>Tras varias iteraciones internas, entregamos al equipo del festival cuatro estilos rectos y cuatro cursivos con cir\u00edlico modificado: Regular, Medium, DemiBold y Bold.<\/p>\n\n\n\n<figure class=\"wp-block-image size-full is-style-default\"><img decoding=\"async\" src=\"https:\/\/typetype.org\/wp-content\/uploads\/G8_07.png\" alt=\"Grow and divide: Creating a font for the G8 festival\" class=\"wp-image-10000010733\" srcset=\"https:\/\/typetype.org\/es\/wp-content\/uploads\/G8_07.png 1440w, https:\/\/typetype.org\/es\/wp-content\/uploads\/G8_07-420x210.png 420w, https:\/\/typetype.org\/es\/wp-content\/uploads\/G8_07-1024x512.png 1024w, https:\/\/typetype.org\/es\/wp-content\/uploads\/G8_07-768x384.png 768w, https:\/\/typetype.org\/es\/wp-content\/uploads\/G8_07-1200x600.png 1200w, https:\/\/typetype.org\/es\/wp-content\/uploads\/G8_07-600x300.png 600w, https:\/\/typetype.org\/es\/wp-content\/uploads\/G8_07-80x40.png 80w\" sizes=\"(max-width: 1440px) 100vw, 1440px\" \/><\/figure>\n\n\n\n<p>Sin embargo, antes de comenzar con el dise\u00f1o de la fuente, al equipo de TypeType se le propuso participar en la creaci\u00f3n del logotipo del festival. Tras discutir el concepto \u2014 en particular el principio \u201ccrecer y compartir\u201d \u2014, supimos de inmediato qu\u00e9 hacer. La asociaci\u00f3n entre el n\u00famero 8 y las c\u00e9lulas en divisi\u00f3n surgi\u00f3 casi al instante, y comenzamos a desarrollarla. Decidimos mostrar este proceso mediante una fuente variable y as\u00ed encontramos la soluci\u00f3n adecuada. Puedes ver el resultado por ti mismo.<\/p>\n\n\n\n<figure class=\"wp-block-image size-full is-style-default\"><img decoding=\"async\" src=\"https:\/\/typetype.org\/wp-content\/uploads\/G8_08_eng.png\" alt=\"Grow and divide: Creating a font for the G8 festival\" class=\"wp-image-10000010734\" srcset=\"https:\/\/typetype.org\/es\/wp-content\/uploads\/G8_08_eng.png 1440w, https:\/\/typetype.org\/es\/wp-content\/uploads\/G8_08_eng-420x144.png 420w, https:\/\/typetype.org\/es\/wp-content\/uploads\/G8_08_eng-1024x352.png 1024w, https:\/\/typetype.org\/es\/wp-content\/uploads\/G8_08_eng-768x264.png 768w, https:\/\/typetype.org\/es\/wp-content\/uploads\/G8_08_eng-1200x413.png 1200w, https:\/\/typetype.org\/es\/wp-content\/uploads\/G8_08_eng-600x206.png 600w, https:\/\/typetype.org\/es\/wp-content\/uploads\/G8_08_eng-80x28.png 80w\" sizes=\"(max-width: 1440px) 100vw, 1440px\" \/><\/figure>\n\n\n\n<p>Participar en el proceso creativo del festival G8 fue una experiencia extraordinaria, cuyos resultados pueden apreciar miles de asistentes y espectadores. Apoyamos este proyecto con gusto y de forma no comercial.<\/p>\n\n\n\n<p>Protagonistas:<\/p>\n\n\n\n<ul class=\"wp-block-list\">\n<li>Organizador del festival G8: Vitali Bykov<\/li>\n\n\n\n<li>Director de arte del proyecto: Den\u00eds Bashev<\/li>\n\n\n\n<li>Dise\u00f1o principal del proyecto: Easy Digital Agency<\/li>\n\n\n\n<li>Proveedor de la fuente corporativa y del logotipo: TypeType<\/li>\n<\/ul>\n","protected":false},"excerpt":{"rendered":"<p>El festival de industrias creativas G8 ha presentado su identidad visual de 2022. El estudio de dise\u00f1o de fuentes TypeType es uno de los participantes en el proceso creativo de creaci\u00f3n de la fuente y el logotipo.<\/p>\n","protected":false},"author":1,"featured_media":10000010727,"comment_status":"closed","ping_status":"closed","sticky":false,"template":"","format":"standard","meta":{"_acf_changed":false,"footnotes":""},"categories":[1],"tags":[187],"class_list":["post-10726","post","type-post","status-publish","format-standard","has-post-thumbnail","hentry","category-blog","tag-font-custom"],"acf":{"show_sidebar":true},"_links":{"self":[{"href":"https:\/\/typetype.org\/es\/wp-json\/wp\/v2\/posts\/10726","targetHints":{"allow":["GET"]}}],"collection":[{"href":"https:\/\/typetype.org\/es\/wp-json\/wp\/v2\/posts"}],"about":[{"href":"https:\/\/typetype.org\/es\/wp-json\/wp\/v2\/types\/post"}],"author":[{"embeddable":true,"href":"https:\/\/typetype.org\/es\/wp-json\/wp\/v2\/users\/1"}],"replies":[{"embeddable":true,"href":"https:\/\/typetype.org\/es\/wp-json\/wp\/v2\/comments?post=10726"}],"version-history":[{"count":5,"href":"https:\/\/typetype.org\/es\/wp-json\/wp\/v2\/posts\/10726\/revisions"}],"predecessor-version":[{"id":47646,"href":"https:\/\/typetype.org\/es\/wp-json\/wp\/v2\/posts\/10726\/revisions\/47646"}],"wp:featuredmedia":[{"embeddable":true,"href":"https:\/\/typetype.org\/es\/wp-json\/wp\/v2\/media\/10000010727"}],"wp:attachment":[{"href":"https:\/\/typetype.org\/es\/wp-json\/wp\/v2\/media?parent=10726"}],"wp:term":[{"taxonomy":"category","embeddable":true,"href":"https:\/\/typetype.org\/es\/wp-json\/wp\/v2\/categories?post=10726"},{"taxonomy":"post_tag","embeddable":true,"href":"https:\/\/typetype.org\/es\/wp-json\/wp\/v2\/tags?post=10726"}],"curies":[{"name":"wp","href":"https:\/\/api.w.org\/{rel}","templated":true}]}}