{"id":8154,"date":"2022-05-12T11:25:21","date_gmt":"2022-05-12T08:25:21","guid":{"rendered":"https:\/\/typetype.org\/de\/?p=8154"},"modified":"2026-02-05T08:50:52","modified_gmt":"2026-02-05T05:50:52","slug":"tt-norms-pro-a-8-year-history-of-the-font-family","status":"publish","type":"post","link":"https:\/\/typetype.org\/de\/blog\/tt-norms-pro-a-8-year-history-of-the-font-family\/","title":{"rendered":"TT Norms\u00ae Pro: eine 8-j\u00e4hrige Geschichte der Schriftfamilie"},"content":{"rendered":"\n<figure class=\"wp-block-image size-full is-style-default\"><img decoding=\"async\" src=\"https:\/\/typetype.org\/wp-content\/uploads\/01-2.gif\" alt=\"TT Norms\u00ae Pro: a 7-year history of the font family\" class=\"wp-image-1000008158\"\/><\/figure>\n\n\n\n<p>TT&nbsp;Norms<sup class=\"reg\">\u00ae<\/sup> Pro ist eine der begehrtesten Schriften der TypeType-Kollektion. Mehr als drei Neuauflagen in&nbsp;sieben Jahren, die ersten Pl\u00e4tze in&nbsp;den <a href=\"https:\/\/www.myfonts.com\/bestsellers\/\" target=\"_blank\" rel=\"noreferrer noopener\">MyFonts-Ratings<\/a>, Dutzende von Anpassungen und Rezensionen. <\/p>\n\n\n\n<p>Die <a href=\"https:\/\/typetype.org\/de\/fonts\/tt-norms-pro\/\">TT&nbsp;Norms<sup class=\"reg\">\u00ae<\/sup> Pro<\/a>, die 2022 ver\u00f6ffentlicht wurde, enth\u00e4lt 1668 Zeichen in&nbsp;der Schriftkomposition, 66&nbsp;Fonts und 1&nbsp;variablen Font, der sich auf drei Achsen ver\u00e4ndert. Die Unterfamilie <a href=\"https:\/\/typetype.org\/de\/fonts\/tt-norms-pro\/\">TT&nbsp;Norms<sup class=\"reg\">\u00ae<\/sup> Pro Mono<\/a> enth\u00e4lt 1181&nbsp;Zeichen, 14&nbsp;Fonts und 1&nbsp;variable Font. <\/p>\n\n\n\n<p>Es&nbsp;ist schwer, in&nbsp;Worte zu&nbsp;fassen, was f\u00fcr eine wertvolle Erfahrung diese Schrift f\u00fcr alle in&nbsp;unserem Typographie-Studio war, aber wir werden versuchen, die ganze Geschichte zu&nbsp;erz\u00e4hlen, mit all ihren Sackgassen und Fehlern, mit den ersten Erfolgen und einem massiven Umgestaltungsprozess. <\/p>\n\n\n\n<h2 class=\"wp-block-heading\">Alles begann mit einer Idee<\/h2>\n\n\n\n<p>Damals, im&nbsp;Jahr 2015, konnte TypeType nur davon tr\u00e4umen, die beliebteste Schrift der Welt zu&nbsp;schaffen. Aber damals hatten wir die Idee, eine neue Schrift zu&nbsp;entwerfen, die sich grundlegend von allem bisher Dagewesenen unterscheiden sollte.<\/p>\n\n\n\n<p>Es&nbsp;w\u00e4re sch\u00f6n zu&nbsp;sagen, dass wir schon damals wussten, dass wir eine Legende schaffen w\u00fcrden, aber alles war viel prosaischer. Einer der Schriftdesigner des Studios bemerkte, dass es&nbsp;bei der Auswahl einer Schrift f\u00fcr ein neues Projekt immer Probleme gab: Die Schrift gefiel ihnen visuell, aber die Zusammensetzung der Zeichen oder die kyrillische Version gefielen ihnen nicht. Au\u00dferdem war die Auswahl an&nbsp;geometrischen <a href=\"https:\/\/typetype.org\/de\/fonts\/serif\/\">serifenlosen<\/a> Schriften zu&nbsp;dieser Zeit bescheiden, obwohl solche Schriften weltweit immer beliebter wurden und sich zu&nbsp;einem Trend entwickelten.<\/p>\n\n\n\n<p>Dies war die Voraussetzung f\u00fcr die Schaffung eines eigenen Produkts mit einem sorgf\u00e4ltig ausgearbeiteten kyrillischen Alphabet, einer umfangreichen Zeichenkomposition und einem universellen Zeichen. Wir wollten eine Schrift, die sich f\u00fcr verschiedene Projekte eignet, stilvoll und modern aussieht&nbsp;\u2014 eine geometrische Serifenlose mit klassischen Zeichenproportionen, neutral, aber f\u00fcr Designer unverzichtbar.<\/p>\n\n\n\n<p>So&nbsp;entstanden die ersten Entw\u00fcrfe.<\/p>\n\n\n\n<h2 class=\"wp-block-heading\">TT&nbsp;Norms<sup class=\"reg\">\u00ae<\/sup>&nbsp;\u2014 die erste Version <\/h2>\n\n\n\n<h3 class=\"wp-block-heading\">2015-2017: Von den Skizzen an&nbsp;die Spitze des MyFonts-Rankings<\/h3>\n\n\n\n<p>Im&nbsp;Jahr 2015 hatte das Studio eine v\u00f6llig andere Herangehensweise an&nbsp;das Schriftdesign, aber nicht weniger Ambitionen und Pl\u00e4ne. Wir setzten alles daran, eine geometrische Serifenlose mit universellem Charakter zu&nbsp;entwerfen, denn wir wollten den Anwendungsbereich so&nbsp;weit wie m\u00f6glich ausdehnen.<\/p>\n\n\n\n<figure class=\"wp-block-image size-full is-style-default\"><img decoding=\"async\" src=\"https:\/\/typetype.org\/wp-content\/uploads\/02.jpg\" alt=\"TT Norms\u00ae Pro: a 7-year history of the font family\" class=\"wp-image-1000004393\" srcset=\"https:\/\/typetype.org\/de\/wp-content\/uploads\/02.jpg 1440w, https:\/\/typetype.org\/de\/wp-content\/uploads\/02-1024x271.jpg 1024w, https:\/\/typetype.org\/de\/wp-content\/uploads\/02-1200x318.jpg 1200w, https:\/\/typetype.org\/de\/wp-content\/uploads\/02-768x203.jpg 768w, https:\/\/typetype.org\/de\/wp-content\/uploads\/02-420x111.jpg 420w, https:\/\/typetype.org\/de\/wp-content\/uploads\/02-600x159.jpg 600w\" sizes=\"(max-width: 1440px) 100vw, 1440px\" \/><\/figure>\n\n\n\n<p>Die Idee wurde sofort in&nbsp;die Tat umgesetzt und mit den ersten Skizzen begann die aktive Entwicklung der Schrift, f\u00fcr die wir damals noch keinen Namen hatten. Die Datei mit den Entwicklungen wurde Untitled font&#8220; genannt. Ende 2015\/Anfang 2016 wurden einige Buchstaben in&nbsp;Adobe Illustrator gezeichnet und am&nbsp;7. M\u00e4rz 2016 erschien der erste Font. Jede Glyphe wurde in&nbsp;einem Grafikeditor gezeichnet und der Plan war, 7&nbsp;aufrechte Gesichter zu&nbsp;schaffen: Thin, Light, Regular, DemiBold, Bold, Black, Extra Black.<\/p>\n\n\n\n<figure class=\"wp-block-image size-full is-style-default\"><img decoding=\"async\" src=\"https:\/\/typetype.org\/wp-content\/uploads\/03.jpg\" alt=\"TT Norms\u00ae Pro: a 7-year history of the font family\" class=\"wp-image-1000008160\" srcset=\"https:\/\/typetype.org\/de\/wp-content\/uploads\/03.jpg 1440w, https:\/\/typetype.org\/de\/wp-content\/uploads\/03-420x198.jpg 420w, https:\/\/typetype.org\/de\/wp-content\/uploads\/03-1024x483.jpg 1024w, https:\/\/typetype.org\/de\/wp-content\/uploads\/03-768x362.jpg 768w, https:\/\/typetype.org\/de\/wp-content\/uploads\/03-1200x566.jpg 1200w, https:\/\/typetype.org\/de\/wp-content\/uploads\/03-600x283.jpg 600w, https:\/\/typetype.org\/de\/wp-content\/uploads\/03-80x38.jpg 80w\" sizes=\"(max-width: 1440px) 100vw, 1440px\" \/><\/figure>\n\n\n\n<p>Parallel zu&nbsp;den ersten Entwicklungen begannen wir, \u00fcber den Namen der zuk\u00fcnftigen Schrift nachzudenken. Drei Varianten wurden vorgeschlagen.<\/p>\n\n\n\n<ul class=\"wp-block-list\">\n<li>Die erste hie\u00df Norms. Der Name setzt sich aus dem Wort \u00abNorm\u00bb zusammen, das auf ein Beispiel, ein Muster oder einen Standard anspielt.<\/li>\n\n\n\n<li>Der zweite Name war Brevs. Aus dem Norwegischen \u00fcbersetzt bedeutet dieses Wort Buchstaben.<\/li>\n\n\n\n<li>Der dritte Kandidat war Completes, abgeleitet vom englischen \u00abcomplete\u00bb, was \u00abvollst\u00e4ndig\u00bb bedeutet.<\/li>\n<\/ul>\n\n\n\n<p>Es&nbsp;ist nicht schwer zu&nbsp;erraten, dass der allererste Kandidat den Zuschlag erhielt. Der Name TT&nbsp;Norms<sup class=\"reg\">\u00ae<\/sup> scheint uns nach wie vor am&nbsp;besten geeignet, so&nbsp;pr\u00e4gnant und einpr\u00e4gsam wie die Schrift selbst.<\/p>\n\n\n\n<p>Die Arbeit ging weiter.<\/p>\n\n\n\n<p>Am&nbsp;13. M\u00e4rz 2016 wurde die Schrift fertiggestellt. Die korrekten Ans\u00e4tze waren festgelegt, das Kerning durchgef\u00fchrt, die Funktionen f\u00fcr die Arbeit mit Alternativzeichen definiert. Wir wollten die Schrift so&nbsp;schnell wie m\u00f6glich in&nbsp;ihren endg\u00fcltigen Zustand versetzen, damit wir uns mehr auf das Feintuning und die Verfeinerung konzentrieren k\u00f6nnen, w\u00e4hrend wir das fertige Ergebnis sehen.<\/p>\n\n\n\n<p>Die ersten \u00c4nderungen befinden sich noch im&nbsp;Archiv des Teams. Wir wollen Ihnen einige davon zeigen.<\/p>\n\n\n\n<ul class=\"wp-block-list\">\n<li>In&nbsp;verschiedenen Gr\u00f6\u00dfen wurden die Kanten der Zahl 8&nbsp;und des lateinischen Kleinbuchstabens f&nbsp;gefaltet oder abgeschnitten.<\/li>\n<\/ul>\n\n\n\n<figure class=\"wp-block-image size-full is-style-default\"><img decoding=\"async\" src=\"https:\/\/typetype.org\/wp-content\/uploads\/04.gif\" alt=\"TT Norms\u00ae Pro: a 7-year history of the font family\" class=\"wp-image-1000004306\"\/><\/figure>\n\n\n\n<ul class=\"wp-block-list\">\n<li>Die Formen der abgerundeten Elemente der lateinischen Kleinbuchstaben r&nbsp;und f&nbsp;wurden gegen\u00fcber den Originalversionen ver\u00e4ndert. Das r&nbsp;wurde runder, das f&nbsp;spitzer.<\/li>\n<\/ul>\n\n\n\n<figure class=\"wp-block-image size-full is-style-default\"><img decoding=\"async\" src=\"https:\/\/typetype.org\/wp-content\/uploads\/05.gif\" alt=\"TT Norms\u00ae Pro: a 7-year history of the font family\" class=\"wp-image-1000004308\"\/><\/figure>\n\n\n\n<ul class=\"wp-block-list\">\n<li>Bei einigen Buchstabenpaaren sind die Buchstaben auseinander gelaufen, was auf einen Kerning-Fehler zur\u00fcckzuf\u00fchren ist. Dieses Problem kann auftreten, wenn mit einer bestimmten Gr\u00f6\u00dfe und einem bestimmten Ma\u00dfstab gearbeitet wird.<\/li>\n\n\n\n<li>Die L\u00fccke zwischen den Gro\u00df- und Kleinbuchstaben war deutlich gr\u00f6\u00dfer als die Einr\u00fcckung im&nbsp;Wort, was ebenfalls ein Kerning-Fehler war.<\/li>\n<\/ul>\n\n\n\n<figure class=\"wp-block-image size-full is-style-default\"><img decoding=\"async\" src=\"https:\/\/typetype.org\/wp-content\/uploads\/06.gif\" alt=\"TT Norms\u00ae Pro: a 7-year history of the font family\" class=\"wp-image-1000008163\"\/><\/figure>\n\n\n\n<p>In&nbsp;der Tat gab es&nbsp;einige Fehler in&nbsp;den ersten Iterationen, aber das war nicht schlimm, denn schon damals \u00fcbertraf der erste Eindruck der Schrift alle Erwartungen des Teams. TT&nbsp;Norms<sup class=\"reg\">\u00ae<\/sup> wirkte wirklich harmonisch: Sowohl die Form der Buchstaben als auch die diakritischen Zeichen waren sehr ansprechend. Die Begeisterung f\u00fcr die weitere Arbeit war gro\u00df.<\/p>\n\n\n\n<figure class=\"wp-block-image size-full is-style-default\"><img decoding=\"async\" src=\"https:\/\/typetype.org\/wp-content\/uploads\/07.jpg\" alt=\"TT Norms\u00ae Pro: a 7-year history of the font family\" class=\"wp-image-1000004311\" srcset=\"https:\/\/typetype.org\/de\/wp-content\/uploads\/07.jpg 1440w, https:\/\/typetype.org\/de\/wp-content\/uploads\/07-1024x568.jpg 1024w, https:\/\/typetype.org\/de\/wp-content\/uploads\/07-1200x666.jpg 1200w, https:\/\/typetype.org\/de\/wp-content\/uploads\/07-768x426.jpg 768w, https:\/\/typetype.org\/de\/wp-content\/uploads\/07-420x233.jpg 420w, https:\/\/typetype.org\/de\/wp-content\/uploads\/07-600x333.jpg 600w\" sizes=\"(max-width: 1440px) 100vw, 1440px\" \/><\/figure>\n\n\n\n<p>Bis Ende M\u00e4rz war geplant, 7&nbsp;aufrechte Schriften zu&nbsp;entwerfen: Thin, Light, Regular, Medium, DemiBold, Bold und ExtraBlack. Wir waren der Meinung, dass diese Schrift alle Bed\u00fcrfnisse der Designer abdecken w\u00fcrde. In&nbsp;der endg\u00fcltigen Version f\u00fcgten wir noch zwei weitere Schriften hinzu.<\/p>\n\n\n\n<p>Damals arbeiteten wir mit dem Programm FontLab&nbsp;5, und alle Stile wurden von Hand gezeichnet. Nachdem wir die \u00c4nderungen vorgenommen hatten, wurde das Projekt in&nbsp;das CRM-System \u00fcbertragen. Es&nbsp;ist erw\u00e4hnenswert, dass wir nicht t\u00e4glich an&nbsp;TT&nbsp;Norms<sup class=\"reg\">\u00ae<\/sup> arbeiteten, da&nbsp;andere Projekte parallel liefen, so&nbsp;dass an&nbsp;der Schrift zu&nbsp;gewissen Zeiten nicht gearbeitet wurden und sie auf ihren Einsatz wartete.<\/p>\n\n\n\n<p>Als die Idee geboren, die Schrift entwickelt und teilweise gerendert war, mussten wir eine Pause einlegen und warten, bis die Ressourcen des Teams wieder frei waren, um&nbsp;die Arbeit fortzusetzen.<\/p>\n\n\n\n<p>Im&nbsp;November 2016 nahmen wir die fertigen Entwicklungen als Basis f\u00fcr den Medium-Font und f\u00fcgten Heavy und Thin, also die dicksten und d\u00fcnnsten Schriften, hinzu. Dabei entdeckten wir einige kleine Fehler und nahmen parallel \u00c4nderungen vor. Zum Beispiel bei den lateinischen Kleinbuchstaben&nbsp;a, y.<\/p>\n\n\n\n<figure class=\"wp-block-image size-full is-style-default\"><img decoding=\"async\" src=\"https:\/\/typetype.org\/wp-content\/uploads\/07-01.jpg\" alt=\"TT Norms\u00ae Pro: a 7-year history of the font family\" class=\"wp-image-1000008165\" srcset=\"https:\/\/typetype.org\/de\/wp-content\/uploads\/07-01.jpg 1440w, https:\/\/typetype.org\/de\/wp-content\/uploads\/07-01-420x118.jpg 420w, https:\/\/typetype.org\/de\/wp-content\/uploads\/07-01-1024x288.jpg 1024w, https:\/\/typetype.org\/de\/wp-content\/uploads\/07-01-768x216.jpg 768w, https:\/\/typetype.org\/de\/wp-content\/uploads\/07-01-1200x338.jpg 1200w, https:\/\/typetype.org\/de\/wp-content\/uploads\/07-01-600x169.jpg 600w, https:\/\/typetype.org\/de\/wp-content\/uploads\/07-01-80x23.jpg 80w\" sizes=\"(max-width: 1440px) 100vw, 1440px\" \/><\/figure>\n\n\n\n<p>Im&nbsp;Januar 2017 waren sieben <a href=\"https:\/\/typetype.org\/de\/fonts\/sans-serif\/\">Sans Serif<\/a>-Fonts fertig, und zu&nbsp;den urspr\u00fcnglich geplanten Fonts kam noch der ExtraLight hinzu. DemiBold wurde aus der ersten Version der Schrift gestrichen, da&nbsp;der Unterschied in&nbsp;der vertikalen Strichst\u00e4rke zwischen ihr und Medium vernachl\u00e4ssigbar war. Die fetteste Schrift, Heavy, wurde jedoch in&nbsp;die Schriftpalette aufgenommen.<\/p>\n\n\n\n<figure class=\"wp-block-image size-full is-style-default\"><img decoding=\"async\" src=\"https:\/\/typetype.org\/wp-content\/uploads\/08.jpg\" alt=\"TT Norms\u00ae Pro: a 7-year history of the font family\" class=\"wp-image-1000008166\" srcset=\"https:\/\/typetype.org\/de\/wp-content\/uploads\/08.jpg 1440w, https:\/\/typetype.org\/de\/wp-content\/uploads\/08-420x210.jpg 420w, https:\/\/typetype.org\/de\/wp-content\/uploads\/08-1024x512.jpg 1024w, https:\/\/typetype.org\/de\/wp-content\/uploads\/08-768x384.jpg 768w, https:\/\/typetype.org\/de\/wp-content\/uploads\/08-1200x600.jpg 1200w, https:\/\/typetype.org\/de\/wp-content\/uploads\/08-600x300.jpg 600w, https:\/\/typetype.org\/de\/wp-content\/uploads\/08-80x40.jpg 80w\" sizes=\"(max-width: 1440px) 100vw, 1440px\" \/><\/figure>\n\n\n\n<p>Zus\u00e4tzliche Tests ergaben weitere notwendige \u00c4nderungen, von denen einige nachstehend aufgef\u00fchrt sind.<\/p>\n\n\n\n<ul class=\"wp-block-list\">\n<li>Die Abst\u00e4nde zwischen den Buchstaben einiger Ligaturen sahen nicht einheitlich aus, so&nbsp;dass die Aufgabe darin bestand, alles harmonisch erscheinen zu&nbsp;lassen.<\/li>\n<\/ul>\n\n\n\n<figure class=\"wp-block-image size-full is-style-default\"><img decoding=\"async\" src=\"https:\/\/typetype.org\/wp-content\/uploads\/09.gif\" alt=\"TT Norms\u00ae Pro: a 7-year history of the font family\" class=\"wp-image-1000008167\"\/><\/figure>\n\n\n\n<ul class=\"wp-block-list\">\n<li>Einige Zeichen \u00e4nderten ihre Form in&nbsp;den verschiedenen Schnitten, z. B. sah die Zahl 1&nbsp;in&nbsp;der d\u00fcnneren Regular anders aus als in&nbsp;der Medium.<\/li>\n<\/ul>\n\n\n\n<figure class=\"wp-block-image size-full is-style-default\"><img decoding=\"async\" src=\"https:\/\/typetype.org\/wp-content\/uploads\/10.gif\" alt=\"TT Norms\u00ae Pro: a 7-year history of the font family\" class=\"wp-image-1000008168\"\/><\/figure>\n\n\n\n<ul class=\"wp-block-list\">\n<li>Einige Glyphenformen haben sich im&nbsp;Vergleich zum Original ver\u00e4ndert, z. B. wurde die Drehung des kyrillischen \u043b&nbsp;weniger geschmeidig.<\/li>\n<\/ul>\n\n\n\n<figure class=\"wp-block-image size-full is-style-default\"><img decoding=\"async\" src=\"https:\/\/typetype.org\/wp-content\/uploads\/11.gif\" alt=\"TT Norms\u00ae Pro: a 7-year history of the font family\" class=\"wp-image-1000008169\"\/><\/figure>\n\n\n\n<p>Wir haben die Schrift st\u00e4ndig auf Fehler untersucht und \u00c4nderungen vorgenommen, wobei wir versucht haben, alle Details bei der Fertigstellung der Schrift zu&nbsp;ber\u00fccksichtigen.<\/p>\n\n\n\n<p>In&nbsp;dieser Zeit entstand auch eine echte Kursivschrift, d.h. eine ver\u00e4nderte Form der Buchstaben. Dies war ein Experiment, das wir sp\u00e4ter wieder verworfen haben.<\/p>\n\n\n\n<p>Am&nbsp;30. Mai 2017 war die erste Version von TT&nbsp;Norms<sup class=\"reg\">\u00ae<\/sup> fertig. Wir haben sie auf den Plattformen ver\u00f6ffentlicht.<\/p>\n\n\n\n<p>In&nbsp;der Version 2017 von TT&nbsp;Norms<sup class=\"reg\">\u00ae<\/sup> gab es&nbsp;18&nbsp;Schnitte: 9&nbsp;aufrechte Schnitte (Thin, ExtraLight, Light, Regular, Medium, Bold, ExtraBold, Black, Heavy) und 9&nbsp;kursive Schnitte, die diese duplizieren. Die erste Version der Schrift enthielt 530 Zeichen in&nbsp;jedem Stil. Sp\u00e4ter wird sich die Anzahl der Zeichen mehr als verdreifachen!<\/p>\n\n\n\n<p>Zusammen mit der Schriftfamilie TT&nbsp;Norms<sup class=\"reg\">\u00ae<\/sup> wurde auch ein Muster mit allen notwendigen Informationen und grafischen Materialien zur Schrift ver\u00f6ffentlicht.<\/p>\n\n\n\n<figure class=\"wp-block-image size-full is-style-default\"><img decoding=\"async\" src=\"https:\/\/typetype.org\/wp-content\/uploads\/12-scaled.jpg\" alt=\"TT Norms\u00ae Pro: a 7-year history of the font family\" class=\"wp-image-1000004316\"\/><\/figure>\n\n\n\n<p>Unsere Bem\u00fchungen waren nicht umsonst: Fast unmittelbar nach dem Verkaufsstart wurde die ver\u00f6ffentlichte Schrift zu&nbsp;einem Bestseller auf MyFonts. Dies war nat\u00fcrlich ein starker Ansporn, die Arbeit an&nbsp;der Aktualisierung der TT&nbsp;Norms<sup class=\"reg\">\u00ae<\/sup> fortzusetzen und sie in&nbsp;optischer und technischer Hinsicht zu&nbsp;verbessern.<\/p>\n\n\n\n<h2 class=\"wp-block-heading\">TT&nbsp;Norms<sup class=\"reg\">\u00ae<\/sup>&nbsp;\u2014 Die Fortsetzung <\/h2>\n\n\n\n<h3 class=\"wp-block-heading\">2017&nbsp;\u2014 2018: Von der Version&nbsp;1.2 zur TT&nbsp;Norms<sup class=\"reg\">\u00ae<\/sup> Pro<\/h3>\n\n\n\n<p>Nach der Ver\u00f6ffentlichung der ersten Version und dem Erfolg auf den Plattformen begannen wir \u00fcber eine Erweiterung der Schriftfamilie nachzudenken. Wir wollten den Designern das vielseitigste Werkzeug in&nbsp;ihrem Arsenal zur Verf\u00fcgung stellen.<\/p>\n\n\n\n<p>Fast unmittelbar nach der Ver\u00f6ffentlichung der ersten Version wurde die Version&nbsp;1.2 auf den Markt gebracht. Wir erweiterten den Zeichensatz auf 610 Glyphen in&nbsp;jedem Stil, indem wir erweiterte lateinische Zeichen, antike und tabellarische Zeichen, Pfeile und Zeichen in&nbsp;Kreisen mit und ohne F\u00fcllung hinzuf\u00fcgten. F\u00fcr beide Versionen wurde automatisches Hinting mit ttfautohint implementiert.<\/p>\n\n\n\n<figure class=\"wp-block-image size-full\"><img decoding=\"async\" src=\"https:\/\/typetype.org\/wp-content\/uploads\/13-2.gif\" alt=\"TT Norms\u00ae Pro: a 7-year history of the font family\" class=\"wp-image-1000008389\"\/><\/figure>\n\n\n\n<p>2017 trafen wir uns auch mit dem Team des \u00e4ltesten Schriftstudios der Hauptstadt. Die erfahrenen Kollegen f\u00fchrten damals ein Audit der TT&nbsp;Norms<sup class=\"reg\">\u00ae<\/sup> durch und machten uns auf einige technische Unzul\u00e4nglichkeiten aufmerksam, die wir sofort zu&nbsp;beheben begannen. Damals wurde uns klar, dass es&nbsp;ohne eine technische Abteilung und die Entwicklung von Software schwierig sein w\u00fcrde, die Schrift zu&nbsp;entwickeln, und so&nbsp;begannen wir mit der Vorbereitung von Softwareprodukten, die die Qualit\u00e4t der produzierten Schriften kontrollieren sollten.<\/p>\n\n\n\n<p>Die technische Abteilung wurde gegr\u00fcndet und ausgebaut. Im&nbsp;Jahr 2018 beherrschte das Team das manuelle Hinting und entwickelte eine eigene Reihe von Dienstprogrammen f\u00fcr die Qualit\u00e4tskontrolle von Schriftfamilien.<\/p>\n\n\n\n<p>Man kann sich leicht vorstellen, dass das gesamte Jahr 2018 den \u00c4nderungen an&nbsp;TT&nbsp;Norms<sup class=\"reg\">\u00ae<\/sup> gewidmet war. Wir haben die Schrift in&nbsp;dieser Zeit neu gestaltet, angefangen mit einer globalen Studie, um&nbsp;zu&nbsp;verstehen, welche Glyphen der Schrift hinzugef\u00fcgt werden k\u00f6nnen. Das Team berechnete auch die Parameter der Stems neu, um&nbsp;eine bessere Kompatibilit\u00e4t zwischen den Schriften zu&nbsp;erreichen, \u00e4nderte die Interpolation in&nbsp;den Schriften und, da&nbsp;jeder Stil und jede Glyphe manuell ge\u00e4ndert wurde, wurde fast die gesamte Schrift neu erstellt.<\/p>\n\n\n\n<p>Echte Kursivbuchstaben wurden durch Kursivbuchstaben ersetzt, die die urspr\u00fcngliche Zeichnung des aufrechten Zeichens vollst\u00e4ndig schr\u00e4g wiederholen. Der Zeichensatz wurde auf 1392 Zeichen erweitert: Griechische und vietnamesische Sprachen kamen hinzu, die Palette der lateinischen und kyrillischen Sprachen wurde erweitert. Wir haben neue W\u00e4hrungszeichen einschlie\u00dflich ihrer Varianten hinzugef\u00fcgt: Z\u00e4hler, Nenner, Tabulatoren und altmodische Formen. Wir erg\u00e4nzten die Schrift um&nbsp;Dienstzeichen und dachten \u00fcber OpenType-Funktionen nach, die, wie wir verstanden, von allen professionellen Schriftgestaltern verwendet wurden. Das Hinting erfolgte manuell, was den Wert der TT&nbsp;Norms<sup class=\"reg\">\u00ae<\/sup> f\u00fcr die Arbeit in&nbsp;einer Web-Umgebung erh\u00f6hte.<\/p>\n\n\n\n<figure class=\"wp-block-image size-full is-style-default\"><img decoding=\"async\" src=\"https:\/\/typetype.org\/wp-content\/uploads\/14.jpg\" alt=\"TT Norms\u00ae Pro: a 7-year history of the font family\" class=\"wp-image-1000004318\" srcset=\"https:\/\/typetype.org\/de\/wp-content\/uploads\/14.jpg 1440w, https:\/\/typetype.org\/de\/wp-content\/uploads\/14-1024x512.jpg 1024w, https:\/\/typetype.org\/de\/wp-content\/uploads\/14-1200x600.jpg 1200w, https:\/\/typetype.org\/de\/wp-content\/uploads\/14-768x384.jpg 768w, https:\/\/typetype.org\/de\/wp-content\/uploads\/14-420x210.jpg 420w, https:\/\/typetype.org\/de\/wp-content\/uploads\/14-600x300.jpg 600w\" sizes=\"(max-width: 1440px) 100vw, 1440px\" \/><\/figure>\n\n\n\n<p>Nat\u00fcrlich brachten wir mit diesen \u00c4nderungen nicht nur ein Update heraus, sondern eine neue Version der Schrift, die das Pr\u00e4fix \u00abpro\u00bb erhielt und in&nbsp;TT&nbsp;Norms<sup class=\"reg\">\u00ae<\/sup> Pro umbenannt wurde. Zu&nbsp;diesem Zeitpunkt war es&nbsp;das gr\u00f6\u00dfte und umfangreichste Projekt, das wir je&nbsp;durchgef\u00fchrt haben. Die Schrift kam im&nbsp;Januar 2019 auf den Markt und erfreute sich erneut gro\u00dfer Beliebtheit.<\/p>\n\n\n\n<p>Wir haben begonnen, R\u00fcckmeldungen von Nutzern zu&nbsp;erhalten, auch zu&nbsp;M\u00e4ngeln oder Fehlern, die bei der Nutzung festgestellt wurden. F\u00fcr uns ist das Feedback eines echten Publikums immer ein wertvoller Beitrag zur Entwicklung einer Schrift, da&nbsp;es&nbsp;uns die M\u00f6glichkeit gibt, Fehler schnell zu&nbsp;beheben.<\/p>\n\n\n\n<p>Immer wieder \u00fcberpr\u00fcften wir die Zusammensetzung der Zeichen, bis wir feststellten, dass die Version TT&nbsp;Norms<sup class=\"reg\">\u00ae<\/sup> Pro gr\u00f6\u00dfere \u00c4nderungen erforderte. So&nbsp;begann die Arbeit an&nbsp;der Version&nbsp;2.140.<\/p>\n\n\n\n<p>Basierend auf dem Feedback der Anwender haben wir 4&nbsp;neue Schnitte hinzugef\u00fcgt, die in&nbsp;den Anfragen am&nbsp;h\u00e4ufigsten genannt wurden: Normal, Normal Italic, DemiBold, DemiBold Italic.<\/p>\n\n\n\n<figure class=\"wp-block-image size-full is-style-default\"><img decoding=\"async\" src=\"https:\/\/typetype.org\/wp-content\/uploads\/15.jpg\" alt=\"TT Norms\u00ae Pro: a 7-year history of the font family\" class=\"wp-image-1000004319\" srcset=\"https:\/\/typetype.org\/de\/wp-content\/uploads\/15.jpg 1440w, https:\/\/typetype.org\/de\/wp-content\/uploads\/15-1024x518.jpg 1024w, https:\/\/typetype.org\/de\/wp-content\/uploads\/15-1200x608.jpg 1200w, https:\/\/typetype.org\/de\/wp-content\/uploads\/15-768x389.jpg 768w, https:\/\/typetype.org\/de\/wp-content\/uploads\/15-420x213.jpg 420w, https:\/\/typetype.org\/de\/wp-content\/uploads\/15-600x304.jpg 600w\" sizes=\"(max-width: 1440px) 100vw, 1440px\" \/><\/figure>\n\n\n\n<p>Der Zeichensatz wurde erneut erweitert, diesmal auf 1.590&nbsp;Glyphen, eine unglaubliche Zahl f\u00fcr TypeType. Zu&nbsp;diesem Zeitpunkt war TT&nbsp;Norms<sup class=\"reg\">\u00ae<\/sup> Pro in&nbsp;der Version&nbsp;2.140 der umfangreichste Zeichensatz.<\/p>\n\n\n\n<p>Wir studierten den Markt gr\u00fcndlich, recherchierten und \u00fcberdachten die Funktionen der Schriftfamilie. Diesmal haben wir Lokalisierungen f\u00fcr Serbisch, Tschuwaschisch, Baschkirisch, Bulgarisch, Moldawisch (Rum\u00e4nisch), Katalanisch und Niederl\u00e4ndisch hinzugef\u00fcgt. In&nbsp;der Sprachzusammensetzung der aktualisierten TT&nbsp;Norms<sup class=\"reg\">\u00ae<\/sup> Pro sind sogar die seltenen Sprachen kleiner V\u00f6lker Russlands und Minderheiten vertreten.<\/p>\n\n\n\n<p>In&nbsp;TT&nbsp;Norms<sup class=\"reg\">\u00ae<\/sup> Pro&nbsp;2.140 haben wir den ersten variablen TypeType-Font erstellt. Es&nbsp;war ein Kompromiss f\u00fcr diejenigen, die unbedingt einen \u00e4hnlichen Font haben wollten, denn es&nbsp;gab zwei variable Fonts: einen f\u00fcr gerade und einen f\u00fcr geneigte Fl\u00e4chen. Die getrennten Schriftschnitte f\u00fcr gerade und kursive Schnitte wurden aufgrund technischer Schwierigkeiten erstellt: Die Anzahl der Punkte zwischen den Stilen stimmte nicht \u00fcberein, was den korrekten Wechsel zwischen den Varianten erschwerte. Wie bereits erw\u00e4hnt, handelte es&nbsp;sich bei jeder Schrift um&nbsp;eine handgezeichnete Vorlage, so&nbsp;dass es&nbsp;ein Erfolg war, einen solchen Kompromiss zu&nbsp;finden, da&nbsp;<a href=\"https:\/\/typetype.org\/de\/fonts\/variable\/\">die variablen<\/a> Schriften schlie\u00dflich sehr gut funktionierten.<\/p>\n\n\n\n<p>Die technische Abteilung \u00fcberpr\u00fcfte die Schriften auf Fehler und Unzul\u00e4nglichkeiten, die parallel behoben wurden. Es&nbsp;wurden st\u00e4ndig \u00c4nderungen vorgenommen, da&nbsp;wir die Schrift zur besten machen wollten.<\/p>\n\n\n\n<p>Die technische Abteilung sammelte auch R\u00fcckmeldungen von Benutzern, um&nbsp;die Funktionsweise von TT&nbsp;Norms<sup class=\"reg\">\u00ae<\/sup> Pro zu&nbsp;verbessern. Im&nbsp;Laufe der Arbeit stellten wir zum Beispiel fest, dass einige Buchstabenbeine instabil waren, das hei\u00dft, sie bewegten sich auf und&nbsp;ab. Im&nbsp;Schriftdesign gibt es&nbsp;zwei Arten von Kurven: OpenType und TrueType, und die technische Abteilung musste einige Teile der Kurven in&nbsp;TrueType konvertieren, damit die variable Schrift korrekt erzeugt werden konnte.<\/p>\n\n\n\n<p>Es&nbsp;ist erw\u00e4hnenswert, dass diese Version die beliebteste und am&nbsp;meisten nachgefragte ist. Sie wurde im&nbsp;Jahr 2020&nbsp;ver\u00f6ffentlicht, und wenn Sie TT&nbsp;Norms<sup class=\"reg\">\u00ae<\/sup> Pro verwendet oder zumindest davon geh\u00f6rt haben, dann war es&nbsp;h\u00f6chstwahrscheinlich die Version&nbsp;2.140. Zum Zeitpunkt ihrer Ver\u00f6ffentlichung war sie die zeitaufw\u00e4ndigste und vollst\u00e4ndigste Schriftart.<\/p>\n\n\n\n<p>Auch nach den Updates haben wir nicht aufgeh\u00f6rt, TT&nbsp;Norms<sup class=\"reg\">\u00ae<\/sup> Pro zu&nbsp;verbessern. Ein Kunde bemerkte zum Beispiel, dass die polnischen diakritischen Zeichen in&nbsp;der Version&nbsp;2.140 nicht korrekt gezeichnet wurden, also haben wir sie in&nbsp;allen Stilen komplett neu gezeichnet. Ein zeitaufw\u00e4ndiger Prozess, aber unumg\u00e4nglich, wenn man die beste Schrift haben will.<\/p>\n\n\n\n<h2 class=\"wp-block-heading\">TT&nbsp;Norms<sup class=\"reg\">\u00ae<\/sup>&nbsp;\u2014 eine Sackgasse<\/h2>\n\n\n\n<h3 class=\"wp-block-heading\">2018-2020. Simplified TT&nbsp;Norms<sup class=\"reg\">\u00ae<\/sup> Std, Condensed und Expanded<\/h3>\n\n\n\n<p>Die Geschichte, die wir in&nbsp;diesem Kapitel erz\u00e4hlen werden, \u00fcberschneidet sich chronologisch mit der vorhergehenden. Im&nbsp;Jahr 2018 hatte sich das gesamte TypeType-Team in&nbsp;die TT&nbsp;Norms<sup class=\"reg\">\u00ae<\/sup> verliebt, sodass wir st\u00e4ndig \u00fcber neue M\u00f6glichkeiten nachdachten, die Schrift zu&nbsp;verbessern. Neben der Arbeit an&nbsp;der TT&nbsp;Norms<sup class=\"reg\">\u00ae<\/sup> Pro gab es&nbsp;auch eine alternative Entwicklungsgeschichte der Schrift.<\/p>\n\n\n\n<p>Im&nbsp;Jahr 2018 ist die TT&nbsp;Norms<sup class=\"reg\">\u00ae<\/sup> bereits eine sehr komplexe und umfangreiche Schrift, mit einem riesigen Zeichensatz, einer Vielzahl von Sprachen und Stilen. Wie bereits erw\u00e4hnt, ist sie die einzige Schrift in&nbsp;der TypeType-Kollektion, die extrem seltene Sprachen unterst\u00fctzt, was sich auf den Preis der Schrift auswirkte.<\/p>\n\n\n\n<p>Wir hatten die Idee, eine vereinfachte Version des Klassikers TT&nbsp;Norms<sup class=\"reg\">\u00ae<\/sup> zu&nbsp;entwickeln und den Zeichensatz auf ein Basisalphabet, Ziffern und Interpunktion zu&nbsp;reduzieren. Dieses Produkt k\u00f6nnte einem breiten Nutzerkreis zug\u00e4nglich gemacht werden, auch denjenigen, die in&nbsp;ihrer Arbeit nicht viele Funktionen und Zeichen verwenden.<\/p>\n\n\n\n<p>Die vereinfachten Versionen sollten TT&nbsp;Norms<sup class=\"reg\">\u00ae<\/sup> Std genannt werden und die klassische TT&nbsp;Norms<sup class=\"reg\">\u00ae<\/sup> Std, die schmalere TT&nbsp;Norms<sup class=\"reg\">\u00ae<\/sup> Condensed und die breitere <a href=\"https:\/\/typetype.org\/de\/fonts\/tt-norms-pro\/\">TT&nbsp;Norms<sup class=\"reg\">\u00ae<\/sup> Expanded<\/a> umfassen. Die vereinfachte Version bestand aus nur 378 Zeichen f\u00fcr jeden Stil. <\/p>\n\n\n\n<p>F\u00fcr diejenigen, die Spoiler lieben, haben wir als Ergebnis nur <a href=\"https:\/\/typetype.org\/de\/fonts\/tt-norms-pro\/\">TT&nbsp;Norms<sup class=\"reg\">\u00ae<\/sup> Condensed<\/a> ver\u00f6ffentlicht, obwohl fast alles gezeichnet wurde. <\/p>\n\n\n\n<figure class=\"wp-block-image size-full is-style-default\"><img decoding=\"async\" src=\"https:\/\/typetype.org\/wp-content\/uploads\/16.jpg\" alt=\"TT Norms\u00ae Pro: a 7-year history of the font family\" class=\"wp-image-1000004322\" srcset=\"https:\/\/typetype.org\/de\/wp-content\/uploads\/16.jpg 1440w, https:\/\/typetype.org\/de\/wp-content\/uploads\/16-1024x449.jpg 1024w, https:\/\/typetype.org\/de\/wp-content\/uploads\/16-1200x527.jpg 1200w, https:\/\/typetype.org\/de\/wp-content\/uploads\/16-768x337.jpg 768w, https:\/\/typetype.org\/de\/wp-content\/uploads\/16-420x184.jpg 420w, https:\/\/typetype.org\/de\/wp-content\/uploads\/16-600x263.jpg 600w\" sizes=\"(max-width: 1440px) 100vw, 1440px\" \/><\/figure>\n\n\n\n<p>Die Arbeit an&nbsp;TT&nbsp;Norms<sup class=\"reg\">\u00ae<\/sup> Condensed begann mit einer umfangreichen Recherche. Der Art Director des Studios studierte alle <a href=\"https:\/\/typetype.org\/de\/fonts\/serif\/\">serifenlosen<\/a> Schriften der gro\u00dfen Studios, in&nbsp;deren Familien es&nbsp;neben den klassischen auch schmale Versionen gibt. Im&nbsp;Laufe der Untersuchung konnten wir herausfinden, welche Verschm\u00e4lerungswerte optimal sind, um&nbsp;die visuelle Harmonie und den Charakter der Schriftfamilie zu&nbsp;erhalten, und welche Werte das Schriftbild stark verzerren w\u00fcrden.<\/p>\n\n\n\n<figure class=\"wp-block-image size-full is-style-default\"><img decoding=\"async\" src=\"https:\/\/typetype.org\/wp-content\/uploads\/17.jpg\" alt=\"TT Norms\u00ae Pro: a 7-year history of the font family\" class=\"wp-image-1000004325\" srcset=\"https:\/\/typetype.org\/de\/wp-content\/uploads\/17.jpg 1391w, https:\/\/typetype.org\/de\/wp-content\/uploads\/17-1024x670.jpg 1024w, https:\/\/typetype.org\/de\/wp-content\/uploads\/17-1200x785.jpg 1200w, https:\/\/typetype.org\/de\/wp-content\/uploads\/17-768x502.jpg 768w, https:\/\/typetype.org\/de\/wp-content\/uploads\/17-420x275.jpg 420w, https:\/\/typetype.org\/de\/wp-content\/uploads\/17-600x393.jpg 600w\" sizes=\"(max-width: 1391px) 100vw, 1391px\" \/><\/figure>\n\n\n\n<p>Die Studie untersuchte auch die Anzahl der Strichst\u00e4rken f\u00fcr die schmalen Versionen, um&nbsp;zu&nbsp;verstehen, bei welcher maximalen Strichst\u00e4rke die Schrift noch \u00e4sthetisch ansprechend w\u00e4re.<\/p>\n\n\n\n<p>Dabei st\u00fctzten wir uns jedoch mehr auf unsere eigene Meinung und Beobachtung als auf Beispiele anderer Schriften. Auf diese Weise konnte das Team die Werte f\u00fcr die Dicke, die H\u00f6he und die Schmalheit der Buchstaben bestimmen. Wir beschlossen, die Gro\u00dfbuchstaben um&nbsp;78-80% und die Kleinbuchstaben um&nbsp;75% schmaler zu&nbsp;machen.<\/p>\n\n\n\n<p>Wir begannen mit der Suche nach dem optimalen Wert am&nbsp;Beispiel des mittleren, des d\u00fcnnsten und des fettesten Schnitts, da&nbsp;sich die gleichen \u00c4nderungen unterschiedlich auf das Schriftbild auswirken. Es&nbsp;wurde auch beschlossen, die fetteste Schrift aufzugeben, da&nbsp;es&nbsp;nicht mehr m\u00f6glich war, eine visuelle Harmonie zu&nbsp;erreichen, wenn die Buchstaben in&nbsp;dieser St\u00e4rke reduziert wurden. Andere Typographie-Studios treffen \u00fcbrigens oft eine \u00e4hnliche Entscheidung.<\/p>\n\n\n\n<p>Alle Ergebnisse der Untersuchungen und Analysen wurden akzeptiert, aber die TT&nbsp;Norms<sup class=\"reg\">\u00ae<\/sup> Condensed wurde nicht sofort ver\u00f6ffentlicht, da&nbsp;die Arbeitsbelastung zu&nbsp;gro\u00df war und es&nbsp;Aufgaben mit h\u00f6herer Priorit\u00e4t gab.<\/p>\n\n\n\n<p>Das Rendering der Glyphen begann mit drei Schnitten: Thin, Regular und Black. Sp\u00e4ter kamen die Designer hinzu, um&nbsp;an&nbsp;den anderen Schnitten zu&nbsp;arbeiten, einschlie\u00dflich der Kursiven. Da&nbsp;die Glyphen in&nbsp;allen Schnitten manuell gerendert werden mussten, war die Arbeit sehr arbeitsintensiv.<\/p>\n\n\n\n<p>Wir arbeiteten noch mit FontLab&nbsp;5, wo&nbsp;es&nbsp;nicht m\u00f6glich war, Referenzvorlagen zu&nbsp;erstellen und daraus Zwischenstile zu&nbsp;generieren. Sp\u00e4ter stellten wir auf Glyphen&nbsp;um, und diese Umstellung beeinflusste die Entwicklung von TT&nbsp;Norms<sup class=\"reg\">\u00ae<\/sup>, aber dazu sp\u00e4ter mehr.<\/p>\n\n\n\n<p>F\u00fcr die Norms<sup class=\"reg\">\u00ae<\/sup> Std-Versionen \u00e4nderten sich die Pl\u00e4ne im&nbsp;Laufe der Arbeit: Wir dachten daran, sie als eigenst\u00e4ndiges Produkt zu&nbsp;ver\u00f6ffentlichen oder sie in&nbsp;Zukunft f\u00fcr andere Zwecke weiterzuentwickeln.<\/p>\n\n\n\n<p>Die Hauptarbeit an&nbsp;der TT&nbsp;Norms<sup class=\"reg\">\u00ae<\/sup> Condensed wurde 2019&nbsp;durchgef\u00fchrt, und sie wurde im&nbsp;April 2020&nbsp;ver\u00f6ffentlicht.<\/p>\n\n\n\n<figure class=\"wp-block-image size-full is-style-default\"><img decoding=\"async\" src=\"https:\/\/typetype.org\/wp-content\/uploads\/18.jpg\" alt=\"TT Norms\u00ae Pro: a 7-year history of the font family\" class=\"wp-image-1000008372\" srcset=\"https:\/\/typetype.org\/de\/wp-content\/uploads\/18.jpg 1440w, https:\/\/typetype.org\/de\/wp-content\/uploads\/18-420x210.jpg 420w, https:\/\/typetype.org\/de\/wp-content\/uploads\/18-1024x512.jpg 1024w, https:\/\/typetype.org\/de\/wp-content\/uploads\/18-768x384.jpg 768w, https:\/\/typetype.org\/de\/wp-content\/uploads\/18-1200x600.jpg 1200w, https:\/\/typetype.org\/de\/wp-content\/uploads\/18-600x300.jpg 600w, https:\/\/typetype.org\/de\/wp-content\/uploads\/18-80x40.jpg 80w\" sizes=\"(max-width: 1440px) 100vw, 1440px\" \/><\/figure>\n\n\n\n<p>Die technische Abteilung pr\u00fcfte und testete die fertigen Schriftdateien auf Fehler, \u00fcberpr\u00fcfte die H\u00f6he der Ober- und Unterl\u00e4ngen, die Konturen der Tabellenfiguren, die Anordnung der Punkte in&nbsp;Gro\u00df- und Kleinbuchstaben und glich Beschnittzugaben manuell aus. Auch das Kerning und dessen \u00dcbertragung in&nbsp;die Hauptschriftdatei wurde durchgef\u00fchrt.<\/p>\n\n\n\n<p>Wir reduzierten den Schriftsatz auf die Standardkodierung. Zuvor f\u00fchrte das Team einige Recherchen durch, um&nbsp;herauszufinden, welcher Satz erhalten bleiben sollte. Es&nbsp;war wichtig, dass der Benutzer weiterhin die wichtigsten europ\u00e4ischen Sprachen verwenden kann. Schlie\u00dflich wurde ein manueller Hinting-Prozess durchgef\u00fchrt.<\/p>\n\n\n\n<p>Als n\u00e4chstes kam TT&nbsp;Norms<sup class=\"reg\">\u00ae<\/sup> Expanded an&nbsp;die Reihe. Die breite Version der Schrift wurde auf die gleiche Weise organisiert wie die schmale Version. Zun\u00e4chst wurde eine Studie durchgef\u00fchrt, um&nbsp;die notwendigen Parameter f\u00fcr die Erweiterung der Schrift zu&nbsp;bestimmen. Dementsprechend wurden Familien, die die breite Version enthielten, f\u00fcr die Analyse ausgew\u00e4hlt. Nach mehreren Iterationen wurden die optimalen Werte gefunden: 110% und 120%, je&nbsp;nach Schriftschnitt. Bei dieser Version wurde beschlossen, die fetteste Version nicht zu&nbsp;verwerfen, da&nbsp;sie harmonisch erschien.<\/p>\n\n\n\n<figure class=\"wp-block-image size-full is-style-default\"><img decoding=\"async\" src=\"https:\/\/typetype.org\/wp-content\/uploads\/19.jpg\" alt=\"TT Norms\u00ae Pro: a 7-year history of the font family\" class=\"wp-image-1000008373\" srcset=\"https:\/\/typetype.org\/de\/wp-content\/uploads\/19.jpg 1391w, https:\/\/typetype.org\/de\/wp-content\/uploads\/19-420x275.jpg 420w, https:\/\/typetype.org\/de\/wp-content\/uploads\/19-1024x670.jpg 1024w, https:\/\/typetype.org\/de\/wp-content\/uploads\/19-768x502.jpg 768w, https:\/\/typetype.org\/de\/wp-content\/uploads\/19-1200x785.jpg 1200w, https:\/\/typetype.org\/de\/wp-content\/uploads\/19-600x393.jpg 600w, https:\/\/typetype.org\/de\/wp-content\/uploads\/19-80x52.jpg 80w\" sizes=\"(max-width: 1391px) 100vw, 1391px\" \/><\/figure>\n\n\n\n<p>Die endg\u00fcltigen Werte lagen bei etwa 125%, da&nbsp;die Glyphen in&nbsp;dieser Breite sehr attraktiv aussahen. Bei der Entwicklung der TT&nbsp;Norms<sup class=\"reg\">\u00ae<\/sup> Expanded hatten wir bereits im&nbsp;Hinterkopf, dass wir in&nbsp;Zukunft eine wirklich variable Version der Schrift schaffen w\u00fcrden.<\/p>\n\n\n\n<figure class=\"wp-block-image size-full is-style-default\"><img decoding=\"async\" src=\"https:\/\/typetype.org\/wp-content\/uploads\/20.jpg\" alt=\"TT Norms\u00ae Pro: a 7-year history of the font family\" class=\"wp-image-1000008374\" srcset=\"https:\/\/typetype.org\/de\/wp-content\/uploads\/20.jpg 1440w, https:\/\/typetype.org\/de\/wp-content\/uploads\/20-420x210.jpg 420w, https:\/\/typetype.org\/de\/wp-content\/uploads\/20-1024x512.jpg 1024w, https:\/\/typetype.org\/de\/wp-content\/uploads\/20-768x384.jpg 768w, https:\/\/typetype.org\/de\/wp-content\/uploads\/20-1200x600.jpg 1200w, https:\/\/typetype.org\/de\/wp-content\/uploads\/20-600x300.jpg 600w, https:\/\/typetype.org\/de\/wp-content\/uploads\/20-80x40.jpg 80w\" sizes=\"(max-width: 1440px) 100vw, 1440px\" \/><\/figure>\n\n\n\n<p>Zu&nbsp;dieser Zeit begann in&nbsp;unserem Studio \u00fcbrigens der Umstieg von FontLab auf Glyphs, aber die erweiterte Version von TT&nbsp;Norms<sup class=\"reg\">\u00ae<\/sup> wurde noch mit der gewohnten Technologie erstellt. Irgendwann wurde klar, dass TT&nbsp;Norms<sup class=\"reg\">\u00ae<\/sup> Expanded nicht f\u00fcr den Verkauf freigegeben werden w\u00fcrde, da&nbsp;sich die Pl\u00e4ne in&nbsp;Richtung einer neuen Version&nbsp;3.0 mit erweiterter Zeichenkomposition ge\u00e4ndert hatten.<\/p>\n\n\n\n<p>Daher konzentrierten wir uns auf die Arbeit mit Expanded f\u00fcr die weitere Verwendung in&nbsp;einem variablen Font, aber Schwierigkeiten bei der Portierung und eine reduzierte Zeichenkomposition f\u00fchrten sp\u00e4ter dazu, dass die breite Version f\u00fcr TT&nbsp;Norms<sup class=\"reg\">\u00ae<\/sup> neu entworfen wurde.<\/p>\n\n\n\n<p>Es&nbsp;stellte sich heraus, dass die Entwicklungslinie der Expanded-Version zum Stillstand gekommen war, und mit ihr die gesamte Std-Linie. Die Priorit\u00e4ten haben sich verschoben, TT&nbsp;Norms<sup class=\"reg\">\u00ae<\/sup> Condensed hat die Erwartungen hinsichtlich der Nachfrage nicht erf\u00fcllt, und unser Team hat bereits mit der Arbeit an&nbsp;einer v\u00f6llig neuen Version von TT&nbsp;Norms<sup class=\"reg\">\u00ae<\/sup> Pro begonnen.<\/p>\n\n\n\n<figure class=\"wp-block-image size-full is-style-default\"><img decoding=\"async\" src=\"https:\/\/typetype.org\/wp-content\/uploads\/21.jpg\" alt=\"TT Norms\u00ae Pro: a 7-year history of the font family\" class=\"wp-image-1000008375\" srcset=\"https:\/\/typetype.org\/de\/wp-content\/uploads\/21.jpg 1440w, https:\/\/typetype.org\/de\/wp-content\/uploads\/21-420x210.jpg 420w, https:\/\/typetype.org\/de\/wp-content\/uploads\/21-1024x512.jpg 1024w, https:\/\/typetype.org\/de\/wp-content\/uploads\/21-768x384.jpg 768w, https:\/\/typetype.org\/de\/wp-content\/uploads\/21-1200x600.jpg 1200w, https:\/\/typetype.org\/de\/wp-content\/uploads\/21-600x300.jpg 600w, https:\/\/typetype.org\/de\/wp-content\/uploads\/21-80x40.jpg 80w\" sizes=\"(max-width: 1440px) 100vw, 1440px\" \/><\/figure>\n\n\n\n<p>Die Arbeit an&nbsp;Expanded wurde gestoppt und die Ressourcen der Entwickler wurden auf priorit\u00e4re Aufgaben verlagert. Diese Phase ist jedoch selten eine \u00fcberw\u00e4ltigend positive Erfahrung. Es&nbsp;gab keinen Grund zur Aufregung, denn vor uns lag die gr\u00f6\u00dfte Aufgabe, die wir uns je&nbsp;bei der Arbeit mit TT&nbsp;Norms<sup class=\"reg\">\u00ae<\/sup> gestellt hatten.<\/p>\n\n\n\n<h2 class=\"wp-block-heading\">TT&nbsp;Norms<sup class=\"reg\">\u00ae<\/sup> Pro&nbsp;\u2014 Die Legende kehrt zur\u00fcck <\/h2>\n\n\n\n<h3 class=\"wp-block-heading\">2021-2022: Variabler Font in&nbsp;voller Skalierung, Unterfamilie mit einheitlicher Breite und vollst\u00e4ndig gezeichneter Zeichensatz<\/h3>\n\n\n\n<figure class=\"wp-block-image size-full is-style-default\"><img decoding=\"async\" src=\"https:\/\/typetype.org\/wp-content\/uploads\/22-scaled.jpg\" alt=\"TT Norms\u00ae Pro: a 7-year history of the font family\" class=\"wp-image-1000008376\"\/><\/figure>\n\n\n\n<p>TT&nbsp;Norms<sup class=\"reg\">\u00ae<\/sup> ist in&nbsp;vielerlei Hinsicht eine einzigartige Schrift f\u00fcr das Studio. Obwohl wir sie von Anfang an&nbsp;mochten, haben wir immer nach neuen M\u00f6glichkeiten gesucht, sie zu&nbsp;verbessern und zu&nbsp;ver\u00e4ndern. Sieben Jahre sind vergangen, seit die erste Version auf den Markt kam, und in&nbsp;dieser Zeit hat sich das TypeType-Typographiestudio ebenso ver\u00e4ndert wie die TT&nbsp;Norms<sup class=\"reg\">\u00ae<\/sup>. Unsere Mitarbeiter und ihre Kompetenzen sind gewachsen, wir haben uns in&nbsp;eine technische und eine grafische Abteilung aufgeteilt und beide verbessert. <\/p>\n\n\n\n<p>Als wir zum ersten Mal die Version&nbsp;3.0&nbsp;planten, war uns allen klar, wie schwierig, umfangreich und arbeitsintensiv dies sein w\u00fcrde. Wie im&nbsp;vorigen Kapitel beschrieben, ist es&nbsp;eine Sackgasse, ein Produkt mit einem reduzierten Zeichensatz zu&nbsp;testen. Stattdessen entschieden wir uns, die TT&nbsp;Norms<sup class=\"reg\">\u00ae<\/sup> Pro bis zum Maximum zu&nbsp;erweitern, eine schmale und eine breite Version in&nbsp;die Schriftdatei aufzunehmen, Kursivschnitte f\u00fcr alle Schnitte zu&nbsp;erstellen und all dies in&nbsp;einer Schrift zu&nbsp;vereinen, die in&nbsp;allen Achsen <a href=\"https:\/\/typetype.org\/de\/blog\/variable-fonts-whats-new-in-them-for-designers\/\">variabel<\/a> ist. <\/p>\n\n\n\n<figure class=\"wp-block-image size-full is-style-default\"><img decoding=\"async\" src=\"https:\/\/typetype.org\/wp-content\/uploads\/23.gif\" alt=\"TT Norms\u00ae Pro: a 7-year history of the font family\" class=\"wp-image-1000008387\"\/><\/figure>\n\n\n\n<p>Mit anderen Worten, wir haben die reduzierten Versionen zugunsten einer sehr reichhaltigen Version aufgegeben, die alle bisherigen Entwicklungen enth\u00e4lt. Wir mussten von den gerenderten Zeichen ausgehen und die fehlenden Zeichen hinzuf\u00fcgen, d.h. wir mussten eine sehr gro\u00dfe Familie von TT&nbsp;Norms<sup class=\"reg\">\u00ae<\/sup> Pro in&nbsp;der Version&nbsp;3.0&nbsp;erstellen. <\/p>\n\n\n\n<p>Der neue Zeichensatz umfasste 1668 Zeichen f\u00fcr jeden Stil. Da&nbsp;wir mit der neuen Software arbeiteten, mussten wir nicht mehr alle Stile von Hand zeichnen, sondern nur noch die Referenzschablonen. Allerdings gab es&nbsp;immer noch viele dieser 32&nbsp;Schriften. Die Arbeit in&nbsp;einer einzigen Schriftdatei war ein Muss, um&nbsp;die perfekte variable Schrift f\u00fcr den Benutzer zu&nbsp;erstellen. <\/p>\n\n\n\n<p>Lassen Sie uns zun\u00e4chst erkl\u00e4ren, was wir meinen, wenn wir von einer Schrift sprechen, die \u00abauf allen Achsen variabel\u00bb ist. Das bedeutet, dass sich die Schrift gleichzeitig verkleinert und vergr\u00f6\u00dfert, ihre Neigung oder ihre Dicke ver\u00e4ndert. <\/p>\n\n\n\n<p>Zuerst mussten wir die TT&nbsp;Norms<sup class=\"reg\">\u00ae<\/sup> in&nbsp;die neue Font-Software Glyphs \u00fcbertragen. Das war schon eine Menge Arbeit, wenn man bedenkt, wie gro\u00df der Zeichensatz ist. Bei der \u00dcbertragung der Dateien musste die technische Abteilung Features, Outlines, Font-Info-Einstellungen und Kerning neu konfigurieren und \u00fcberpr\u00fcfen. <\/p>\n\n\n\n<p>Es&nbsp;wurde wirklich alles \u00fcbertragen, einschlie\u00dflich der schmalen und breiten Standardversionen, und es&nbsp;musste sichergestellt werden, dass alle Schnitte miteinander interpoliert wurden. Alle Punkte eines Buchstabens in&nbsp;einem Font mussten mit denen eines \u00e4hnlichen Buchstabens in&nbsp;einem anderen Font in&nbsp;Bezug auf Anzahl, Konturrichtung und Konstruktionslogik \u00fcbereinstimmen. Allerdings wurden die Schriften in&nbsp;verschiedenen Jahren und von verschiedenen Designern entworfen, so&nbsp;dass ein Buchstabe sogar innerhalb einer Schrift unterschiedlich interpoliert werden konnte. <\/p>\n\n\n\n<figure class=\"wp-block-image size-full is-style-default\"><img decoding=\"async\" src=\"https:\/\/typetype.org\/wp-content\/uploads\/24.jpg\" alt=\"TT Norms\u00ae Pro: a 7-year history of the font family\" class=\"wp-image-1000004333\" srcset=\"https:\/\/typetype.org\/de\/wp-content\/uploads\/24.jpg 1440w, https:\/\/typetype.org\/de\/wp-content\/uploads\/24-1024x542.jpg 1024w, https:\/\/typetype.org\/de\/wp-content\/uploads\/24-1200x635.jpg 1200w, https:\/\/typetype.org\/de\/wp-content\/uploads\/24-768x406.jpg 768w, https:\/\/typetype.org\/de\/wp-content\/uploads\/24-420x222.jpg 420w, https:\/\/typetype.org\/de\/wp-content\/uploads\/24-600x318.jpg 600w\" sizes=\"(max-width: 1440px) 100vw, 1440px\" \/><\/figure>\n\n\n\n<p>Von au\u00dfen mag der Unterschied nicht so&nbsp;auff\u00e4llig sein, aber f\u00fcr uns war das ein grundlegendes Moment. Die Interpolation musste flie\u00dfend sein, die Buchstaben durften weder in&nbsp;der H\u00f6he noch in&nbsp;der Breite springen, die Schnitte mussten die gleiche Konstruktionslogik haben. Die L\u00f6sung all dieser Probleme erforderte einen enormen Arbeitsaufwand.<\/p>\n\n\n\n<p>Die Arbeit an&nbsp;der Version&nbsp;3.0 hat etwa 4.000 Arbeitsstunden in&nbsp;Anspruch genommen, eine Zeit, in&nbsp;der wir die Schrift von Grund auf h\u00e4tten neu entwerfen k\u00f6nnen. Tats\u00e4chlich haben im&nbsp;Laufe der Jahre so&nbsp;viele Menschen mit ihren eigenen Ansichten und Methoden an&nbsp;TT&nbsp;Norms<sup class=\"reg\">\u00ae<\/sup> gearbeitet, dass es&nbsp;ziemlich schwierig ist, dies in&nbsp;einem Konzept zusammenzufassen. Das bedeutet, dass sich selbst bei ein und derselben Person in&nbsp;8&nbsp;Jahren eine Menge als Spezialist \u00e4ndert.<\/p>\n\n\n\n<p>Ein weiteres Problem bei der Zusammenf\u00fchrung war, dass die Kurzfassung ein Gesicht weniger hatte. Das war kein Problem, als sie als eigenst\u00e4ndiges Produkt herauskam, aber jetzt war es&nbsp;notwendig, alle St\u00e4rken in&nbsp;allen Breiten zu&nbsp;haben. Daher musste die fetteste ExtraBlack, die wir zuvor aus optischen Gr\u00fcnden aufgegeben hatten, neu gezeichnet und attraktiv gestaltet werden.<\/p>\n\n\n\n<p>Au\u00dferdem gab es&nbsp;in&nbsp;der Version&nbsp;3.0 mehr Grundmuster, als wir erwartet hatten. Normalerweise gibt es&nbsp;in&nbsp;einer serifenlosen Standardschrift vier Schnitte: einen mittleren (Regular oder Medium), zwei extreme (den d\u00fcnnsten und den fettesten) und einen \u00dcbergang zwischen Regular und fettestem Schnitt (DemiBold oder Bold). Letzterer ist notwendig, um&nbsp;die optische Kompensation zu&nbsp;beseitigen, die durch den Fettdruck entsteht.<\/p>\n\n\n\n<p>In&nbsp;der Version&nbsp;3.0 von TT&nbsp;Norms<sup class=\"reg\">\u00ae<\/sup> Pro waren urspr\u00fcnglich auch 4&nbsp;Master vorgesehen, aber im&nbsp;Laufe des Prozesses stellten wir fest, dass die Regular-Schrift einen \u00fcberm\u00e4\u00dfigen Kontrast aufwies, der in&nbsp;der Version&nbsp;2.140 und fr\u00fcheren Versionen nicht vorhanden war. Sie war zwar \u00e4sthetisch ansprechend, entsprach aber nicht dem Charakter der TT&nbsp;Norms<sup class=\"reg\">\u00ae<\/sup>. Da&nbsp;die Schrift nicht grundlegend ge\u00e4ndert werden sollte, z.B. in&nbsp;Bezug auf das Vorhandensein oder Fehlen von Kontrast, musste dieses Problem gel\u00f6st werden.<\/p>\n\n\n\n<p>Wir beschlossen, eine 5. Vorlage hinzuzuf\u00fcgen, um&nbsp;die Situation zu&nbsp;korrigieren. Das war an&nbsp;sich nicht sehr zeitaufw\u00e4ndig, aber nachdem wir einen zus\u00e4tzlichen Schriftschnitt hinzugef\u00fcgt hatten, mussten wir jede korrigierte oder neue Glyphe f\u00fcnfmal bearbeiten und dann das Gleiche mit den Kursivbuchstaben machen.<\/p>\n\n\n\n<figure class=\"wp-block-image size-full is-style-default\"><img decoding=\"async\" src=\"https:\/\/typetype.org\/wp-content\/uploads\/25.gif\" alt=\"TT Norms\u00ae Pro: a 7-year history of the font family\" class=\"wp-image-1000008378\"\/><\/figure>\n\n\n\n<p>Die Arbeit war sehr umfangreich und wurde von mehreren Spezialisten gleichzeitig durchgef\u00fchrt. Aus der Sicht des Schriftdesigns ist die Arbeit an&nbsp;einer Datei nach der anderen eine schwierige Aufgabe f\u00fcr die Organisation des Arbeitsablaufs, aber es&nbsp;ging gut.<\/p>\n\n\n\n<p>F\u00fcr die Version&nbsp;3.0 mussten wir die Konturen und die Interpolation noch einmal \u00fcberpr\u00fcfen und alle Komponenten und Verankerungen entsprechend dem neuen System platzieren. Zus\u00e4tzlich zu&nbsp;der breiten Schrift in&nbsp;der schmalen Version der Schrift mussten mehr als 1000 Zeichen hinzugef\u00fcgt werden, nicht nur in&nbsp;der komprimierten, sondern auch in&nbsp;der erweiterten <a href=\"https:\/\/typetype.org\/de\/fonts\/tt-norms-pro\/\">Version<\/a>. <\/p>\n\n\n\n<p>Da&nbsp;die fetteste Schrift in&nbsp;<a href=\"https:\/\/typetype.org\/de\/fonts\/tt-norms-pro\/\">Condensed<\/a> neu gezeichnet werden musste, gibt es&nbsp;in&nbsp;dieser Version \u00fcbrigens 6&nbsp;Referenzvorlagen f\u00fcr aufrechte Schriften, da&nbsp;ExtraBlack sehr sorgf\u00e4ltig durchdacht werden musste. <\/p>\n\n\n\n<p>Einige der \u00c4nderungen und sogar komplette Neuentw\u00fcrfe sind auf pers\u00f6nliche W\u00fcnsche des Teams zur\u00fcckzuf\u00fchren. Wenn ein Spezialist sich seine alte Schrift ansieht, hat er&nbsp;sicher den Wunsch, etwas zu&nbsp;korrigieren oder zu&nbsp;\u00e4ndern. Das liegt daran, dass die Spezialisten mit der Zeit ihr Qualit\u00e4tsniveau steigern&nbsp;\u2014 und das hat sich innerhalb eines ganzen Studios von Spezialisten zu&nbsp;einer sorgf\u00e4ltigen, detaillierten und gr\u00fcndlichen \u00dcberarbeitung der TT&nbsp;Norms<sup class=\"reg\">\u00ae<\/sup> Pro entwickelt. Um&nbsp;ehrlich zu&nbsp;sein, haben wir fast jede Glyphe korrigiert oder in&nbsp;irgendeiner Weise ver\u00e4ndert, wobei wir den Charakter der urspr\u00fcnglichen TT&nbsp;Norms<sup class=\"reg\">\u00ae<\/sup> Pro respektiert haben.<\/p>\n\n\n\n<figure class=\"wp-block-image size-full is-style-default\"><img decoding=\"async\" src=\"https:\/\/typetype.org\/wp-content\/uploads\/26.jpg\" alt=\"TT Norms\u00ae Pro: a 7-year history of the font family\" class=\"wp-image-1000008379\" srcset=\"https:\/\/typetype.org\/de\/wp-content\/uploads\/26.jpg 1440w, https:\/\/typetype.org\/de\/wp-content\/uploads\/26-420x222.jpg 420w, https:\/\/typetype.org\/de\/wp-content\/uploads\/26-1024x542.jpg 1024w, https:\/\/typetype.org\/de\/wp-content\/uploads\/26-768x406.jpg 768w, https:\/\/typetype.org\/de\/wp-content\/uploads\/26-1200x635.jpg 1200w, https:\/\/typetype.org\/de\/wp-content\/uploads\/26-600x318.jpg 600w, https:\/\/typetype.org\/de\/wp-content\/uploads\/26-80x42.jpg 80w\" sizes=\"(max-width: 1440px) 100vw, 1440px\" \/><\/figure>\n\n\n\n<p>Einige Dinge wurden von Grund auf neu gezeichnet, wie zum Beispiel die vietnamesischen diakritischen Zeichen. Die vietnamesische Sprache wird in&nbsp;unseren Schriften nur selten verwendet, daher waren wir keine perfekten Experten f\u00fcr das Zeichnen des vietnamesischen Alphabets. Wir mussten viel \u00fcber die Sprache und ihre Urspr\u00fcnge recherchieren und herausfinden, wie sie aussehen sollte. Das Ergebnis ist, dass wir jetzt \u00fcber Handb\u00fccher zu&nbsp;diesem Thema verf\u00fcgen und wissen, wie wir die vietnamesische Sprache in&nbsp;TT&nbsp;Norms<sup class=\"reg\">\u00ae<\/sup> Pro korrigieren k\u00f6nnen. Es&nbsp;stellte sich heraus, dass alle Glyphen auf lateinischen oder erweiterten lateinischen Zeichen basieren, die wir bereits gezeichnet hatten, und dass das Hauptmerkmal der vietnamesischen Sprache komplexe Diakritika sind.<\/p>\n\n\n\n<p>Ein anderes Beispiel ist Griechisch. Als wir es&nbsp;uns in&nbsp;Version&nbsp;2.140 genauer ansahen, wollten wir es&nbsp;neu zeichnen. Wir f\u00fchrten eine Studie durch und skizzierten die vorzunehmenden \u00c4nderungen: Korrektur der Dicke und Politur der Formen. Es&nbsp;war nicht so&nbsp;umfangreich wie beim Vietnamesischen, aber es&nbsp;war immer noch notwendig, jedes Zeichen&nbsp;16 Mal in&nbsp;den aufrechten Basisschriften und dann noch einmal in&nbsp;den Kursivschriften zu&nbsp;\u00e4ndern. Insgesamt war die Arbeit sehr umfangreich. \u00dcbrigens ist die TT&nbsp;Norms<sup class=\"reg\">\u00ae<\/sup> Pro die einzige Schrift in&nbsp;unserer Sammlung, die Griechisch enth\u00e4lt.<\/p>\n\n\n\n<figure class=\"wp-block-image size-full is-style-default\"><img decoding=\"async\" src=\"https:\/\/typetype.org\/wp-content\/uploads\/27.jpg\" alt=\"TT Norms\u00ae Pro: a 7-year history of the font family\" class=\"wp-image-1000004418\" srcset=\"https:\/\/typetype.org\/de\/wp-content\/uploads\/27.jpg 1440w, https:\/\/typetype.org\/de\/wp-content\/uploads\/27-1024x454.jpg 1024w, https:\/\/typetype.org\/de\/wp-content\/uploads\/27-1200x533.jpg 1200w, https:\/\/typetype.org\/de\/wp-content\/uploads\/27-768x341.jpg 768w, https:\/\/typetype.org\/de\/wp-content\/uploads\/27-420x186.jpg 420w, https:\/\/typetype.org\/de\/wp-content\/uploads\/27-600x266.jpg 600w\" sizes=\"(max-width: 1440px) 100vw, 1440px\" \/><\/figure>\n\n\n\n<p>Was die Kursivschriften betrifft, so&nbsp;wollten wir die vorhandenen Stile in&nbsp;die neue Schriftdatei \u00fcbertragen, ohne sie zu&nbsp;ver\u00e4ndern, da&nbsp;sie uns von der Form her sehr gut gefielen. Da&nbsp;jedoch die meisten Glyphen ge\u00e4ndert wurden, musste auch die Kursiv neu gestaltet werden. Bei der Gr\u00f6\u00dfe der Kiste war das ein ziemlicher Aufwand.<\/p>\n\n\n\n<figure class=\"wp-block-image size-full is-style-default\"><img decoding=\"async\" src=\"https:\/\/typetype.org\/wp-content\/uploads\/28.jpg\" alt=\"TT Norms\u00ae Pro: a 7-year history of the font family\" class=\"wp-image-1000004419\" srcset=\"https:\/\/typetype.org\/de\/wp-content\/uploads\/28.jpg 1440w, https:\/\/typetype.org\/de\/wp-content\/uploads\/28-1024x484.jpg 1024w, https:\/\/typetype.org\/de\/wp-content\/uploads\/28-1200x567.jpg 1200w, https:\/\/typetype.org\/de\/wp-content\/uploads\/28-768x363.jpg 768w, https:\/\/typetype.org\/de\/wp-content\/uploads\/28-420x198.jpg 420w, https:\/\/typetype.org\/de\/wp-content\/uploads\/28-600x283.jpg 600w\" sizes=\"(max-width: 1440px) 100vw, 1440px\" \/><\/figure>\n\n\n\n<p>Bei der Arbeit mit der Version&nbsp;3.0 \u00fcberpr\u00fcfte die technische Abteilung zun\u00e4chst die 16&nbsp;stehenden Grundvorlagen, richtete die Schriftinfo ein, sortierte die Glyphen und nahm erste \u00c4nderungen vor. Parallel dazu erfolgte das Kerning, das teilweise aus der Version&nbsp;2.140 \u00fcbernommen wurde. Nach der \u00dcbertragung des Kernings wurden die \u00c4nderungen abgeschlossen. Nachdem wir die geraden Schnitte in&nbsp;den Griff bekommen hatten, war es&nbsp;an&nbsp;der Zeit, an&nbsp;den Kursiven zu&nbsp;arbeiten, f\u00fcr die es&nbsp;16&nbsp;Grundvorlagen gab. Insgesamt gab es&nbsp;32&nbsp;Schriften.<\/p>\n\n\n\n<p>Anschlie\u00dfend teilten die Spezialisten die Schriftdatei in&nbsp;drei Teile auf und arbeiteten parallel an&nbsp;den Dateien. Eine Quelle enthielt die Condensed mit Kursiv, die zweite die Expanded mit Kursiv und die dritte die normale Form der Schrift mit Kursiv. Die Umrisse wurden \u00fcberpr\u00fcft, und es&nbsp;war auch wichtig sicherzustellen, dass die H\u00f6he der Glyphen nicht sprang. Wir mussten die Dateien durch die Skripte und TypeType-Plugins laufen lassen, die zur \u00dcberpr\u00fcfung der endg\u00fcltigen Schriften verwendet wurden.<\/p>\n\n\n\n<p>Anschlie\u00dfend wurden die Eigenschaften \u00fcberpr\u00fcft und die Schrift angepasst, um&nbsp;statische Stile und eine variable Schrift zu&nbsp;erstellen. Es&nbsp;war schwierig, eine Datei mit so&nbsp;vielen Master-Fonts in&nbsp;MyFonts hochzuladen, daher mussten wir die Master-Fonts experimentell entfernen und sicherstellen, dass die resultierende Fette den statischen Stilen entsprach. Es&nbsp;blieben 24&nbsp;Master \u00fcbrig: Von Condensed wurden die Schnitte Black, Light und Extra Bold mit ihren Kursivbuchstaben entfernt, von den beiden anderen (Expanded und Normal) nur Light und Extra Bold mit ihren Kursivbuchstaben.<\/p>\n\n\n\n<p>Die Konturenkontrolle wurde im&nbsp;Sommer abgeschlossen und die 3&nbsp;Dateien zu&nbsp;einer zusammengef\u00fcgt. Wir bereiteten die Zeichens\u00e4tze vor, \u00fcberarbeiteten das Kerning und f\u00fcgten letzte \u00c4nderungen an&nbsp;den vertikalen Metriken und den Schriftinformationen hinzu. Kleinere \u00c4nderungen wurden bis zum letzten Moment vorgenommen.<\/p>\n\n\n\n<figure class=\"wp-block-image size-full is-style-default\"><img decoding=\"async\" src=\"https:\/\/typetype.org\/wp-content\/uploads\/29.gif\" alt=\"TT Norms\u00ae Pro: a 7-year history of the font family\" class=\"wp-image-1000008382\"\/><\/figure>\n\n\n\n<p>Als Version&nbsp;3.0 fertig war, gingen wir zum letzten Teil \u00fcber, einem Monospace-Font aus der TT&nbsp;Norms<sup class=\"reg\">\u00ae<\/sup>-Familie. Viele haben darauf gewartet, und wir selbst wollten der beliebtesten Schrift der TypeType-Kollektion schon lange eine neue Unterfamilie hinzuf\u00fcgen.<\/p>\n\n\n\n<p>TT&nbsp;Norms<sup class=\"reg\">\u00ae<\/sup> Pro Mono ist eine eigenst\u00e4ndige Monospace-Schrift, die auf dem Design der TT&nbsp;Norms<sup class=\"reg\">\u00ae<\/sup> basiert. Der Schriftschnitt ist kleiner als bei der klassischen Version, und alle em-Quadrate sind 600 Punkt gro\u00df. Alle Zeichen sind in&nbsp;diesen Raum eingeschrieben.<\/p>\n\n\n\n<figure class=\"wp-block-image size-full is-style-default\"><img decoding=\"async\" src=\"https:\/\/typetype.org\/wp-content\/uploads\/30.jpg\" alt=\"TT Norms\u00ae Pro: a 7-year history of the font family\" class=\"wp-image-1000008383\" srcset=\"https:\/\/typetype.org\/de\/wp-content\/uploads\/30.jpg 1440w, https:\/\/typetype.org\/de\/wp-content\/uploads\/30-420x210.jpg 420w, https:\/\/typetype.org\/de\/wp-content\/uploads\/30-1024x512.jpg 1024w, https:\/\/typetype.org\/de\/wp-content\/uploads\/30-768x384.jpg 768w, https:\/\/typetype.org\/de\/wp-content\/uploads\/30-1200x600.jpg 1200w, https:\/\/typetype.org\/de\/wp-content\/uploads\/30-600x300.jpg 600w, https:\/\/typetype.org\/de\/wp-content\/uploads\/30-80x40.jpg 80w\" sizes=\"(max-width: 1440px) 100vw, 1440px\" \/><\/figure>\n\n\n\n<p>Das Studio verf\u00fcgt \u00fcber ein spezielles Plug-in, das automatisch einen Leerraum erzeugt, der auf den vorgegebenen Werten f\u00fcr die Verformung der Glyphen basiert. In&nbsp;einigen Phasen wurde dieses Plugin verwendet, ansonsten haben wir uns auf den visuellen Charakter und die Zeichnung der TT&nbsp;Norms<sup class=\"reg\">\u00ae<\/sup> Glyphen konzentriert.<\/p>\n\n\n\n<p>Wir haben die TT&nbsp;Norms<sup class=\"reg\">\u00ae<\/sup> Pro Mono in&nbsp;erster Linie als praktische Kodierungsschrift entworfen, uns aber nicht auf diesen Anwendungsfall beschr\u00e4nkt. Schlie\u00dflich sind Monospace-Schriften mittlerweile ein Trend im&nbsp;Branding, bei Kunstausstellungen und in&nbsp;anderen Bereichen.<\/p>\n\n\n\n<figure class=\"wp-block-image size-full is-style-default\"><img decoding=\"async\" src=\"https:\/\/typetype.org\/wp-content\/uploads\/31.gif\" alt=\"TT Norms\u00ae Pro: a 7-year history of the font family\" class=\"wp-image-1000008384\"\/><\/figure>\n\n\n\n<p>Der Zeichensatz ist fast identisch mit dem der klassischen TT&nbsp;Norms<sup class=\"reg\">\u00ae<\/sup>, allerdings haben wir die Tabellenziffern und W\u00e4hrungen weggelassen, da&nbsp;die gesamte Schrift aufgrund der gleich breiten Quadrate als Tabellenschrift bezeichnet werden kann.<\/p>\n\n\n\n<p>Insgesamt haben wir 7&nbsp;aufrechte und 7&nbsp;kursive Schnitte erstellt. Die Basisschnitte waren Thin, Medium und Bold. \u00dcberm\u00e4\u00dfig fette Schnitte gibt es&nbsp;in&nbsp;dieser Schrift nicht. Die TT&nbsp;Norms<sup class=\"reg\">\u00ae<\/sup> Pro Mono erg\u00e4nzt die Version&nbsp;3.0 und wird mit dieser ausgeliefert, obwohl es&nbsp;sich um&nbsp;eine eigene Unterfamilie handelt.<\/p>\n\n\n\n<p>Die Schrift TT&nbsp;Norms<sup class=\"reg\">\u00ae<\/sup> Pro Mono wurde innerhalb eines Monats entworfen.<\/p>\n\n\n\n<p>Die technische Abteilung f\u00fchrte ein vollst\u00e4ndiges Audit durch, bei dem Glyphen und Konturen, Font-Info-Einstellungen, Variation und Monospacing \u00fcberpr\u00fcft wurden. W\u00e4hrend der Arbeit wurden geringf\u00fcgige \u00c4nderungen an&nbsp;den Konturen vorgenommen.<\/p>\n\n\n\n<figure class=\"wp-block-image size-full is-style-default\"><img decoding=\"async\" src=\"https:\/\/typetype.org\/wp-content\/uploads\/32.jpg\" alt=\"TT Norms\u00ae Pro: a 7-year history of the font family\" class=\"wp-image-1000008385\" srcset=\"https:\/\/typetype.org\/de\/wp-content\/uploads\/32.jpg 1440w, https:\/\/typetype.org\/de\/wp-content\/uploads\/32-420x183.jpg 420w, https:\/\/typetype.org\/de\/wp-content\/uploads\/32-1024x447.jpg 1024w, https:\/\/typetype.org\/de\/wp-content\/uploads\/32-768x335.jpg 768w, https:\/\/typetype.org\/de\/wp-content\/uploads\/32-1200x524.jpg 1200w, https:\/\/typetype.org\/de\/wp-content\/uploads\/32-600x262.jpg 600w, https:\/\/typetype.org\/de\/wp-content\/uploads\/32-80x35.jpg 80w\" sizes=\"(max-width: 1440px) 100vw, 1440px\" \/><\/figure>\n\n\n\n<p>Die Anspielungen wurden teilweise aus der Basisversion von TT&nbsp;Norms<sup class=\"reg\">\u00ae<\/sup> \u00fcbernommen, da&nbsp;wir \u00fcber ein Werkzeug verf\u00fcgen, mit dem Anspielungen in&nbsp;andere Schriftschnitte oder Schriften \u00fcbertragen werden k\u00f6nnen. Der Rest wurde manuell bearbeitet.<\/p>\n\n\n\n<p>Dies ist die erste Erfahrung mit der Ver\u00f6ffentlichung einer monochromen Version einer beliebten Schrift aus der Sammlung. <a href=\"https:\/\/typetype.org\/de\/fonts\/tt-norms-pro\/\">TT&nbsp;Norms<sup class=\"reg\">\u00ae<\/sup> Pro<\/a> Version&nbsp;3.0 und <a href=\"https:\/\/typetype.org\/de\/fonts\/tt-norms-pro\/\">TT&nbsp;Norms<sup class=\"reg\">\u00ae<\/sup> Pro Mono<\/a> ist ein Projekt, das viel Zeit, M\u00fche und K\u00f6nnen gekostet hat. Dennoch glauben wir, dass wir die beste Version dieser Schrift aller Zeiten herausgebracht haben! <\/p>\n\n\n\n<p>Bei jeder gr\u00f6\u00dferen \u00dcberarbeitung hatten wir das Gef\u00fchl, TT&nbsp;Norms<sup class=\"reg\">\u00ae<\/sup> k\u00f6nne nicht mehr besser werden. Aber die Monate vergehen und wir finden immer wieder etwas Neues, verbessern und entwickeln diese Schrift weiter. Es&nbsp;ist sch\u00f6n zu&nbsp;wissen, dass sich mit der TT&nbsp;Norms<sup class=\"reg\">\u00ae<\/sup> auch das TypeType-Studio selbst ver\u00e4ndert hat, st\u00e4rker, intelligenter und erfahrener geworden ist. <\/p>\n\n\n\n<figure class=\"wp-block-image size-full is-style-default\"><img decoding=\"async\" src=\"https:\/\/typetype.org\/wp-content\/uploads\/final.gif\" alt=\"TT Norms\u00ae Pro: a 7-year history of the font family\" class=\"wp-image-1000004447\"\/><\/figure>\n\n\n\n<h2 class=\"wp-block-heading\">An&nbsp;der Schrift beteiligt<\/h2>\n\n\n\n<p><strong>TT&nbsp;Norms<sup class=\"reg\">\u00ae<\/sup>&nbsp;1.0 und 1.2<\/strong><\/p>\n\n\n\n<p>Ivan Gladkikh\u00a0\u2014 Projektmanager, technischer Leiter<br>Pavel Emelyanov\u00a0\u2014 k\u00fcnstlerischer Leiter des Projekts, Designer<br>Oleksa Volochay\u00a0\u2014 Designer<br>Nadyr Rakhimov\u00a0\u2014 Designer<br>Dmitry Greshnev\u00a0\u2014 Designer<\/p>\n\n\n\n<p><strong>TT&nbsp;Norms<sup class=\"reg\">\u00ae<\/sup> Std<\/strong><\/p>\n\n\n\n<p>Yulia Gonina\u00a0\u2014 k\u00fcnstlerische Leiterin<br>Ivan Gladkhich\u00a0\u2014 Technischer Direktor<br>Yuri Nakonechny\u00a0\u2014 Leiter der technischen Abteilung<br>Nadezhda Polomoshnova\u00a0\u2014 Designerin<br>Marina Khodak\u00a0\u2014 leitende Designerin<br>Anna Tikhonova\u00a0\u2014 Senior Designerin<\/p>\n\n\n\n<p><strong>TT&nbsp;Norms<sup class=\"reg\">\u00ae<\/sup> Pro&nbsp;3.0 und TT&nbsp;Norms<sup class=\"reg\">\u00ae<\/sup> Pro Mono <\/strong><\/p>\n\n\n\n<p>Yulia Gonina-Art Director<br>Ivan Gladkhich-technischer Direktor<br>Yuri Nakonechny Leiter der technischen Abteilung<br>Marina Khodak-Senior Designerin<br>Anna Tikhonova-Senior Designerin<br>Evgeny Tansturin Designer<br>Antonina Zhulkova\u00a0\u2014 Designerin<br>Kirill Maslov\u00a0\u2014 Designer<br>Nadyr Rakhimov\u00a0\u2014 Designer<br>Mikhail Nekrasov\u00a0\u2014 Designer<\/p>\n","protected":false},"excerpt":{"rendered":"<p>TT\u00a0Norms Pro ist eine der begehrtesten Schriften in\u00a0der TypeType-Sammlung. Mehr als drei Neuauflagen in\u00a08\u00a0Jahren, erste Pl\u00e4tze in\u00a0MyFonts-Bewertungen, Dutzende von Anpassungen und Rezensionen.<\/p>\n","protected":false},"author":1,"featured_media":1000008156,"comment_status":"closed","ping_status":"closed","sticky":false,"template":"","format":"standard","meta":{"_acf_changed":false,"footnotes":""},"categories":[1],"tags":[183,184],"class_list":["post-8154","post","type-post","status-publish","format-standard","has-post-thumbnail","hentry","category-blog","tag-font-creation","tag-typetype-fonts"],"acf":{"show_sidebar":true},"_links":{"self":[{"href":"https:\/\/typetype.org\/de\/wp-json\/wp\/v2\/posts\/8154","targetHints":{"allow":["GET"]}}],"collection":[{"href":"https:\/\/typetype.org\/de\/wp-json\/wp\/v2\/posts"}],"about":[{"href":"https:\/\/typetype.org\/de\/wp-json\/wp\/v2\/types\/post"}],"author":[{"embeddable":true,"href":"https:\/\/typetype.org\/de\/wp-json\/wp\/v2\/users\/1"}],"replies":[{"embeddable":true,"href":"https:\/\/typetype.org\/de\/wp-json\/wp\/v2\/comments?post=8154"}],"version-history":[{"count":5,"href":"https:\/\/typetype.org\/de\/wp-json\/wp\/v2\/posts\/8154\/revisions"}],"predecessor-version":[{"id":47042,"href":"https:\/\/typetype.org\/de\/wp-json\/wp\/v2\/posts\/8154\/revisions\/47042"}],"wp:featuredmedia":[{"embeddable":true,"href":"https:\/\/typetype.org\/de\/wp-json\/wp\/v2\/media\/1000008156"}],"wp:attachment":[{"href":"https:\/\/typetype.org\/de\/wp-json\/wp\/v2\/media?parent=8154"}],"wp:term":[{"taxonomy":"category","embeddable":true,"href":"https:\/\/typetype.org\/de\/wp-json\/wp\/v2\/categories?post=8154"},{"taxonomy":"post_tag","embeddable":true,"href":"https:\/\/typetype.org\/de\/wp-json\/wp\/v2\/tags?post=8154"}],"curies":[{"name":"wp","href":"https:\/\/api.w.org\/{rel}","templated":true}]}}