{"id":32076,"date":"2024-08-14T13:41:23","date_gmt":"2024-08-14T10:41:23","guid":{"rendered":"https:\/\/typetype.org\/de\/?p=32076"},"modified":"2026-02-05T08:55:03","modified_gmt":"2026-02-05T05:55:03","slug":"branching-out-how-scandinavian-sans-tt-firs-grew-and-found-its-font-pair","status":"publish","type":"post","link":"https:\/\/typetype.org\/de\/blog\/branching-out-how-scandinavian-sans-tt-firs-grew-and-found-its-font-pair\/","title":{"rendered":"Verzweigungen: Wie die Scandinavian Sans TT Firs optimiert wurde und sein passendes Schriftpaar fand"},"content":{"rendered":"\n<figure class=\"wp-block-image size-full\"><img decoding=\"async\" src=\"https:\/\/typetype.org\/wp-content\/uploads\/TT_Firs_blog_main_en.png\" alt=\"\" class=\"wp-image-10000033933\" srcset=\"https:\/\/typetype.org\/de\/wp-content\/uploads\/TT_Firs_blog_main_en.png 1440w, https:\/\/typetype.org\/de\/wp-content\/uploads\/TT_Firs_blog_main_en-1024x512.png 1024w, https:\/\/typetype.org\/de\/wp-content\/uploads\/TT_Firs_blog_main_en-768x384.png 768w, https:\/\/typetype.org\/de\/wp-content\/uploads\/TT_Firs_blog_main_en-1200x600.png 1200w, https:\/\/typetype.org\/de\/wp-content\/uploads\/TT_Firs_blog_main_en-420x210.png 420w, https:\/\/typetype.org\/de\/wp-content\/uploads\/TT_Firs_blog_main_en-600x300.png 600w, https:\/\/typetype.org\/de\/wp-content\/uploads\/TT_Firs_blog_main_en-80x40.png 80w\" sizes=\"(max-width: 1440px) 100vw, 1440px\" \/><\/figure>\n\n\n\n<p>Im&nbsp;Jahr 2023 hauchten wir der beliebten skandinavischen Sans Serif <a href=\"https:\/\/typetype.org\/de\/fonts\/tt-firs-neue\/\">TT&nbsp;Firs Neue<\/a> neues Leben ein, indem wir sie grundlegend verfeinerten und auf den neuesten Stand brachten. Kurz darauf haben wir sie als Textschrift <a href=\"https:\/\/typetype.org\/de\/fonts\/tt-firs-text\/\">TT&nbsp;Firs Text<\/a> auf den Markt gebracht. <\/p>\n\n\n\n<p>In&nbsp;diesem Artikel erfahren Sie, wie alles begann, warum wir uns entschlossen haben unsere TT&nbsp;Firs Neue zu&nbsp;aktualisieren, was wir hinzugef\u00fcgt und ge\u00e4ndert haben und wie die TT&nbsp;Firs Text entstanden ist. <\/p>\n\n\n\n<h2 class=\"wp-block-heading\">Wie die TT&nbsp;Firs Wurzeln schlug <\/h2>\n\n\n\n<p>Die Geschichte von TT&nbsp;Firs begann 2014, als <a href=\"https:\/\/typetype.org\/de\/\">TypeType<\/a> noch in&nbsp;den Kinderschuhen steckte. Die Idee f\u00fcr die Schrift entstand in&nbsp;Helsinki: Ivan Gladkih, Mitbegr\u00fcnder des Studios, unternahm mit seiner Familie einen Wochenendausflug dorthin. <\/p>\n\n\n\n<blockquote class=\"wp-block-quote is-layout-flow wp-block-quote-is-layout-flow\">\n<p><em>\u00abWir besuchten das Caf\u00e9 Fazer, das zun\u00e4chst nur ein nach seinem Gr\u00fcnder benanntes Caf\u00e9 war. Sp\u00e4ter begann man, die ber\u00fchmte Schokolade unter dieser Marke herzustellen. Das Caf\u00e9 liegt im&nbsp;Zentrum von Helsinki und wurde 1891&nbsp;gegr\u00fcndet. Es&nbsp;sieht aus wie eine einfache Kantine, aber hier werden fantastische Desserts serviert, so&nbsp;dass der Laden immer gut besucht ist. Das Caf\u00e9 passt perfekt in&nbsp;die Umgebung. Dort sah ich ein altes Schild mit dem Namen Fazer. Als ich es&nbsp;mir genauer ansah, fand ich es&nbsp;sehr auff\u00e4llig, einzigartig und interessant. Und so&nbsp;kam mir die Idee, eine skandinavische Schrift zu&nbsp;entwerfen. Ich lie\u00df mich von dem Buchstaben \u2019A\u2019 auf dem Schild inspirieren, mit einem massiven horizontalen Strich am&nbsp;oberen Ende, und begann, die zuk\u00fcnftige Firs zu&nbsp;skizzieren\u00bb.<\/em> <\/p>\n\n\n\n<p class=\"has-text-align-left\"><em>Ivan Gladkih, CTO, Mitbegr\u00fcnder von TypeType<\/em> <\/p>\n<\/blockquote>\n\n\n\n<figure class=\"wp-block-image size-full\"><img decoding=\"async\" src=\"https:\/\/typetype.org\/wp-content\/uploads\/TT_Firs_blog_2.png\" alt=\"\" class=\"wp-image-10000033934\" srcset=\"https:\/\/typetype.org\/de\/wp-content\/uploads\/TT_Firs_blog_2.png 1440w, https:\/\/typetype.org\/de\/wp-content\/uploads\/TT_Firs_blog_2-1024x711.png 1024w, https:\/\/typetype.org\/de\/wp-content\/uploads\/TT_Firs_blog_2-768x533.png 768w, https:\/\/typetype.org\/de\/wp-content\/uploads\/TT_Firs_blog_2-1200x833.png 1200w, https:\/\/typetype.org\/de\/wp-content\/uploads\/TT_Firs_blog_2-420x292.png 420w, https:\/\/typetype.org\/de\/wp-content\/uploads\/TT_Firs_blog_2-600x417.png 600w, https:\/\/typetype.org\/de\/wp-content\/uploads\/TT_Firs_blog_2-80x56.png 80w\" sizes=\"(max-width: 1440px) 100vw, 1440px\" \/><\/figure>\n\n\n\n<blockquote class=\"wp-block-quote is-layout-flow wp-block-quote-is-layout-flow\">\n<p><em>\u00abDamals haben wir alles intuitiv gezeichnet, ohne jegliche Recherche. Wir erstellten ein Moodboard mit skandinavischen Designreferenzen und skandinavischen Schriften. Als ich diese serifenlose Schrift entwarf, ging es&nbsp;mir vor allem darum, wof\u00fcr die Leute sie verwenden w\u00fcrden und wie sie sich in&nbsp;das Design einf\u00fcgen w\u00fcrde. Die Umsetzung des kyrillischen Alphabets war eine besondere Herausforderung, da&nbsp;es&nbsp;keine vergleichbaren Schriften mit kyrillischen Glyphen gibt. Wenn wir das horizontale Element des Buchstabens \u2019A\u2019 in&nbsp;den kyrillischen Buchstaben \u2019\u0414\u2019 und \u2019\u041b\u2019 verwenden, was eine Anspielung auf die 1960er Jahre der Sowjetzeit ist, w\u00e4re es&nbsp;logisch, andere pseudosowjetische Buchstaben zu&nbsp;entwerfen&nbsp;\u2014 und so&nbsp;entstanden die verzweigten \u2019\u041a\u2019 und \u2019\u0416\u2019. Im&nbsp;Gro\u00dfen und Ganzen habe ich mich auf mein pers\u00f6nliches Gef\u00fchl verlassen.\u00bb<\/em> <\/p>\n\n\n\n<p class=\"has-text-align-left\"><em>Ivan Gladkih, CTO, Mitbegr\u00fcnder von TypeType<\/em> <\/p>\n<\/blockquote>\n\n\n\n<figure class=\"wp-block-image size-full\"><img decoding=\"async\" src=\"https:\/\/typetype.org\/wp-content\/uploads\/TT_Firs_blog_3.png\" alt=\"\" class=\"wp-image-10000033935\" srcset=\"https:\/\/typetype.org\/de\/wp-content\/uploads\/TT_Firs_blog_3.png 1440w, https:\/\/typetype.org\/de\/wp-content\/uploads\/TT_Firs_blog_3-1024x390.png 1024w, https:\/\/typetype.org\/de\/wp-content\/uploads\/TT_Firs_blog_3-768x292.png 768w, https:\/\/typetype.org\/de\/wp-content\/uploads\/TT_Firs_blog_3-1200x457.png 1200w, https:\/\/typetype.org\/de\/wp-content\/uploads\/TT_Firs_blog_3-420x160.png 420w, https:\/\/typetype.org\/de\/wp-content\/uploads\/TT_Firs_blog_3-600x228.png 600w, https:\/\/typetype.org\/de\/wp-content\/uploads\/TT_Firs_blog_3-80x30.png 80w\" sizes=\"(max-width: 1440px) 100vw, 1440px\" \/><\/figure>\n\n\n\n<p>So&nbsp;entstand 2015 die erste Version unserer skandinavischen Serifenlosen. Die Schrift bestand aus 9&nbsp;lateinischen und 9&nbsp;kursiven Schnitten und der Zeichensatz war minimal. Die fette Schrift war eher solide, hatte aber Nuancen, die mit der Verteilung von Kontrast und Gewichtungen zu&nbsp;tun hatten. Dazu sp\u00e4ter mehr. Dennoch ist die Schrift wirklich einzigartig und von einer skandinavischen Atmosph\u00e4re durchdrungen. <\/p>\n\n\n\n<figure class=\"wp-block-image size-full\"><img decoding=\"async\" src=\"https:\/\/typetype.org\/wp-content\/uploads\/TT_Firs_blog_4.png\" alt=\"\" class=\"wp-image-10000033936\" srcset=\"https:\/\/typetype.org\/de\/wp-content\/uploads\/TT_Firs_blog_4.png 1440w, https:\/\/typetype.org\/de\/wp-content\/uploads\/TT_Firs_blog_4-1024x711.png 1024w, https:\/\/typetype.org\/de\/wp-content\/uploads\/TT_Firs_blog_4-768x533.png 768w, https:\/\/typetype.org\/de\/wp-content\/uploads\/TT_Firs_blog_4-1200x833.png 1200w, https:\/\/typetype.org\/de\/wp-content\/uploads\/TT_Firs_blog_4-420x292.png 420w, https:\/\/typetype.org\/de\/wp-content\/uploads\/TT_Firs_blog_4-600x417.png 600w, https:\/\/typetype.org\/de\/wp-content\/uploads\/TT_Firs_blog_4-80x56.png 80w\" sizes=\"(max-width: 1440px) 100vw, 1440px\" \/><\/figure>\n\n\n\n<blockquote class=\"wp-block-quote is-layout-flow wp-block-quote-is-layout-flow\">\n<p><em>\u00abWir hatten damals die Tradition, alle Schriften so&nbsp;zu&nbsp;benennen, dass ihr Name auf ein \u201as\u2018 endete. Als ich dar\u00fcber nachdachte, wie ich eine skandinavische serifenlose Schrift benennen sollte, fiel mir ein, dass eines der charakteristischen Merkmale Skandinaviens die Tannen sind. So&nbsp;erhielt die Schrift den Namen TT&nbsp;Firs, der sich durchsetzte und auch in&nbsp;der dritten Ausgabe der Schrift noch existiert.\u00bb<\/em> <\/p>\n\n\n\n<p class=\"has-text-align-left\"><em>Ivan Gladkih, CTO, Mitbegr\u00fcnder von TypeType<\/em> <\/p>\n<\/blockquote>\n\n\n\n<figure class=\"wp-block-image size-full\"><img decoding=\"async\" src=\"https:\/\/typetype.org\/wp-content\/uploads\/TT_Firs_blog_5.png\" alt=\"\" class=\"wp-image-10000033937\" srcset=\"https:\/\/typetype.org\/de\/wp-content\/uploads\/TT_Firs_blog_5.png 1440w, https:\/\/typetype.org\/de\/wp-content\/uploads\/TT_Firs_blog_5-1024x347.png 1024w, https:\/\/typetype.org\/de\/wp-content\/uploads\/TT_Firs_blog_5-768x260.png 768w, https:\/\/typetype.org\/de\/wp-content\/uploads\/TT_Firs_blog_5-1200x407.png 1200w, https:\/\/typetype.org\/de\/wp-content\/uploads\/TT_Firs_blog_5-420x142.png 420w, https:\/\/typetype.org\/de\/wp-content\/uploads\/TT_Firs_blog_5-600x203.png 600w, https:\/\/typetype.org\/de\/wp-content\/uploads\/TT_Firs_blog_5-80x27.png 80w\" sizes=\"(max-width: 1440px) 100vw, 1440px\" \/><\/figure>\n\n\n\n<p class=\"has-text-align-left\">Nach der Ver\u00f6ffentlichung f\u00fchrte die TT&nbsp;Firs ein Eigenleben&nbsp;\u2014 wir beobachteten sie von der Seite und sahen viele Beispiele, in&nbsp;denen sie in&nbsp;Designs verwendet wurde. Obwohl sie weder \u00fcber Hinting noch \u00fcber OpenType-Funktionen verf\u00fcgte, war sie einzigartig, fesselnd und bei den Benutzern beliebt. Deshalb haben wir uns entschlossen, die Schrift zu&nbsp;aktualisieren und zu&nbsp;verbessern. <\/p>\n\n\n\n<h2 class=\"wp-block-heading\">Wie sich die TT&nbsp;Firs \u00abverzweigte\u00bb und zur TT&nbsp;Firs Neue wurde <\/h2>\n\n\n\n<p>Wir haben die TT&nbsp;Firs wirklich geliebt. Aber je&nbsp;mehr Schriften wir ver\u00f6ffentlichten, desto klarer wurde uns, dass diese skandinavische Sans Serif nicht mit der Qualit\u00e4t unserer Schriftbibliothek mithalten konnte. Deshalb beschlossen wir 2017, dass es&nbsp;an&nbsp;der Zeit sei, die Schrift zu&nbsp;\u00fcberarbeiten. <\/p>\n\n\n\n<h3 class=\"wp-block-heading\">Erste \u00c4nderungen <\/h3>\n\n\n\n<p>Damals arbeiteten wir mit Filipp Nurullin zusammen, einem Gast-Art Director f\u00fcr Schriften bei TypeType. Er&nbsp;war&nbsp;es, der die erste \u00dcberarbeitung der TT&nbsp;Firs vornahm und die ersten Tests durchf\u00fchrte. <\/p>\n\n\n\n<p>Filipp versuchte, die Schrift mit einer k\u00fcnstlerischen Vision neu zu&nbsp;gestalten, um&nbsp;sie moderner und effektiver f\u00fcr verschiedene Projekte zu&nbsp;machen. So&nbsp;tauchten in&nbsp;der Schrift scharfe Kanten auf, zum Beispiel beim Buchstaben \u00abg\u00bb, der einen abgerundeten Teil in&nbsp;Kombination mit einem scharfen Winkel aufweist. Auch der Buchstabe \u00abf\u00bb weist einen eckigen Winkel auf. Einerseits erscheint dieses Element nicht logisch. Andererseits bietet es&nbsp;eine einzigartige M\u00f6glichkeit, Kleinbuchstaben hervorzuheben, die vorher eher neutral wirkten. <\/p>\n\n\n\n<figure class=\"wp-block-image size-full\"><img decoding=\"async\" src=\"https:\/\/typetype.org\/wp-content\/uploads\/TT_Firs_blog_6.png\" alt=\"\" class=\"wp-image-10000033938\" srcset=\"https:\/\/typetype.org\/de\/wp-content\/uploads\/TT_Firs_blog_6.png 1440w, https:\/\/typetype.org\/de\/wp-content\/uploads\/TT_Firs_blog_6-1024x416.png 1024w, https:\/\/typetype.org\/de\/wp-content\/uploads\/TT_Firs_blog_6-768x312.png 768w, https:\/\/typetype.org\/de\/wp-content\/uploads\/TT_Firs_blog_6-1200x488.png 1200w, https:\/\/typetype.org\/de\/wp-content\/uploads\/TT_Firs_blog_6-420x171.png 420w, https:\/\/typetype.org\/de\/wp-content\/uploads\/TT_Firs_blog_6-600x244.png 600w, https:\/\/typetype.org\/de\/wp-content\/uploads\/TT_Firs_blog_6-80x33.png 80w\" sizes=\"(max-width: 1440px) 100vw, 1440px\" \/><\/figure>\n\n\n\n<p>Dar\u00fcber hinaus hat Filipp die Beine des \u00abA\u00bb und die Arme des \u00abK\u00bb und des \u00ab\u0416\u00bb \u00fcberarbeitet, um&nbsp;sie h\u00e4rter und intensiver erscheinen zu&nbsp;lassen und ihnen einen europ\u00e4ischen Charakter zu&nbsp;verleihen. Die verzweigten Buchstaben der vorherigen Version wurden als Alternative beibehalten. Auf diese Weise erhielten wir einen Basissatz von Glyphen, die standardm\u00e4\u00dfig in&nbsp;TT&nbsp;Firs verwendet werden, um&nbsp;diese Schrift und einen alternativen Satz zu&nbsp;repr\u00e4sentieren (Spoiler: wir werden diese Logik mit den alternativen Buchstaben bei der Arbeit an&nbsp;zuk\u00fcnftigen Iterationen beibehalten). <br><\/p>\n\n\n\n<figure class=\"wp-block-image size-full\"><img decoding=\"async\" src=\"https:\/\/typetype.org\/wp-content\/uploads\/TT_Firs_blog_7.png\" alt=\"\" class=\"wp-image-10000033939\" srcset=\"https:\/\/typetype.org\/de\/wp-content\/uploads\/TT_Firs_blog_7.png 1440w, https:\/\/typetype.org\/de\/wp-content\/uploads\/TT_Firs_blog_7-1024x266.png 1024w, https:\/\/typetype.org\/de\/wp-content\/uploads\/TT_Firs_blog_7-768x199.png 768w, https:\/\/typetype.org\/de\/wp-content\/uploads\/TT_Firs_blog_7-1200x312.png 1200w, https:\/\/typetype.org\/de\/wp-content\/uploads\/TT_Firs_blog_7-420x109.png 420w, https:\/\/typetype.org\/de\/wp-content\/uploads\/TT_Firs_blog_7-600x156.png 600w, https:\/\/typetype.org\/de\/wp-content\/uploads\/TT_Firs_blog_7-80x21.png 80w\" sizes=\"(max-width: 1440px) 100vw, 1440px\" \/><\/figure>\n\n\n\n<p>W\u00e4hrend der Arbeit wurde klar, dass eines der einzigartigen Merkmale der skandinavischen Typografie die diakritischen Zeichen innerhalb der Buchstaben sind. Zum Beispiel der charakteristische Buchstabe \u00abU\u00bb, bei dem die Umlaute oft innerhalb des Buchstabens liegen, wie Beeren in&nbsp;einem Schnapsglas.<\/p>\n\n\n\n<figure class=\"wp-block-image size-full\"><img decoding=\"async\" src=\"https:\/\/typetype.org\/wp-content\/uploads\/TT_Firs_blog_8.png\" alt=\"\" class=\"wp-image-10000033940\" srcset=\"https:\/\/typetype.org\/de\/wp-content\/uploads\/TT_Firs_blog_8.png 1440w, https:\/\/typetype.org\/de\/wp-content\/uploads\/TT_Firs_blog_8-1024x711.png 1024w, https:\/\/typetype.org\/de\/wp-content\/uploads\/TT_Firs_blog_8-768x533.png 768w, https:\/\/typetype.org\/de\/wp-content\/uploads\/TT_Firs_blog_8-1200x833.png 1200w, https:\/\/typetype.org\/de\/wp-content\/uploads\/TT_Firs_blog_8-420x292.png 420w, https:\/\/typetype.org\/de\/wp-content\/uploads\/TT_Firs_blog_8-600x417.png 600w, https:\/\/typetype.org\/de\/wp-content\/uploads\/TT_Firs_blog_8-80x56.png 80w\" sizes=\"(max-width: 1440px) 100vw, 1440px\" \/><\/figure>\n\n\n\n<p>Die diakritischen Zeichen sind also entweder in\u00a0die Buchstaben integriert, gegen sie gepresst oder seitlich von ihnen platziert. Wir haben diese Besonderheit zu\u00a0einem der Hauptmerkmale unserer Schrift gemacht und ihren skandinavischen Geist betont, indem wir einen Satz mit solchen diakritischen Zeichen entworfen haben (ein \u00e4hnlicher, aber erweiterter Satz wurde in\u00a0der letzten Version von <a href=\"https:\/\/typetype.org\/de\/fonts\/tt-firs-neue\/\">TT\u00a0Firs Neue<\/a> beibehalten).<\/p>\n\n\n\n<figure class=\"wp-block-gallery has-nested-images columns-default is-cropped wp-block-gallery-1 is-layout-flex wp-block-gallery-is-layout-flex\">\n<figure class=\"wp-block-image size-large\"><img decoding=\"async\" data-id=\"10000033941\" src=\"https:\/\/typetype.org\/wp-content\/uploads\/TT_Firs_blog_9.png\" alt=\"\" class=\"wp-image-10000033941\" srcset=\"https:\/\/typetype.org\/de\/wp-content\/uploads\/TT_Firs_blog_9.png 1440w, https:\/\/typetype.org\/de\/wp-content\/uploads\/TT_Firs_blog_9-1024x356.png 1024w, https:\/\/typetype.org\/de\/wp-content\/uploads\/TT_Firs_blog_9-768x267.png 768w, https:\/\/typetype.org\/de\/wp-content\/uploads\/TT_Firs_blog_9-1200x418.png 1200w, https:\/\/typetype.org\/de\/wp-content\/uploads\/TT_Firs_blog_9-420x146.png 420w, https:\/\/typetype.org\/de\/wp-content\/uploads\/TT_Firs_blog_9-600x209.png 600w, https:\/\/typetype.org\/de\/wp-content\/uploads\/TT_Firs_blog_9-80x28.png 80w\" sizes=\"(max-width: 1440px) 100vw, 1440px\" \/><\/figure>\n<\/figure>\n\n\n\n<p>Dieses Update enthielt auch viele Display-Ligaturen. Sie waren unerwartet, einzigartig und verliehen der Schrift Ausdrucksst\u00e4rke und visuelles Gewicht. <\/p>\n\n\n\n<figure class=\"wp-block-image size-full\"><img decoding=\"async\" src=\"https:\/\/typetype.org\/wp-content\/uploads\/TT_Firs_blog_10.png\" alt=\"\" class=\"wp-image-10000033942\" srcset=\"https:\/\/typetype.org\/de\/wp-content\/uploads\/TT_Firs_blog_10.png 1440w, https:\/\/typetype.org\/de\/wp-content\/uploads\/TT_Firs_blog_10-1024x322.png 1024w, https:\/\/typetype.org\/de\/wp-content\/uploads\/TT_Firs_blog_10-768x242.png 768w, https:\/\/typetype.org\/de\/wp-content\/uploads\/TT_Firs_blog_10-1200x378.png 1200w, https:\/\/typetype.org\/de\/wp-content\/uploads\/TT_Firs_blog_10-420x132.png 420w, https:\/\/typetype.org\/de\/wp-content\/uploads\/TT_Firs_blog_10-600x189.png 600w, https:\/\/typetype.org\/de\/wp-content\/uploads\/TT_Firs_blog_10-80x25.png 80w\" sizes=\"(max-width: 1440px) 100vw, 1440px\" \/><\/figure>\n\n\n\n<blockquote class=\"wp-block-quote is-layout-flow wp-block-quote-is-layout-flow\">\n<p><em>\u00abIch finde es&nbsp;wirklich cool, dass Designer den visuellen Stil eines Buchstabens, eines Wortes, eines Textes oder eines Logos allein durch die Verwendung dieser Ligaturen aufpeppen k\u00f6nnen, ohne zus\u00e4tzliche grafische Elemente verwenden zu&nbsp;m\u00fcssen. Es&nbsp;mag \u00fcberraschend klingen, aber ich habe solche Ligaturen noch nie in&nbsp;Aktion gesehen. Obwohl ich sie gerne sehen w\u00fcrde, denn sie sind wirklich genial und haben bis in&nbsp;die aktuelle Schriftversion \u201e\u00fcberlebt\u201c (nur in&nbsp;abgewandelter Form&nbsp;\u2014 Anm.&nbsp;d. Red.)\u00bb.<\/em> <\/p>\n\n\n\n<p class=\"has-text-align-left\"><em>Ivan Gladkih, CTO, Mitbegr\u00fcnder von TypeType<\/em> <\/p>\n<\/blockquote>\n\n\n\n<figure class=\"wp-block-image size-full\"><img decoding=\"async\" src=\"https:\/\/typetype.org\/wp-content\/uploads\/TT_Firs_blog_11.png\" alt=\"\" class=\"wp-image-10000033943\" srcset=\"https:\/\/typetype.org\/de\/wp-content\/uploads\/TT_Firs_blog_11.png 1440w, https:\/\/typetype.org\/de\/wp-content\/uploads\/TT_Firs_blog_11-1024x472.png 1024w, https:\/\/typetype.org\/de\/wp-content\/uploads\/TT_Firs_blog_11-768x354.png 768w, https:\/\/typetype.org\/de\/wp-content\/uploads\/TT_Firs_blog_11-1200x553.png 1200w, https:\/\/typetype.org\/de\/wp-content\/uploads\/TT_Firs_blog_11-420x194.png 420w, https:\/\/typetype.org\/de\/wp-content\/uploads\/TT_Firs_blog_11-600x277.png 600w, https:\/\/typetype.org\/de\/wp-content\/uploads\/TT_Firs_blog_11-80x37.png 80w\" sizes=\"(max-width: 1440px) 100vw, 1440px\" \/><\/figure>\n\n\n\n<p>So\u00a0entstand die \u00fcberarbeitete Version der TT\u00a0Firs. Wir haben sie 2018 unter dem Namen <a href=\"https:\/\/typetype.org\/de\/fonts\/tt-firs-neue\/\">TT\u00a0Firs Neue<\/a> (1.100) ver\u00f6ffentlicht. Zu\u00a0diesem Zeitpunkt umfasste die Schrift mehr als 900 Glyphen (im\u00a0Gegensatz zur ersten Version mit etwa 400\u00a0Glyphen). TT\u00a0Firs Neue, Version\u00a02.000, wird mehr als 1.700 Glyphen enthalten\u00a0\u2014 aber der Reihe nach.<\/p>\n\n\n\n<p>Interessanterweise hat sich die Wahrnehmung von TT&nbsp;Firs Neue stark ver\u00e4ndert. Je&nbsp;mehr Projekte sie verwendeten, desto neutraler erschien sie, da&nbsp;sie allgegenw\u00e4rtig geworden war: Wir sahen sie in&nbsp;YouTube-Videos, Branding, Logos und vielem mehr. <\/p>\n\n\n\n<blockquote class=\"wp-block-quote is-layout-flow wp-block-quote-is-layout-flow\">\n<p><em>\u00abDie Schrift ist visuell neutral geworden, so&nbsp;seltsam das auch klingen mag. All ihre ausdrucksstarken und super wiedererkennbaren Formen, wie die dreieckigen \u201e\u0414\u201c und \u201e\u041b\u201c sowie die \u201et\u201c, \u201ef\u201c, \u201eg\u201c und \u201ej\u201c mit ihren eckigen Winkeln, sind allt\u00e4glich geworden, als h\u00e4tten sie schon immer so&nbsp;aussehen sollen. Das war f\u00fcr mich eine \u00dcberraschung. Wie das Sprichwort sagt, funktioniert Schrift auf geheimnisvolle Weise. Zuerst schien unsere Schrift etwas Au\u00dfergew\u00f6hnliches zu&nbsp;sein, und nach einer Weile denkt man, dass es&nbsp;nur eine Schrift ist und nichts Besonderes an&nbsp;ihrem Aussehen.\u00bb<\/em> <\/p>\n\n\n\n<p class=\"has-text-align-left\"><em>Ivan Gladkih, CTO, Mitgr\u00fcnder von TypeType<\/em> <\/p>\n<\/blockquote>\n\n\n\n<h2 class=\"wp-block-heading\">Ein Neuanfang: Das Design der TT&nbsp;Firs Neue&nbsp;2.000 <\/h2>\n\n\n\n<p>Mit der Zeit entwickelte sich das Studio weiter und erlernte neue Werkzeuge. Unsere Schriften wuchsen mit uns. Nach dem Umstieg auf Glyphs kamen wir in&nbsp;den Genuss von Variationsachsen. Dieses Tool hilft uns, variable Schriften zu&nbsp;erstellen und die Logik innerhalb einer Schrift beizubehalten. <\/p>\n\n\n\n<p>Im\u00a0Jahr 2022 entwarfen wir ein neues Design f\u00fcr die <a href=\"https:\/\/typetype.org\/de\/fonts\/tt-firs-neue\/\">TT\u00a0Firs Neue<\/a>, die sowohl bei uns als auch bei unseren Benutzern sehr beliebt war. Die Schrift war bereits hervorragend, aber wir beschlossen, sie noch besser zu\u00a0machen! Wir \u00fcberarbeiteten akribisch jedes noch so\u00a0kleine Detail und feilten bis zur Perfektion. Das Ergebnis war, dass wir die Schrift nicht nur aktualisiert, sondern praktisch von Grund auf neu entwickelt haben.<\/p>\n\n\n\n<h3 class=\"wp-block-heading\">Teil&nbsp;1: Auf der Suche nach Unebenheiten<\/h3>\n\n\n\n<p>Zun\u00e4chst hat sich unsere Lead Designerin Antonina Zhulkova die bestehende TT&nbsp;Firs Neue angesehen und m\u00f6gliche Verbesserungen vorgeschlagen. Gehen wir sie gemeinsam durch. <\/p>\n\n\n\n<p>Bitte beachten Sie, dass wir in&nbsp;diesem Text oft das Wort \u00abseltsam\u00bb (oder seine Synonyme) verwenden werden. Was meinen wir, wenn wir von der Seltsamkeit einer Schrift oder einzelner Zeichen sprechen? Wir sehen es&nbsp;als ein kleines F\u00e4hnchen: \u00abEtwas sticht aus dem Gesamtbild heraus\u00bb. Zuerst \u00abscannen\u00bb wir die Schrift schnell, um&nbsp;ein Gef\u00fchl f\u00fcr sie zu&nbsp;bekommen. TT&nbsp;Firs Neue ist rau, nordisch, statisch, attraktiv, wiedererkennbar. Sie ist leicht zu&nbsp;merken, vor allem wegen der horizontalen Fugen zwischen den Diagonalen. Der Buchstabe \u00abA\u00bb, den Ivan bereits erw\u00e4hnt hat, k\u00f6nnte als Logo f\u00fcr diese Schrift dienen. Ein weiteres stilpr\u00e4gendes Detail sind die kantigen Enden einiger Buchstaben. Sie sind Teil des Charakters der Schrift. Der Rest der expressiven Elemente wird kritisch auf ihren Zweck hin untersucht. Wir markieren Dinge als \u00abseltsam\u00bb oder \u00abunerwartet\u00bb und analysieren, ob&nbsp;sie dem Grundkonzept der Schrift widersprechen oder es&nbsp;unterstreichen. Wenn etwas den Charakter der Schrift erg\u00e4nzt, verst\u00e4rkt und unterst\u00fctzt, behalten wir es&nbsp;vielleicht bei. Wenn ein Detail keinen Einfluss auf den Charakter der Schrift hat oder ihm sogar widerspricht, dann geh\u00f6rt es&nbsp;nicht hierher. <\/p>\n\n\n\n<h4 class=\"wp-block-heading\">Visuelle Kompensatoren<\/h4>\n\n\n\n<p>Es&nbsp;ist wichtig zu&nbsp;verstehen, dass die erste Version von TT&nbsp;Firs in&nbsp;FontLab 5&nbsp;erstellt wurde und das letzte Update in&nbsp;Glyphs. Wir mussten also mit der Datei arbeiten, die von FontLab 5&nbsp;nach Glyphs in&nbsp;einem etwas falschen Format \u00fcbertragen wurde. <\/p>\n\n\n\n<figure class=\"wp-block-image size-full\"><img decoding=\"async\" src=\"https:\/\/typetype.org\/wp-content\/uploads\/TT_Firs_blog_after_11_before_12.png\" alt=\"\" class=\"wp-image-10000034011\" srcset=\"https:\/\/typetype.org\/de\/wp-content\/uploads\/TT_Firs_blog_after_11_before_12.png 1024w, https:\/\/typetype.org\/de\/wp-content\/uploads\/TT_Firs_blog_after_11_before_12-768x254.png 768w, https:\/\/typetype.org\/de\/wp-content\/uploads\/TT_Firs_blog_after_11_before_12-420x139.png 420w, https:\/\/typetype.org\/de\/wp-content\/uploads\/TT_Firs_blog_after_11_before_12-600x198.png 600w, https:\/\/typetype.org\/de\/wp-content\/uploads\/TT_Firs_blog_after_11_before_12-80x26.png 80w\" sizes=\"(max-width: 1024px) 100vw, 1024px\" \/><\/figure>\n\n\n\n<p>Das stellte uns vor einige Herausforderungen. Zum Beispiel enthielt die vorherige Version der Schrift Tintenfallen in&nbsp;den fetten Schriftschnitten. Dies verlieh der Schrift ein zus\u00e4tzliches Flair und l\u00f6ste das Problem des Verklumpens der Glyphen in&nbsp;kleinen Punktgr\u00f6\u00dfen. Nach der Umstellung auf Glyphen erhielten auch die helleren Schriftschnitte Tintenfallen, die jedoch nur als Notl\u00f6sung dienten. Bei der \u00dcberarbeitung kamen wir zu&nbsp;zwei Schlussfolgerungen. Einerseits hatten diese Kompensationen einen funktionalen Zweck, n\u00e4mlich Variabilit\u00e4t zu&nbsp;erm\u00f6glichen. Andererseits lie\u00dfen sie die fetten Buchstaben expressiver erscheinen, und die gesamte Grafik wirkte inkonsistent. <\/p>\n\n\n\n<figure class=\"wp-block-image size-full\"><img decoding=\"async\" src=\"https:\/\/typetype.org\/wp-content\/uploads\/TT_Firs_blog_12.png\" alt=\"\" class=\"wp-image-10000033944\" srcset=\"https:\/\/typetype.org\/de\/wp-content\/uploads\/TT_Firs_blog_12.png 1440w, https:\/\/typetype.org\/de\/wp-content\/uploads\/TT_Firs_blog_12-1024x451.png 1024w, https:\/\/typetype.org\/de\/wp-content\/uploads\/TT_Firs_blog_12-768x338.png 768w, https:\/\/typetype.org\/de\/wp-content\/uploads\/TT_Firs_blog_12-1200x528.png 1200w, https:\/\/typetype.org\/de\/wp-content\/uploads\/TT_Firs_blog_12-420x185.png 420w, https:\/\/typetype.org\/de\/wp-content\/uploads\/TT_Firs_blog_12-600x264.png 600w, https:\/\/typetype.org\/de\/wp-content\/uploads\/TT_Firs_blog_12-80x35.png 80w\" sizes=\"(max-width: 1440px) 100vw, 1440px\" \/><\/figure>\n\n\n\n<p>Zum Beispiel erscheint der Buchstabe \u00abN\u00bb in&nbsp;der Schriftart Slim normalerweise ruhig, und in&nbsp;der Schriftart Black scheinen die Kompensatoren seinen Charakter leicht zu&nbsp;ver\u00e4ndern. W\u00e4hrend sie beim \u00abN\u00bb nicht \u00fcberm\u00e4\u00dfig auffallen und die technische Funktion haben, die dicken St\u00e4mme nicht mit den Diagonalen zu&nbsp;verkeilen, werden sie beim \u00abM\u00bb d\u00fcnner und viel aggressiver. Und beim \u00abUnd\u00bb ver\u00e4ndern sie wieder ihre Form.<\/p>\n\n\n\n<p>Die Tintenfallen waren also nicht in&nbsp;allen Schriftstilen vorhanden und sahen sogar innerhalb eines Schriftstils unterschiedlich aus, was zu&nbsp;visuellem Rauschen f\u00fchrte.<\/p>\n\n\n\n<h4 class=\"wp-block-heading\">Unterschiedliche \u00dcberh\u00e4nge bei gerundeten Zeichen <\/h4>\n\n\n\n<p>Die Logik der abgerundeten Zeichen war fehlerhaft. Beispielsweise sah der Gro\u00dfbuchstabe \u00abO\u00bb im&nbsp;Schriftschnitt Thin zwar rund aus, war aber vertikal leicht gedehnt. In&nbsp;den Schriftschnitten Bold und Black war er&nbsp;maximal rund und horizontal gestreckt. Bei den Kleinbuchstaben war dieser Effekt noch ausgepr\u00e4gter. <\/p>\n\n\n\n<figure class=\"wp-block-image size-full\"><img decoding=\"async\" src=\"https:\/\/typetype.org\/wp-content\/uploads\/TT_Firs_blog_13.png\" alt=\"\" class=\"wp-image-10000033945\" srcset=\"https:\/\/typetype.org\/de\/wp-content\/uploads\/TT_Firs_blog_13.png 1440w, https:\/\/typetype.org\/de\/wp-content\/uploads\/TT_Firs_blog_13-1024x303.png 1024w, https:\/\/typetype.org\/de\/wp-content\/uploads\/TT_Firs_blog_13-768x227.png 768w, https:\/\/typetype.org\/de\/wp-content\/uploads\/TT_Firs_blog_13-1200x355.png 1200w, https:\/\/typetype.org\/de\/wp-content\/uploads\/TT_Firs_blog_13-420x124.png 420w, https:\/\/typetype.org\/de\/wp-content\/uploads\/TT_Firs_blog_13-600x178.png 600w, https:\/\/typetype.org\/de\/wp-content\/uploads\/TT_Firs_blog_13-80x24.png 80w\" sizes=\"(max-width: 1440px) 100vw, 1440px\" \/><\/figure>\n\n\n\n<h4 class=\"wp-block-heading\">Unterschiedliche Endbuchstaben <\/h4>\n\n\n\n<blockquote class=\"wp-block-quote is-layout-flow wp-block-quote-is-layout-flow\">\n<p>\u00abInteressanterweise war dies eines der Merkmale, die mir halfen, die alte TT&nbsp;Firs Neue von der neuen Version zu&nbsp;unterscheiden, wenn ich die Schrift irgendwo auf der Stra\u00dfe sah. Diese alten Terminals ziehen die Aufmerksamkeit auf sich; ich nannte sie \u2019Skorpionschw\u00e4nze\u2019\u00bb.<\/p>\n\n\n\n<p class=\"has-text-align-left\">Marina Khodak, Leitende Designerin bei TypeType<\/p>\n<\/blockquote>\n\n\n\n<p>Der Buchstabe \u00aba\u00bb zum Beispiel hatte ein glattes, symmetrisches Terminal, bei dem der linke Teil der Klammer fast genauso aussah wie der rechte. Ja, er&nbsp;war auf der linken Seite etwas st\u00e4rker abgeschr\u00e4gt, aber insgesamt sah er&nbsp;\u00e4hnlich aus. Der Buchstabe \u00ab\u0437\u00bb hat auf der rechten Seite ein ausgef\u00fclltes Oval, w\u00e4hrend das linke Ende flach ist und der Winkel sich dramatisch verj\u00fcngt&nbsp;\u2014 wie der Schwanz eines Skorpions vor einem Schlag. <br><\/p>\n\n\n\n<figure class=\"wp-block-image size-full\"><img decoding=\"async\" src=\"https:\/\/typetype.org\/wp-content\/uploads\/TT_Firs_blog_14.png\" alt=\"\" class=\"wp-image-10000033946\" srcset=\"https:\/\/typetype.org\/de\/wp-content\/uploads\/TT_Firs_blog_14.png 1440w, https:\/\/typetype.org\/de\/wp-content\/uploads\/TT_Firs_blog_14-1024x431.png 1024w, https:\/\/typetype.org\/de\/wp-content\/uploads\/TT_Firs_blog_14-768x323.png 768w, https:\/\/typetype.org\/de\/wp-content\/uploads\/TT_Firs_blog_14-1200x505.png 1200w, https:\/\/typetype.org\/de\/wp-content\/uploads\/TT_Firs_blog_14-420x177.png 420w, https:\/\/typetype.org\/de\/wp-content\/uploads\/TT_Firs_blog_14-600x253.png 600w, https:\/\/typetype.org\/de\/wp-content\/uploads\/TT_Firs_blog_14-80x34.png 80w\" sizes=\"(max-width: 1440px) 100vw, 1440px\" \/><\/figure>\n\n\n\n<p>Dies ist bei den Gro\u00dfbuchstaben \u00abS\u00bb und \u00ab\u0417\u00bb ebenso auff\u00e4llig wie bei den abgerundeten Buchstaben (\u00abC\u00bb, \u00abG\u00bb). Der obere Teil der Buchstaben scheint sein Gewicht und seine Rundung zu&nbsp;verlieren. <\/p>\n\n\n\n<p>Generell haben beide Varianten ihre Berechtigung, aber wir mussten herausfinden, was f\u00fcr unsere Schrift besser ist: abgerundete, volle Enden oder scharfe \u00abSchw\u00e4nze\u00bb. <\/p>\n\n\n\n<blockquote class=\"wp-block-quote is-layout-flow wp-block-quote-is-layout-flow\">\n<p><em>\u00abWenn man bedenkt, dass die Schrift ziemlich hart und ernst wirkt, war es&nbsp;logisch, die Enden so&nbsp;zu&nbsp;gestalten, dass sie denen des Buchstabens \u201aa\u2018 \u00e4hneln: symmetrisch, aber ohne das Gewicht zu&nbsp;verlieren.\u00bb<\/em> <\/p>\n\n\n\n<p class=\"has-text-align-left\"><em>Marina Khodak, Chefdesignerin von TypeType<\/em> <\/p>\n<\/blockquote>\n\n\n\n<p>Ein weiteres Problem bestand darin, dass die Endungen nicht nur unterschiedlich breit, sondern auch unterschiedlich lang waren. Deutlich wird dies bei den Buchstaben \u00abt\u00bb, \u00abj\u00bb, \u00abl\u00bb und \u00abf\u00bb. Zum Beispiel ist das Terminal f\u00fcr \u00abj\u00bb viel breiter als das f\u00fcr \u00abl\u00bb. Dies wirkt befremdlich, insbesondere wenn man bedenkt, dass die Form des Terminals sehr ausdrucksstark und auff\u00e4llig ist. <\/p>\n\n\n\n<figure class=\"wp-block-image size-full\"><img decoding=\"async\" src=\"https:\/\/typetype.org\/wp-content\/uploads\/TT_Firs_blog_15.png\" alt=\"\" class=\"wp-image-10000033947\" srcset=\"https:\/\/typetype.org\/de\/wp-content\/uploads\/TT_Firs_blog_15.png 1440w, https:\/\/typetype.org\/de\/wp-content\/uploads\/TT_Firs_blog_15-1024x512.png 1024w, https:\/\/typetype.org\/de\/wp-content\/uploads\/TT_Firs_blog_15-768x384.png 768w, https:\/\/typetype.org\/de\/wp-content\/uploads\/TT_Firs_blog_15-1200x600.png 1200w, https:\/\/typetype.org\/de\/wp-content\/uploads\/TT_Firs_blog_15-420x210.png 420w, https:\/\/typetype.org\/de\/wp-content\/uploads\/TT_Firs_blog_15-600x300.png 600w, https:\/\/typetype.org\/de\/wp-content\/uploads\/TT_Firs_blog_15-80x40.png 80w\" sizes=\"(max-width: 1440px) 100vw, 1440px\" \/><\/figure>\n\n\n\n<h4 class=\"wp-block-heading\">Inkonsistente Formenwahl<\/h4>\n\n\n\n<p>In&nbsp;\u00e4lteren Versionen unserer Schriften gab es&nbsp;eine auff\u00e4llige Tendenz, den schwarzen Schriftschnitt ungew\u00f6hnlicher zu&nbsp;gestalten. Das tun wir jetzt nicht mehr. Erstens sollten die Buchstabenformen in&nbsp;allen Schriftschnitten einheitlich sein, damit die Variabilit\u00e4t richtig funktioniert (die Anzahl der Punkte muss in&nbsp;allen Schriftschnitten gleich sein). Zweitens sehen wir solche Design-Entscheidungen als einen Bruch in&nbsp;der Logik der Schriftfamilie. Aus diesem Grund haben einige Formen der alten TT&nbsp;Firs unsere neue Selbstzensur nicht \u00fcberstanden.<\/p>\n\n\n\n<p>Zum Beispiel hatte die Nummer 4&nbsp;in&nbsp;der Schrift Black einen schr\u00e4gen Schaftwinkel, der mehr Negativraum im&nbsp;Inneren zulie\u00df. Damals dachten wir wahrscheinlich, dass dies die beste Entscheidung war. Aber es&nbsp;war nicht die beste. Wir mussten eine andere L\u00f6sung finden, die die Form der Glyphe nicht zerst\u00f6ren w\u00fcrde.<\/p>\n\n\n\n<figure class=\"wp-block-image size-full\"><img decoding=\"async\" src=\"https:\/\/typetype.org\/wp-content\/uploads\/TT_Firs_blog_16.png\" alt=\"\" class=\"wp-image-10000033948\" srcset=\"https:\/\/typetype.org\/de\/wp-content\/uploads\/TT_Firs_blog_16.png 1440w, https:\/\/typetype.org\/de\/wp-content\/uploads\/TT_Firs_blog_16-1024x465.png 1024w, https:\/\/typetype.org\/de\/wp-content\/uploads\/TT_Firs_blog_16-768x349.png 768w, https:\/\/typetype.org\/de\/wp-content\/uploads\/TT_Firs_blog_16-1200x545.png 1200w, https:\/\/typetype.org\/de\/wp-content\/uploads\/TT_Firs_blog_16-420x191.png 420w, https:\/\/typetype.org\/de\/wp-content\/uploads\/TT_Firs_blog_16-600x273.png 600w, https:\/\/typetype.org\/de\/wp-content\/uploads\/TT_Firs_blog_16-80x36.png 80w\" sizes=\"(max-width: 1440px) 100vw, 1440px\" \/><\/figure>\n\n\n\n<h4 class=\"wp-block-heading\">Abst\u00e4nde zwischen den Buchstaben (Aproshes)<\/h4>\n\n\n\n<p>Die Zwischenr\u00e4ume mussten verfeinert werden.<\/p>\n\n\n\n<figure class=\"wp-block-image size-full\"><img decoding=\"async\" src=\"https:\/\/typetype.org\/wp-content\/uploads\/TT_Firs_blog_17.png\" alt=\"\" class=\"wp-image-10000033949\" srcset=\"https:\/\/typetype.org\/de\/wp-content\/uploads\/TT_Firs_blog_17.png 1440w, https:\/\/typetype.org\/de\/wp-content\/uploads\/TT_Firs_blog_17-1024x297.png 1024w, https:\/\/typetype.org\/de\/wp-content\/uploads\/TT_Firs_blog_17-768x223.png 768w, https:\/\/typetype.org\/de\/wp-content\/uploads\/TT_Firs_blog_17-1200x348.png 1200w, https:\/\/typetype.org\/de\/wp-content\/uploads\/TT_Firs_blog_17-420x122.png 420w, https:\/\/typetype.org\/de\/wp-content\/uploads\/TT_Firs_blog_17-600x174.png 600w, https:\/\/typetype.org\/de\/wp-content\/uploads\/TT_Firs_blog_17-80x23.png 80w\" sizes=\"(max-width: 1440px) 100vw, 1440px\" \/><\/figure>\n\n\n\n<h4 class=\"wp-block-heading\">Dreieckige Zeichen<\/h4>\n\n\n\n<p>Inkonsistente Formlogik, unterschiedliche Vorlagenbreiten, zu&nbsp;wenig Neigung bei \u00abA\u00bb, \u00ab\u041b\u00bb und \u00ab\u0414\u00bb.<\/p>\n\n\n\n<figure class=\"wp-block-image size-full\"><img decoding=\"async\" src=\"https:\/\/typetype.org\/wp-content\/uploads\/TT_Firs_blog_18.png\" alt=\"\" class=\"wp-image-10000033950\" srcset=\"https:\/\/typetype.org\/de\/wp-content\/uploads\/TT_Firs_blog_18.png 1440w, https:\/\/typetype.org\/de\/wp-content\/uploads\/TT_Firs_blog_18-1024x360.png 1024w, https:\/\/typetype.org\/de\/wp-content\/uploads\/TT_Firs_blog_18-768x270.png 768w, https:\/\/typetype.org\/de\/wp-content\/uploads\/TT_Firs_blog_18-1200x422.png 1200w, https:\/\/typetype.org\/de\/wp-content\/uploads\/TT_Firs_blog_18-420x148.png 420w, https:\/\/typetype.org\/de\/wp-content\/uploads\/TT_Firs_blog_18-600x211.png 600w, https:\/\/typetype.org\/de\/wp-content\/uploads\/TT_Firs_blog_18-80x28.png 80w\" sizes=\"(max-width: 1440px) 100vw, 1440px\" \/><\/figure>\n\n\n\n<p>Dies ist eine sehr wichtige Nuance, denn diese Verbindungspunkte, die horizontalen Balken, sind ein stilbildendes Element der Schrift. In&nbsp;der TT&nbsp;Firs sind sie im&nbsp;Vergleich zu&nbsp;den anderen Schriften unserer Sammlung am&nbsp;st\u00e4rksten ausgepr\u00e4gt.<\/p>\n\n\n\n<p>Besonders auff\u00e4llig sind sie zum Beispiel bei den Buchstaben \u00abA\u00bb und \u00abV\u00bb. Bei den beiden Buchstaben \u00abX\u00bb ist sie identisch. Bei den Buchstaben \u00abY\u00bb und \u00abW\u00bb ist sie jedoch nicht sichtbar, was sie zu&nbsp;ganz normalen Buchstaben ohne expressive Elemente macht. Auf diese Weise wird die Logik der Glyphengestaltung in&nbsp;der Schrift Black durchbrochen.<\/p>\n\n\n\n<figure class=\"wp-block-image size-full\"><img decoding=\"async\" src=\"https:\/\/typetype.org\/wp-content\/uploads\/TT_Firs_blog_19.png\" alt=\"\" class=\"wp-image-10000033951\" srcset=\"https:\/\/typetype.org\/de\/wp-content\/uploads\/TT_Firs_blog_19.png 1440w, https:\/\/typetype.org\/de\/wp-content\/uploads\/TT_Firs_blog_19-1024x270.png 1024w, https:\/\/typetype.org\/de\/wp-content\/uploads\/TT_Firs_blog_19-768x202.png 768w, https:\/\/typetype.org\/de\/wp-content\/uploads\/TT_Firs_blog_19-1200x316.png 1200w, https:\/\/typetype.org\/de\/wp-content\/uploads\/TT_Firs_blog_19-420x111.png 420w, https:\/\/typetype.org\/de\/wp-content\/uploads\/TT_Firs_blog_19-600x158.png 600w, https:\/\/typetype.org\/de\/wp-content\/uploads\/TT_Firs_blog_19-80x21.png 80w\" sizes=\"(max-width: 1440px) 100vw, 1440px\" \/><\/figure>\n\n\n\n<p>Das gleiche Problem tritt bei den dreieckigen Kleinbuchstaben (kyrillisch und lateinisch) auf: \u00abv\u00bb, \u201aw\u2018, \u201ax\u2018, \u201ay\u2018, \u201a\u043b\u2018, \u201a\u0434\u2018, \u201a\u043c\u2018 und \u201a\u0438\u2018. <\/p>\n\n\n\n<p>Werfen wir nun einen Blick auf die ganze Familie. Abgesehen von den Farbfehlern in&nbsp;den fett gedruckten Meistern gibt es&nbsp;einige Unklarheiten bei den Verbindungen. Der Buchstabe \u2019M\u2019 im&nbsp;Schriftschnitt \u2019Bold\u2019 hat unten einen waagerechten Strich, oben jedoch nicht. Im&nbsp;Schriftschnitt Thin ist er&nbsp;ebenfalls nur unten zu&nbsp;sehen. Au\u00dferdem ist die Breite dieses Details in&nbsp;den verschiedenen Schriftarten unterschiedlich: In&nbsp;Thin ist es&nbsp;viel breiter als in&nbsp;Bold oder Black. <\/p>\n\n\n\n<figure class=\"wp-block-image size-full is-resized\"><img decoding=\"async\" src=\"https:\/\/typetype.org\/wp-content\/uploads\/TT_Firs_blog_20.png\" alt=\"\" class=\"wp-image-10000033952\" style=\"width:1231px;height:auto\" srcset=\"https:\/\/typetype.org\/de\/wp-content\/uploads\/TT_Firs_blog_20.png 1440w, https:\/\/typetype.org\/de\/wp-content\/uploads\/TT_Firs_blog_20-1024x368.png 1024w, https:\/\/typetype.org\/de\/wp-content\/uploads\/TT_Firs_blog_20-768x276.png 768w, https:\/\/typetype.org\/de\/wp-content\/uploads\/TT_Firs_blog_20-1200x431.png 1200w, https:\/\/typetype.org\/de\/wp-content\/uploads\/TT_Firs_blog_20-420x151.png 420w, https:\/\/typetype.org\/de\/wp-content\/uploads\/TT_Firs_blog_20-600x215.png 600w, https:\/\/typetype.org\/de\/wp-content\/uploads\/TT_Firs_blog_20-80x29.png 80w\" sizes=\"(max-width: 1440px) 100vw, 1440px\" \/><\/figure>\n\n\n\n<p>Der Buchstabe \u00abN\u00bb enth\u00e4lt \u00fcberhaupt kein solches Element. Au\u00dferdem sind die Tintenfallen in&nbsp;der fetten Version vorhanden, nicht aber in&nbsp;der d\u00fcnnen. <\/p>\n\n\n\n<figure class=\"wp-block-image size-full\"><img decoding=\"async\" src=\"https:\/\/typetype.org\/wp-content\/uploads\/TT_Firs_blog_21.png\" alt=\"\" class=\"wp-image-10000033953\" srcset=\"https:\/\/typetype.org\/de\/wp-content\/uploads\/TT_Firs_blog_21.png 1440w, https:\/\/typetype.org\/de\/wp-content\/uploads\/TT_Firs_blog_21-1024x452.png 1024w, https:\/\/typetype.org\/de\/wp-content\/uploads\/TT_Firs_blog_21-768x339.png 768w, https:\/\/typetype.org\/de\/wp-content\/uploads\/TT_Firs_blog_21-1200x529.png 1200w, https:\/\/typetype.org\/de\/wp-content\/uploads\/TT_Firs_blog_21-420x185.png 420w, https:\/\/typetype.org\/de\/wp-content\/uploads\/TT_Firs_blog_21-600x265.png 600w, https:\/\/typetype.org\/de\/wp-content\/uploads\/TT_Firs_blog_21-80x35.png 80w\" sizes=\"(max-width: 1440px) 100vw, 1440px\" \/><\/figure>\n\n\n\n<p>Betrachten wir den Buchstaben \u00abW\u00bb. Wie das \u00abM\u00bb sollte es&nbsp;im&nbsp;oberen Teil der Diagonale eine Kreuzung und im&nbsp;unteren Teil spitze Winkel aufweisen. Beim \u00abW\u00bb in&nbsp;der schlanken Version gehen jedoch alle Kreuzungen durch diese Kreuzung und sind nicht in&nbsp;der fettgedruckten Version enthalten, und auch die Tintenfalle ist nicht enthalten. <\/p>\n\n\n\n<figure class=\"wp-block-image size-full\"><img decoding=\"async\" src=\"https:\/\/typetype.org\/wp-content\/uploads\/TT_Firs_blog_22.png\" alt=\"\" class=\"wp-image-10000033954\" srcset=\"https:\/\/typetype.org\/de\/wp-content\/uploads\/TT_Firs_blog_22.png 1440w, https:\/\/typetype.org\/de\/wp-content\/uploads\/TT_Firs_blog_22-1024x383.png 1024w, https:\/\/typetype.org\/de\/wp-content\/uploads\/TT_Firs_blog_22-768x287.png 768w, https:\/\/typetype.org\/de\/wp-content\/uploads\/TT_Firs_blog_22-1200x449.png 1200w, https:\/\/typetype.org\/de\/wp-content\/uploads\/TT_Firs_blog_22-420x157.png 420w, https:\/\/typetype.org\/de\/wp-content\/uploads\/TT_Firs_blog_22-600x225.png 600w, https:\/\/typetype.org\/de\/wp-content\/uploads\/TT_Firs_blog_22-80x30.png 80w\" sizes=\"(max-width: 1440px) 100vw, 1440px\" \/><\/figure>\n\n\n\n<p>Es&nbsp;sieht so&nbsp;aus, als ob&nbsp;die Logik sowohl innerhalb als auch zwischen den Schriftstilen nicht stimmt. <\/p>\n\n\n\n<blockquote class=\"wp-block-quote is-layout-flow wp-block-quote-is-layout-flow\">\n<p><em>\u00abF\u00fcr die Aktualisierung k\u00f6nnten wir folgende Ans\u00e4tze in&nbsp;Betracht ziehen: Hin zur Expressivit\u00e4t oder weg davon. Zum Beispiel k\u00f6nnten wir \u00fcberall Tintenfallen einbauen. Im&nbsp;Team entschieden wir, dass diese grafische Wahl das Projekt in&nbsp;diesem Fall nicht auffrischen w\u00fcrde, und dass der Verzicht darauf die Schrift moderner machen w\u00fcrde. Au\u00dferdem macht es&nbsp;keinen Sinn, Tintenfallen in&nbsp;helle Schriften einzuf\u00fcgen, da&nbsp;sie dort nicht gut sichtbar sind. Eine weitere Frage war, ob&nbsp;wir \u00fcberall Verzweigungen einbauen oder auf sie verzichten sollten. H\u00e4tten wir sie weggelassen, h\u00e4tten wir ein neutraleres Design gehabt. Eine solche Entscheidung passte nicht zu&nbsp;TT&nbsp;Firs Neue, wurde aber in&nbsp;TT&nbsp;Firs Text umgesetzt (wir werden sp\u00e4ter dar\u00fcber berichten&nbsp;\u2014 Anm.&nbsp;d. Red.)\u00bb.<\/em> <\/p>\n\n\n\n<p class=\"has-text-align-left\"><em>Marina Khodak, Leitende Designerin bei TypeType <\/em> <\/p>\n<\/blockquote>\n\n\n\n<p>Wir entschieden uns, die horizontalen Elemente beizubehalten. Es&nbsp;stellte sich jedoch die Frage, wie sie aussehen sollten: wie im&nbsp;\u00abM\u00bb oder im&nbsp;\u00abW\u00bb. Diese Buchstaben haben den auff\u00e4lligsten Unterschied in&nbsp;der Konstruktion der Kreuzungen. <\/p>\n\n\n\n<figure class=\"wp-block-image size-full\"><img decoding=\"async\" src=\"https:\/\/typetype.org\/wp-content\/uploads\/TT_Firs_blog_23.png\" alt=\"\" class=\"wp-image-10000033955\" srcset=\"https:\/\/typetype.org\/de\/wp-content\/uploads\/TT_Firs_blog_23.png 1440w, https:\/\/typetype.org\/de\/wp-content\/uploads\/TT_Firs_blog_23-1024x452.png 1024w, https:\/\/typetype.org\/de\/wp-content\/uploads\/TT_Firs_blog_23-768x339.png 768w, https:\/\/typetype.org\/de\/wp-content\/uploads\/TT_Firs_blog_23-1200x529.png 1200w, https:\/\/typetype.org\/de\/wp-content\/uploads\/TT_Firs_blog_23-420x185.png 420w, https:\/\/typetype.org\/de\/wp-content\/uploads\/TT_Firs_blog_23-600x265.png 600w, https:\/\/typetype.org\/de\/wp-content\/uploads\/TT_Firs_blog_23-80x35.png 80w\" sizes=\"(max-width: 1440px) 100vw, 1440px\" \/><\/figure>\n\n\n\n<p>In&nbsp;ihrem Interview schlug Antonina vor, eine einheitlichere Version zu&nbsp;entwerfen: \u00fcberall Abzweigungen wie beim \u00abW\u00bb hinzuf\u00fcgen und sie in&nbsp;mittlerer Breite zu&nbsp;gestalten. Sie fertigte eine Skizze&nbsp;an, die als Inspiration f\u00fcr die weitere Entwicklung der Schriftfamilie diente. <\/p>\n\n\n\n<figure class=\"wp-block-image size-full\"><img decoding=\"async\" src=\"https:\/\/typetype.org\/wp-content\/uploads\/TT_Firs_blog_24.png\" alt=\"\" class=\"wp-image-10000034015\" srcset=\"https:\/\/typetype.org\/de\/wp-content\/uploads\/TT_Firs_blog_24.png 1440w, https:\/\/typetype.org\/de\/wp-content\/uploads\/TT_Firs_blog_24-1024x512.png 1024w, https:\/\/typetype.org\/de\/wp-content\/uploads\/TT_Firs_blog_24-768x384.png 768w, https:\/\/typetype.org\/de\/wp-content\/uploads\/TT_Firs_blog_24-1200x600.png 1200w, https:\/\/typetype.org\/de\/wp-content\/uploads\/TT_Firs_blog_24-420x210.png 420w, https:\/\/typetype.org\/de\/wp-content\/uploads\/TT_Firs_blog_24-600x300.png 600w, https:\/\/typetype.org\/de\/wp-content\/uploads\/TT_Firs_blog_24-80x40.png 80w\" sizes=\"(max-width: 1440px) 100vw, 1440px\" \/><\/figure>\n\n\n\n<h4 class=\"wp-block-heading\">Runde Buchstaben<\/h4>\n\n\n\n<blockquote class=\"wp-block-quote is-layout-flow wp-block-quote-is-layout-flow\">\n<p>\u00abAls ich mit der Arbeit an&nbsp;der Schrift begann, entwarf ich die runden Buchstaben v\u00f6llig neu. Wenn man sich die alte Version der Schrift anschaut, sieht man, dass die Proportionen der rechteckigen Buchstaben in&nbsp;allen Schnitten unterschiedlich sind. Zum Beispiel ist der Buchstabe \u201eH\u201c im&nbsp;Schriftschnitt \u201eThin\u201c sehr schmal, und das Verh\u00e4ltnis zwischen \u201eH\u201c und \u201eO\u201c ist in&nbsp;diesem Schriftschnitt anders als in&nbsp;den Schriftschnitten \u201eRegular\u201c, \u201eBold\u201c und \u201eBlack\u201c. Tats\u00e4chlich war der Buchstabe \u201eH\u201c in&nbsp;Thin nicht nur extrem schmal, sondern wirkte auch viel schmaler als der Buchstabe \u201eO\u201c. Das \u201eO\u201c wirkte runder, und das \u201eH\u201c war vertikal sehr lang. Bei der Schrift Bold gab es&nbsp;diesen Unterschied nicht. Es&nbsp;sah also so&nbsp;aus, als w\u00fcrde sich das \u201eH\u201c mit zunehmendem Gewicht ausdehnen und seine Proportionen ver\u00e4ndern\u00bb.<\/p>\n\n\n\n<p class=\"has-text-align-left\">Marina Khodak, Leitende Designerin bei TypeType<\/p>\n<\/blockquote>\n\n\n\n<p>Dasselbe geschah mit den Kleinbuchstaben. Vergleicht man den Buchstaben \u00abo\u00bb mit dem einst\u00f6ckigen \u00aba\u00bb, stellt man fest, dass diese Buchstaben in&nbsp;der Thin sehr \u00e4hnliche Proportionen haben: Das \u00aba\u00bb ist etwas schmaler als das \u00abo\u00bb, wirkt aber runder. In&nbsp;der Schrift Regular wird das \u00aba\u00bb jedoch vertikaler, w\u00e4hrend sich das \u00abo\u00bb horizontal ausdehnt. Wie bei den Versalien verst\u00e4rkt sich diese Tendenz mit zunehmendem Gewicht. Das \u00aba\u00bb und \u00e4hnliche Zeichen werden schmaler und nehmen eine vertikale Form&nbsp;an, w\u00e4hrend das \u00abo\u00bb im&nbsp;Gegensatz dazu breiter wird.<\/p>\n\n\n\n<figure class=\"wp-block-image size-full\"><img decoding=\"async\" src=\"https:\/\/typetype.org\/wp-content\/uploads\/TT_Firs_blog_25.png\" alt=\"\" class=\"wp-image-10000033956\" srcset=\"https:\/\/typetype.org\/de\/wp-content\/uploads\/TT_Firs_blog_25.png 1440w, https:\/\/typetype.org\/de\/wp-content\/uploads\/TT_Firs_blog_25-1024x271.png 1024w, https:\/\/typetype.org\/de\/wp-content\/uploads\/TT_Firs_blog_25-768x203.png 768w, https:\/\/typetype.org\/de\/wp-content\/uploads\/TT_Firs_blog_25-1200x318.png 1200w, https:\/\/typetype.org\/de\/wp-content\/uploads\/TT_Firs_blog_25-420x111.png 420w, https:\/\/typetype.org\/de\/wp-content\/uploads\/TT_Firs_blog_25-600x159.png 600w, https:\/\/typetype.org\/de\/wp-content\/uploads\/TT_Firs_blog_25-80x21.png 80w\" sizes=\"(max-width: 1440px) 100vw, 1440px\" \/><\/figure>\n\n\n\n<p>Au\u00dferdem \u00e4hneln sich in&nbsp;der D\u00fcnnschrift die linken Seiten des \u00abo\u00bb und des einb\u00fcndigen \u00aba\u00bb, doch verschwindet diese \u00c4hnlichkeit mit zunehmender Schriftst\u00e4rke. Au\u00dferdem erscheinen die Verbindungsstellen der runden Buchstaben in&nbsp;der Schrift Bold heller.<\/p>\n\n\n\n<p>Marina \u00e4nderte schlie\u00dflich die Proportionen der Buchstaben, um&nbsp;dieses Problem zu&nbsp;l\u00f6sen. Im&nbsp;Folgenden wird das Ergebnis gezeigt und erl\u00e4utert.<\/p>\n\n\n\n<h4 class=\"wp-block-heading\">Buchstaben mit Schalen<\/h4>\n\n\n\n<p>Der n\u00e4chste Punkt auf der \u00dcberarbeitungsliste war die gebrochene Logik bei der Korrelation und Verteilung der ovalen Formen zwischen den Schriftstilen. Au\u00dferdem schienen die Schalenh\u00f6hen zu&nbsp;gro\u00df zu&nbsp;sein, vor allem im&nbsp;Schriftschnitt Thin. Der Buchstabe \u00ab\u042f\u00bb ist kleiner und schmaler als die Buchstaben \u00ab\u0420\u00bb, \u00ab\u0412\u00bb und \u00ab\u042c\u00bb.<\/p>\n\n\n\n<figure class=\"wp-block-image size-full\"><img decoding=\"async\" src=\"https:\/\/typetype.org\/wp-content\/uploads\/TT_Firs_blog_26.png\" alt=\"\" class=\"wp-image-10000033959\" srcset=\"https:\/\/typetype.org\/de\/wp-content\/uploads\/TT_Firs_blog_26.png 1440w, https:\/\/typetype.org\/de\/wp-content\/uploads\/TT_Firs_blog_26-1024x268.png 1024w, https:\/\/typetype.org\/de\/wp-content\/uploads\/TT_Firs_blog_26-768x201.png 768w, https:\/\/typetype.org\/de\/wp-content\/uploads\/TT_Firs_blog_26-1200x314.png 1200w, https:\/\/typetype.org\/de\/wp-content\/uploads\/TT_Firs_blog_26-420x110.png 420w, https:\/\/typetype.org\/de\/wp-content\/uploads\/TT_Firs_blog_26-600x157.png 600w, https:\/\/typetype.org\/de\/wp-content\/uploads\/TT_Firs_blog_26-80x21.png 80w\" sizes=\"(max-width: 1440px) 100vw, 1440px\" \/><\/figure>\n\n\n\n<blockquote class=\"wp-block-quote is-layout-flow wp-block-quote-is-layout-flow\">\n<p>\u00abWenn wir zum Beispiel den Buchstaben \u201aP\u2018 in&nbsp;den Thin und Regular Mastern vergleichen, k\u00f6nnen wir den Unterschied in&nbsp;der Korrelation sehen. In&nbsp;der Regular-Version ist die Taille h\u00f6her als in&nbsp;der Thin-Version, wodurch der Buchstabe wie eine kleine Fahne auf einem Stock aussieht. Es&nbsp;ist, als w\u00e4re das Oval kein wesentlicher Bestandteil des Buchstabens, sondern nur ein zus\u00e4tzliches Element.<\/p>\n\n\n\n<p class=\"has-text-align-left\">Marina Khodak, Leitende Designerin bei TypeType<\/p>\n<\/blockquote>\n\n\n\n<p><strong>S, \u0417, J<\/strong><\/p>\n\n\n\n<p>Der Charakter dieser Buchstaben unterscheidet sich deutlich von dem der anderen Glyphen im&nbsp;Set, was besonders bei den Kleinbuchstaben auff\u00e4llt.<\/p>\n\n\n\n<p>Der linke obere Teil des \u00ab\u0417\u00bb ist etwas kurz. Das \u00abS\u00bb ist zu&nbsp;flie\u00dfend, das \u00abJ\u00bb hat ein zu&nbsp;lebhaftes Ende&nbsp;\u2014 der einzige Buchstabe in&nbsp;der Schrift, dessen Ende schr\u00e4g abgeschnitten ist. Bei allen anderen Buchstaben sind die Enden horizontal geschnitten. TT&nbsp;Firs ist eine statische, harte, serifenlose Schrift, und wenn solche Schriften ein dynamisches Aussehen haben, dann sollte das auch begr\u00fcndet sein.<\/p>\n\n\n\n<figure class=\"wp-block-image size-full\"><img decoding=\"async\" src=\"https:\/\/typetype.org\/wp-content\/uploads\/TT_Firs_blog_27.png\" alt=\"\" class=\"wp-image-10000033960\" srcset=\"https:\/\/typetype.org\/de\/wp-content\/uploads\/TT_Firs_blog_27.png 1440w, https:\/\/typetype.org\/de\/wp-content\/uploads\/TT_Firs_blog_27-1024x439.png 1024w, https:\/\/typetype.org\/de\/wp-content\/uploads\/TT_Firs_blog_27-768x329.png 768w, https:\/\/typetype.org\/de\/wp-content\/uploads\/TT_Firs_blog_27-1200x514.png 1200w, https:\/\/typetype.org\/de\/wp-content\/uploads\/TT_Firs_blog_27-420x180.png 420w, https:\/\/typetype.org\/de\/wp-content\/uploads\/TT_Firs_blog_27-600x257.png 600w, https:\/\/typetype.org\/de\/wp-content\/uploads\/TT_Firs_blog_27-80x34.png 80w\" sizes=\"(max-width: 1440px) 100vw, 1440px\" \/><\/figure>\n\n\n\n<h4 class=\"wp-block-heading\">Ligaturen<\/h4>\n\n\n\n<p>Auch die Ligaturen waren ein Thema. Zum Beispiel enthalten die Kleinbuchstaben \u00abfi\u00bb und nicht \u00abffi\u00bb. Bei einigen Ligaturen in&nbsp;Gro\u00dfbuchstaben fehlen die umgekehrten Versionen&nbsp;\u2014 es&nbsp;gibt \u00abAV\u00bb, aber kein \u00abVA\u00bb, und \u00abTA\u00bb, aber kein \u00abAT\u00bb. Das ist kein Fehler, wirft aber Fragen auf, was da&nbsp;eigentlich passiert.<\/p>\n\n\n\n<figure class=\"wp-block-image size-full\"><img decoding=\"async\" src=\"https:\/\/typetype.org\/wp-content\/uploads\/TT_Firs_blog_28.png\" alt=\"\" class=\"wp-image-10000033961\" srcset=\"https:\/\/typetype.org\/de\/wp-content\/uploads\/TT_Firs_blog_28.png 1440w, https:\/\/typetype.org\/de\/wp-content\/uploads\/TT_Firs_blog_28-1024x294.png 1024w, https:\/\/typetype.org\/de\/wp-content\/uploads\/TT_Firs_blog_28-768x221.png 768w, https:\/\/typetype.org\/de\/wp-content\/uploads\/TT_Firs_blog_28-1200x345.png 1200w, https:\/\/typetype.org\/de\/wp-content\/uploads\/TT_Firs_blog_28-420x121.png 420w, https:\/\/typetype.org\/de\/wp-content\/uploads\/TT_Firs_blog_28-600x173.png 600w, https:\/\/typetype.org\/de\/wp-content\/uploads\/TT_Firs_blog_28-80x23.png 80w\" sizes=\"(max-width: 1440px) 100vw, 1440px\" \/><\/figure>\n\n\n\n<p>Die Logik zwischen den Meistern in&nbsp;den Ligaturen ist ebenfalls fehlerhaft. In&nbsp;der Buchstabenkombination \u00abAR\u00bb ist das \u00abA\u00bb in&nbsp;der Schriftart \u00abThin\u00bb schmaler als das \u00abR\u00bb. In&nbsp;der Schriftart \u00abBlack\u00bb verschiebt sich dieses Verh\u00e4ltnis und das \u00abA\u00bb wird deutlich breiter und nimmt fast so&nbsp;viel Platz ein wie das \u00abR\u00bb. Dasselbe gilt f\u00fcr \u00abRJ\u00bb.<\/p>\n\n\n\n<figure class=\"wp-block-image size-full\"><img decoding=\"async\" src=\"https:\/\/typetype.org\/wp-content\/uploads\/TT_Firs_blog_29.png\" alt=\"\" class=\"wp-image-10000033962\" srcset=\"https:\/\/typetype.org\/de\/wp-content\/uploads\/TT_Firs_blog_29.png 1440w, https:\/\/typetype.org\/de\/wp-content\/uploads\/TT_Firs_blog_29-1024x396.png 1024w, https:\/\/typetype.org\/de\/wp-content\/uploads\/TT_Firs_blog_29-768x297.png 768w, https:\/\/typetype.org\/de\/wp-content\/uploads\/TT_Firs_blog_29-1200x464.png 1200w, https:\/\/typetype.org\/de\/wp-content\/uploads\/TT_Firs_blog_29-420x162.png 420w, https:\/\/typetype.org\/de\/wp-content\/uploads\/TT_Firs_blog_29-600x232.png 600w, https:\/\/typetype.org\/de\/wp-content\/uploads\/TT_Firs_blog_29-80x31.png 80w\" sizes=\"(max-width: 1440px) 100vw, 1440px\" \/><\/figure>\n\n\n\n<p>\u00abLA\u00bb hat eine merkw\u00fcrdige Verbindung, die in&nbsp;den verschiedenen Mastern nicht einheitlich ist. <\/p>\n\n\n\n<figure class=\"wp-block-image size-full\"><img decoding=\"async\" src=\"https:\/\/typetype.org\/wp-content\/uploads\/TT_Firs_blog_30.png\" alt=\"\" class=\"wp-image-10000033963\" srcset=\"https:\/\/typetype.org\/de\/wp-content\/uploads\/TT_Firs_blog_30.png 1440w, https:\/\/typetype.org\/de\/wp-content\/uploads\/TT_Firs_blog_30-1024x393.png 1024w, https:\/\/typetype.org\/de\/wp-content\/uploads\/TT_Firs_blog_30-768x295.png 768w, https:\/\/typetype.org\/de\/wp-content\/uploads\/TT_Firs_blog_30-1200x461.png 1200w, https:\/\/typetype.org\/de\/wp-content\/uploads\/TT_Firs_blog_30-420x161.png 420w, https:\/\/typetype.org\/de\/wp-content\/uploads\/TT_Firs_blog_30-600x230.png 600w, https:\/\/typetype.org\/de\/wp-content\/uploads\/TT_Firs_blog_30-80x31.png 80w\" sizes=\"(max-width: 1440px) 100vw, 1440px\" \/><\/figure>\n\n\n\n<p>Eine weitere merkw\u00fcrdige Designentscheidung ist der gemeinsame horizontale Strich bei \u00abEA\u00bb. Er&nbsp;ist an&nbsp;sich interessant, aber nicht ganz durchdacht. In&nbsp;der Schriftart Schwarz verklumpt alles, und die Ligatur sieht eher wie ein kyrillisches \u00ab\u0411\u0410\u00bb aus, da&nbsp;der untere Teil des \u00abE\u00bb eine ovale Form bildet.<br><\/p>\n\n\n\n<figure class=\"wp-block-image size-full\"><img decoding=\"async\" src=\"https:\/\/typetype.org\/wp-content\/uploads\/TT_Firs_blog_31.png\" alt=\"\" class=\"wp-image-10000033964\" srcset=\"https:\/\/typetype.org\/de\/wp-content\/uploads\/TT_Firs_blog_31.png 1440w, https:\/\/typetype.org\/de\/wp-content\/uploads\/TT_Firs_blog_31-1024x395.png 1024w, https:\/\/typetype.org\/de\/wp-content\/uploads\/TT_Firs_blog_31-768x297.png 768w, https:\/\/typetype.org\/de\/wp-content\/uploads\/TT_Firs_blog_31-1200x463.png 1200w, https:\/\/typetype.org\/de\/wp-content\/uploads\/TT_Firs_blog_31-420x162.png 420w, https:\/\/typetype.org\/de\/wp-content\/uploads\/TT_Firs_blog_31-600x232.png 600w, https:\/\/typetype.org\/de\/wp-content\/uploads\/TT_Firs_blog_31-80x31.png 80w\" sizes=\"(max-width: 1440px) 100vw, 1440px\" \/><\/figure>\n\n\n\n<p>\u00abTE\u00bb sieht auch seltsam aus und erinnert an&nbsp;einen Haarkamm. Wenn ein Buchstabe an&nbsp;etwas anderes erinnert, wird er&nbsp;zu&nbsp;einem Symbol oder einer Illustration. Es&nbsp;sieht so&nbsp;aus, als ob&nbsp;die Grafik bei der Gestaltung \u00fcberbetont wurde.<\/p>\n\n\n\n<figure class=\"wp-block-image size-full\"><img decoding=\"async\" src=\"https:\/\/typetype.org\/wp-content\/uploads\/TT_Firs_blog_32.png\" alt=\"\" class=\"wp-image-10000033965\" srcset=\"https:\/\/typetype.org\/de\/wp-content\/uploads\/TT_Firs_blog_32.png 1440w, https:\/\/typetype.org\/de\/wp-content\/uploads\/TT_Firs_blog_32-1024x512.png 1024w, https:\/\/typetype.org\/de\/wp-content\/uploads\/TT_Firs_blog_32-768x384.png 768w, https:\/\/typetype.org\/de\/wp-content\/uploads\/TT_Firs_blog_32-1200x600.png 1200w, https:\/\/typetype.org\/de\/wp-content\/uploads\/TT_Firs_blog_32-420x210.png 420w, https:\/\/typetype.org\/de\/wp-content\/uploads\/TT_Firs_blog_32-600x300.png 600w, https:\/\/typetype.org\/de\/wp-content\/uploads\/TT_Firs_blog_32-80x40.png 80w\" sizes=\"(max-width: 1440px) 100vw, 1440px\" \/><\/figure>\n\n\n\n<p>Schlie\u00dflich die Ligatur \u00ab\u0410\u0422\u00bb, die leider wegen ihrer zu&nbsp;komplizierten Form v\u00f6llig unleserlich ist.<\/p>\n\n\n\n<figure class=\"wp-block-image size-full\"><img decoding=\"async\" src=\"https:\/\/typetype.org\/wp-content\/uploads\/TT_Firs_blog_33.png\" alt=\"\" class=\"wp-image-10000033966\" srcset=\"https:\/\/typetype.org\/de\/wp-content\/uploads\/TT_Firs_blog_33.png 1440w, https:\/\/typetype.org\/de\/wp-content\/uploads\/TT_Firs_blog_33-1024x512.png 1024w, https:\/\/typetype.org\/de\/wp-content\/uploads\/TT_Firs_blog_33-768x384.png 768w, https:\/\/typetype.org\/de\/wp-content\/uploads\/TT_Firs_blog_33-1200x600.png 1200w, https:\/\/typetype.org\/de\/wp-content\/uploads\/TT_Firs_blog_33-420x210.png 420w, https:\/\/typetype.org\/de\/wp-content\/uploads\/TT_Firs_blog_33-600x300.png 600w, https:\/\/typetype.org\/de\/wp-content\/uploads\/TT_Firs_blog_33-80x40.png 80w\" sizes=\"(max-width: 1440px) 100vw, 1440px\" \/><\/figure>\n\n\n\n<h4 class=\"wp-block-heading\">Der Schriftschnitt Regular war zu&nbsp;breit <\/h4>\n\n\n\n<p>Nach dem ersten TT&nbsp;Firs-Update erschien der Schriftschnitt Regular zu&nbsp;fett, da&nbsp;die Schrift von FontLab 5&nbsp;auf Glyphs umgestellt wurde. Die Schlussfolgerung \u00fcber die \u00fcberm\u00e4\u00dfige Gewichtung wurde aus der \u00e4hnlichen Verteilung der Gewichte in&nbsp;den Schriftstilen vieler Schriften gezogen. Benutzer haben Erwartungen, wie (theoretisch) ein normaler oder fetter Schriftschnitt aussehen sollte, und Schriftdesigner kennen die Werte. <\/p>\n\n\n\n<figure class=\"wp-block-image size-full\"><img decoding=\"async\" src=\"https:\/\/typetype.org\/wp-content\/uploads\/TT_Firs_blog_34.gif\" alt=\"\" class=\"wp-image-10000033967\"\/><\/figure>\n\n\n\n<p>Antonina Zhulkova schlug folgende L\u00f6sung vor: alle Werte aus der alten TT&nbsp;Firs Neue zu&nbsp;nehmen und den Regular-Schnitt etwas leichter zu&nbsp;machen. Zu&nbsp;diesem Zeitpunkt war diese L\u00f6sung optimistisch, da&nbsp;wir davon ausgingen, dass es&nbsp;sich um&nbsp;ein schnelles Update handeln w\u00fcrde, bei dem wir nur kleine Anpassungen an&nbsp;der Schrift vornehmen w\u00fcrden. Nachdem wir uns jedoch entschieden hatten, die Schrift komplett zu&nbsp;\u00fcberarbeiten, schlus Marina Khodak eine andere L\u00f6sung vor, \u00fcber die wir sp\u00e4ter noch sprechen werden. <\/p>\n\n\n\n<h4 class=\"wp-block-heading\">Unlogischer Stilsatz<\/h4>\n\n\n\n<p>Wir haben bereits erw\u00e4hnt, dass die erste TT&nbsp;Firs neben vielen seltsamen Ligaturen auch einen Satz mit eingebauten Diakritika hatte. Das Problem war, dass die diakritischen Zeichen nur f\u00fcr einige wenige Zeichen gemacht wurden und das Design inkonsistent war. Bei einigen Glyphen war das diakritische Zeichen in&nbsp;der N\u00e4he des Buchstabens angebracht, bei anderen war es&nbsp;entweder gequetscht oder in&nbsp;das Zeichen integriert. Einige Zeichen hatten \u00fcberhaupt keine diakritischen Zeichen. Wir mussten f\u00fcr alles eine einheitliche Logik finden.<\/p>\n\n\n\n<p>Die diakritischen Zeichen variierten auch von Schrift zu&nbsp;Schrift. Zum Beispiel hatte das erkennbare \u00abO\u00bb mit \u00abOhren\u00bb nur in&nbsp;der Schrift Black ein diakritisches Zeichen. Im&nbsp;Schriftschnitt Thin stehen die Punkte neben dem Buchstaben, im&nbsp;Schriftschnitt Regular sind sie an&nbsp;den Buchstaben geklebt. Dasselbe geschieht mit dem Buchstaben \u00abA\u00bb und einigen anderen Zeichen. Das sieht merkw\u00fcrdig aus und erfordert die Suche nach einer einheitlichen Logik.<\/p>\n\n\n\n<figure class=\"wp-block-image size-full\"><img decoding=\"async\" src=\"https:\/\/typetype.org\/wp-content\/uploads\/TT_Firs_blog_35.png\" alt=\"\" class=\"wp-image-10000033968\" srcset=\"https:\/\/typetype.org\/de\/wp-content\/uploads\/TT_Firs_blog_35.png 1440w, https:\/\/typetype.org\/de\/wp-content\/uploads\/TT_Firs_blog_35-1024x442.png 1024w, https:\/\/typetype.org\/de\/wp-content\/uploads\/TT_Firs_blog_35-768x332.png 768w, https:\/\/typetype.org\/de\/wp-content\/uploads\/TT_Firs_blog_35-1200x518.png 1200w, https:\/\/typetype.org\/de\/wp-content\/uploads\/TT_Firs_blog_35-420x181.png 420w, https:\/\/typetype.org\/de\/wp-content\/uploads\/TT_Firs_blog_35-600x259.png 600w, https:\/\/typetype.org\/de\/wp-content\/uploads\/TT_Firs_blog_35-80x35.png 80w\" sizes=\"(max-width: 1440px) 100vw, 1440px\" \/><\/figure>\n\n\n\n<h4 class=\"wp-block-heading\">Erweiterung des Zeichensatzes<\/h4>\n\n\n\n<p>Der Zeichensatz des erweiterten kyrillischen Alphabets f\u00fcr alle Buchstabenf\u00e4lle (Kleinbuchstaben, Gro\u00dfbuchstaben, Kapit\u00e4lchen) entsprach nicht unseren heutigen Standards.<\/p>\n\n\n\n<figure class=\"wp-block-image size-full\"><img decoding=\"async\" src=\"https:\/\/typetype.org\/wp-content\/uploads\/TT_Firs_blog_36.png\" alt=\"\" class=\"wp-image-10000033969\" srcset=\"https:\/\/typetype.org\/de\/wp-content\/uploads\/TT_Firs_blog_36.png 1440w, https:\/\/typetype.org\/de\/wp-content\/uploads\/TT_Firs_blog_36-1024x312.png 1024w, https:\/\/typetype.org\/de\/wp-content\/uploads\/TT_Firs_blog_36-768x234.png 768w, https:\/\/typetype.org\/de\/wp-content\/uploads\/TT_Firs_blog_36-1200x366.png 1200w, https:\/\/typetype.org\/de\/wp-content\/uploads\/TT_Firs_blog_36-420x128.png 420w, https:\/\/typetype.org\/de\/wp-content\/uploads\/TT_Firs_blog_36-600x183.png 600w, https:\/\/typetype.org\/de\/wp-content\/uploads\/TT_Firs_blog_36-80x24.png 80w\" sizes=\"(max-width: 1440px) 100vw, 1440px\" \/><\/figure>\n\n\n\n<p>Es&nbsp;gab keine eingekreisten Ziffern, keine Br\u00fcche und keine Kleinbuchstaben.<span id=\"docs-internal-guid-97045f4e-7fff-d6ef-49b4-ddbe967971b6\"><\/span><\/p>\n\n\n\n<figure class=\"wp-block-image size-full\"><img decoding=\"async\" src=\"https:\/\/typetype.org\/wp-content\/uploads\/TT_Firs_blog_37-1.png\" alt=\"\" class=\"wp-image-10000048672\" srcset=\"https:\/\/typetype.org\/de\/wp-content\/uploads\/TT_Firs_blog_37-1.png 1440w, https:\/\/typetype.org\/de\/wp-content\/uploads\/TT_Firs_blog_37-1-1024x252.png 1024w, https:\/\/typetype.org\/de\/wp-content\/uploads\/TT_Firs_blog_37-1-1200x295.png 1200w, https:\/\/typetype.org\/de\/wp-content\/uploads\/TT_Firs_blog_37-1-768x189.png 768w, https:\/\/typetype.org\/de\/wp-content\/uploads\/TT_Firs_blog_37-1-420x103.png 420w, https:\/\/typetype.org\/de\/wp-content\/uploads\/TT_Firs_blog_37-1-600x148.png 600w\" sizes=\"(max-width: 1440px) 100vw, 1440px\" \/><\/figure>\n\n\n\n<h4 class=\"wp-block-heading\">Weitere Kritikpunkte<\/h4>\n\n\n\n<p>Einige Zeichen mussten grafisch \u00fcberarbeitet werden. Zum Beispiel war die Logik der Stils\u00e4tze gebrochen; es&nbsp;gab einen Satz f\u00fcr das kyrillische Alphabet mit den ausgefallenen Strichen \u00ab\u041a\u00bb und \u00ab\u0416\u00bb, aber der verwandte Buchstabe \u00ab\u042f\u00bb hatte keinen solchen Strich. Der Mittelstrich des \u00abE\u00bb war zu&nbsp;kurz. Das Oval des zweistufigen \u00abg\u00bb war zu&nbsp;gro\u00df und wirkte unausgewogen. Antonina schlug vor, einen deutlicheren Unterschied zwischen den Ovalen zu&nbsp;schaffen und zu&nbsp;versuchen, den Balken zwischen den Ovalen zu&nbsp;verschieben. Die Form des Astes im&nbsp;\u00ab\u0431\u00bb machte den Buchstaben der Zahl 6&nbsp;zu \u00e4hnlich.<\/p>\n\n\n\n<figure class=\"wp-block-image size-full\"><img decoding=\"async\" src=\"https:\/\/typetype.org\/wp-content\/uploads\/TT_Firs_blog_38-1.png\" alt=\"\" class=\"wp-image-10000048673\" srcset=\"https:\/\/typetype.org\/de\/wp-content\/uploads\/TT_Firs_blog_38-1.png 1440w, https:\/\/typetype.org\/de\/wp-content\/uploads\/TT_Firs_blog_38-1-1024x336.png 1024w, https:\/\/typetype.org\/de\/wp-content\/uploads\/TT_Firs_blog_38-1-1200x394.png 1200w, https:\/\/typetype.org\/de\/wp-content\/uploads\/TT_Firs_blog_38-1-768x252.png 768w, https:\/\/typetype.org\/de\/wp-content\/uploads\/TT_Firs_blog_38-1-420x138.png 420w, https:\/\/typetype.org\/de\/wp-content\/uploads\/TT_Firs_blog_38-1-600x197.png 600w\" sizes=\"(max-width: 1440px) 100vw, 1440px\" \/><\/figure>\n\n\n\n<p><br>Die Verzweigungen an&nbsp;den Kreuzungen, zum Beispiel im&nbsp;Buchstaben \u00abn\u00bb. Sie dienten dem optischen Ausgleich. In&nbsp;der Schrift \u00abthin\u00bb war dieses Element nur 1&nbsp;Punkt breit. Es&nbsp;sollte entweder st\u00e4rker betont oder ganz weggelassen werden.<\/p>\n\n\n\n<figure class=\"wp-block-image size-full\"><img decoding=\"async\" src=\"https:\/\/typetype.org\/wp-content\/uploads\/TT_Firs_blog_39-1.png\" alt=\"\" class=\"wp-image-10000048674\" srcset=\"https:\/\/typetype.org\/de\/wp-content\/uploads\/TT_Firs_blog_39-1.png 1440w, https:\/\/typetype.org\/de\/wp-content\/uploads\/TT_Firs_blog_39-1-1024x331.png 1024w, https:\/\/typetype.org\/de\/wp-content\/uploads\/TT_Firs_blog_39-1-1200x388.png 1200w, https:\/\/typetype.org\/de\/wp-content\/uploads\/TT_Firs_blog_39-1-768x248.png 768w, https:\/\/typetype.org\/de\/wp-content\/uploads\/TT_Firs_blog_39-1-420x136.png 420w, https:\/\/typetype.org\/de\/wp-content\/uploads\/TT_Firs_blog_39-1-600x194.png 600w\" sizes=\"(max-width: 1440px) 100vw, 1440px\" \/><\/figure>\n\n\n\n<p>Der obere Teil des Stabes im&nbsp;\u00abn\u00bb, rechts vom Bogen, hatte das gleiche Gewicht wie der Rest. Antonina schlug vor, diesen \u00abStachel\u00bb schmaler zu&nbsp;machen. Es&nbsp;ist \u00fcblich, ihn etwas d\u00fcnner zu&nbsp;machen als den Hauptstiel. Auf diese Weise wirkt er&nbsp;nicht zu&nbsp;kr\u00e4ftig und gro\u00df.<\/p>\n\n\n\n<figure class=\"wp-block-image size-full\"><img decoding=\"async\" src=\"https:\/\/typetype.org\/wp-content\/uploads\/TT_Firs_blog_40-1.png\" alt=\"\" class=\"wp-image-10000048675\" srcset=\"https:\/\/typetype.org\/de\/wp-content\/uploads\/TT_Firs_blog_40-1.png 1440w, https:\/\/typetype.org\/de\/wp-content\/uploads\/TT_Firs_blog_40-1-1024x315.png 1024w, https:\/\/typetype.org\/de\/wp-content\/uploads\/TT_Firs_blog_40-1-1200x369.png 1200w, https:\/\/typetype.org\/de\/wp-content\/uploads\/TT_Firs_blog_40-1-768x236.png 768w, https:\/\/typetype.org\/de\/wp-content\/uploads\/TT_Firs_blog_40-1-420x129.png 420w, https:\/\/typetype.org\/de\/wp-content\/uploads\/TT_Firs_blog_40-1-600x185.png 600w\" sizes=\"(max-width: 1440px) 100vw, 1440px\" \/><\/figure>\n\n\n\n<p>Inkonsistente diakritische Zeichen. Das kyrillische und das lateinische Breve waren in&nbsp;einigen Stilen identisch, in&nbsp;anderen unterschiedlich. Die Flamme war zu&nbsp;kalligraphisch und passte nicht zum Charakter der Schrift.<\/p>\n\n\n\n<figure class=\"wp-block-image size-full\"><img decoding=\"async\" src=\"https:\/\/typetype.org\/wp-content\/uploads\/TT_Firs_blog_41-1.png\" alt=\"\" class=\"wp-image-10000048676\" srcset=\"https:\/\/typetype.org\/de\/wp-content\/uploads\/TT_Firs_blog_41-1.png 1440w, https:\/\/typetype.org\/de\/wp-content\/uploads\/TT_Firs_blog_41-1-1024x512.png 1024w, https:\/\/typetype.org\/de\/wp-content\/uploads\/TT_Firs_blog_41-1-1200x600.png 1200w, https:\/\/typetype.org\/de\/wp-content\/uploads\/TT_Firs_blog_41-1-768x384.png 768w, https:\/\/typetype.org\/de\/wp-content\/uploads\/TT_Firs_blog_41-1-420x210.png 420w, https:\/\/typetype.org\/de\/wp-content\/uploads\/TT_Firs_blog_41-1-600x300.png 600w\" sizes=\"(max-width: 1440px) 100vw, 1440px\" \/><\/figure>\n\n\n\n<p>Au\u00dferdem verlangten die aktualisierten Grafiken die besten neuen Abst\u00e4nde und Andeutungen.<\/p>\n\n\n\n<h3 class=\"wp-block-heading\">Teil&nbsp;2: Verfeinerung der Schrift<\/h3>\n\n\n\n<p>In&nbsp;dieser Phase wurde Marina Khodak zur leitenden Designerin des Projekts. Auf der Grundlage von Antoninas Recherchen und der Suche nach eigenen L\u00f6sungen begann Marina mit der kompletten \u00dcberarbeitung der TT&nbsp;Firs Neue. F\u00fcr die Version&nbsp;2.000 wurde die Schrift praktisch von Grund auf neu entwickelt.<\/p>\n\n\n\n<p>Werfen wir einen Blick auf die interessantesten \u00c4nderungen.<\/p>\n\n\n\n<h4 class=\"wp-block-heading\">Ausgewogener Regular-Schnitt<\/h4>\n\n\n\n<p>Regular ist der wichtigste Schriftschnitt der Schrift. Die Aufgabe bestand darin, es&nbsp;den Benutzern einfach und sicher zu&nbsp;machen, die alte TT&nbsp;Firs Regular, die sie anfangs verwendet hatten, durch die neue TT&nbsp;Firs zu&nbsp;ersetzen, ohne dass alles gewagter aussieht. Deshalb war es&nbsp;sehr wichtig, die \u00c4hnlichkeiten zwischen den grundlegenden Schriftstilen der meisten Schriften beizubehalten.<\/p>\n\n\n\n<blockquote class=\"wp-block-quote is-layout-flow wp-block-quote-is-layout-flow\">\n<p>\u00abAls klar wurde, dass wir die Schrift grundlegend \u00fcberarbeiten wollten, haben wir alle Schnitte neu berechnet. Das Ergebnis war, dass die Gewichtung des Regular-Schnittes in&nbsp;TT&nbsp;Firs Neue&nbsp;2.000 70&nbsp;Punkte betrug&nbsp;\u2014 wie es&nbsp;sein sollte. Au\u00dferdem f\u00fcgten wir einen Schriftschnitt Normal mit einer Basisst\u00e4rke von 90&nbsp;Punkten hinzu. Diesen Schriftschnitt f\u00fcgen wir den serifenlosen Schriften aufgrund der gro\u00dfen Nachfrage oft hinzu. In&nbsp;der alten TT&nbsp;Firs Neue hatte die Regular eine Gewichtung von 90&nbsp;Punkten, in&nbsp;der neuen von 70. Wir haben die 90&nbsp;Punkte f\u00fcr diejenigen beibehalten, die diese besondere Gewichtung in&nbsp;der fr\u00fcheren Version der Schrift mochten.<\/p>\n\n\n\n<p class=\"has-text-align-left\">Marina Khodak, Leitende Designerin bei TypeType<\/p>\n<\/blockquote>\n\n\n\n<figure class=\"wp-block-image size-full\"><img decoding=\"async\" src=\"https:\/\/typetype.org\/wp-content\/uploads\/TT_Firs_blog_34-1.gif\" alt=\"\" class=\"wp-image-10000033974\"\/><\/figure>\n\n\n\n<h4 class=\"wp-block-heading\">Entwicklung einer universellen Logik f\u00fcr den Satz mit komprimierten diakritischen Zeichen<\/h4>\n\n\n\n<p>Um&nbsp;die an&nbsp;die Buchstaben angeh\u00e4ngten diakritischen Zeichen in&nbsp;die Gesamtlogik einzuf\u00fcgen, analysierte Marina die H\u00e4ufigkeit der Zeichen in&nbsp;den skandinavischen Sprachen.<\/p>\n\n\n\n<blockquote class=\"wp-block-quote is-layout-flow wp-block-quote-is-layout-flow\">\n<p>\u00abUnsere Schriftart enthielt einen Satz dieser komprimierten diakritischen Zeichen, und ich wollte verstehen, warum diese Zeichen hinzugef\u00fcgt wurden und warum sie nur auf bestimmte Buchstaben angewendet wurden. Ich hatte eine Version, in&nbsp;der sie nur den Buchstaben der skandinavischen Sprachen hinzugef\u00fcgt wurden: Schwedisch, Norwegisch, Isl\u00e4ndisch und D\u00e4nisch. Die finnische Sprache geh\u00f6rt nicht zur skandinavischen Gruppe, wird aber aufgrund ihrer geographischen Zugeh\u00f6rigkeit ebenfalls so&nbsp;genannt. Au\u00dferdem betrachtete ich Englisch als die am&nbsp;weitesten verbreitete Sprache und die auf dem Kyrillischen basierenden Sprachen als unsere Muttersprachen. Meine Theorie hat sich nicht best\u00e4tigt. Es&nbsp;stellte sich heraus, dass der Satz nicht alle Buchstaben enthielt, die in&nbsp;diesen Sprachen am&nbsp;h\u00e4ufigsten verwendet werden. Wir haben einfach komprimierte diakritische Zeichen f\u00fcr alle Gro\u00dfbuchstaben entworfen. Diese Designentscheidung wurde zum Alleinstellungsmerkmal der Schrift, so&nbsp;dass nun fast jeder Text mit diakritischen Zeichen gestaltet werden kann.\u00bb<\/p>\n\n\n\n<p class=\"has-text-align-left\">Marina Khodak, Leitende Designerin bei TypeType<\/p>\n<\/blockquote>\n\n\n\n<figure class=\"wp-block-image size-full\"><img decoding=\"async\" src=\"https:\/\/typetype.org\/wp-content\/uploads\/TT_Firs_blog_43.gif\" alt=\"\" class=\"wp-image-10000033975\"\/><\/figure>\n\n\n\n<p>Neben der ss13 mit eng gesetzten diakritischen Zeichen haben wir die ss14&nbsp;entwickelt, bei der die diakritischen Zeichen in&nbsp;die Buchstaben integriert sind. <br><span id=\"docs-internal-guid-e03fce7a-7fff-6ac3-6267-de2b33a216c8\"><\/span><\/p>\n\n\n\n<figure class=\"wp-block-image size-full\"><img decoding=\"async\" src=\"https:\/\/typetype.org\/wp-content\/uploads\/TT_Firs_blog_44.gif\" alt=\"\" class=\"wp-image-10000033976\"\/><\/figure>\n\n\n\n<blockquote class=\"wp-block-quote is-layout-flow wp-block-quote-is-layout-flow\">\n<p>\u00abTT&nbsp;Firs Neue&nbsp;2.000 hat eine gut durchdachte Logik f\u00fcr ihre Schrifts\u00e4tze. Viele Designer verwenden sie jedoch nicht, entweder weil sie nicht wissen, dass es&nbsp;sie gibt, oder weil sie das Werkzeug einfach unbequem finden. Wir empfehlen daher immer, vor der Installation einer Schrift diese auszuprobieren und sich mit ihren Funktionen vertraut zu&nbsp;machen. Es&nbsp;gibt eine F\u00fclle von Funktionen, die, wenn sie genutzt werden, die Schrift in&nbsp;einem neuen Licht erscheinen lassen und ihr eine neue Dimension verleihen.\u00bb<\/p>\n\n\n\n<p class=\"has-text-align-left\">Ivan Gladkih, CTO, Mitgr\u00fcnder von TypeType<\/p>\n<\/blockquote>\n\n\n\n<figure class=\"wp-block-image size-full\"><img decoding=\"async\" src=\"https:\/\/typetype.org\/wp-content\/uploads\/TT_Firs_blog_45.gif\" alt=\"\" class=\"wp-image-10000033977\"\/><\/figure>\n\n\n\n<p>Wenn Sie mehr dar\u00fcber erfahren m\u00f6chten, wie Sie Stils\u00e4tze und andere Funktionen finden und nutzen k\u00f6nnen, lesen Sie unseren <a href=\"https:\/\/typetype.org\/de\/blog\/fonts-hidden-capabilities\/\">Article<\/a>.<\/p>\n\n\n\n<h4 class=\"wp-block-heading\">Verfeinerte Ligaturen<\/h4>\n\n\n\n<p>Die alte Version hatte unvollst\u00e4ndige Ligaturs\u00e4tze. Marinas Ausgangspunkt war, dass unsere Schrift zu&nbsp;den skandinavischen serifenlosen Schriften geh\u00f6rt. Deshalb w\u00e4hlte sie diese Richtung f\u00fcr ihre Recherche.<\/p>\n\n\n\n<blockquote class=\"wp-block-quote is-layout-flow wp-block-quote-is-layout-flow\">\n<p>\u00abIch habe mir die am&nbsp;h\u00e4ufigsten verwendeten Buchstabenkombinationen in&nbsp;den skandinavischen Sprachen angesehen. Aus diesen k\u00f6nnten wir einfach Ligaturen entwerfen, aber sie sehen in&nbsp;Kombination nicht immer harmonisch aus. Deshalb haben wir zwei logische Ans\u00e4tze gew\u00e4hlt: zum einen die H\u00e4ufigkeit und zum anderen \u00e4sthetisch ansprechende und interessante Buchstabenkombinationen. Auf der Grundlage dieser Analyse und Logik haben wir Paare gebildet, die in&nbsp;die Schrift eingeflossen sind.\u00bb<\/p>\n\n\n\n<p class=\"has-text-align-left\">Marina Khodak, Chefdesignerin von TypeType<\/p>\n<\/blockquote>\n\n\n\n<p>Hier sind einige interessante Beispiele von Ligaturen, die wir erstellt haben: <\/p>\n\n\n\n<ul class=\"wp-block-list\">\n<li>Unkonventionelles \u00abDE\u00bb. <\/li>\n\n\n\n<li>Bei \u00abE\u00d0\u00bb und \u00abF\u00d0\u00bb bleibt die Designkontinuit\u00e4t mit einem gemeinsamen horizontalen Strich der alten Schrift erhalten. <\/li>\n\n\n\n<li>Eine Form des Buchstabens \u00abG\u00bb, die in&nbsp;der skandinavischen Typografie h\u00e4ufig vorkommt, war in&nbsp;der alten Schrift sehr pr\u00e4sent. Wir f\u00fcgten sie den Ligaturen hinzu und reimten den horizontalen Akzent mit \u00abE\u00d0\u00bb und \u00abF\u00d0\u00bb. <\/li>\n\n\n\n<li>Ligaturen mit \u00abverdoppelten\u00bb Buchstaben stammen ebenfalls aus dem Finnischen. <\/li>\n\n\n\n<li>\u00abWE\u00bb sieht ziemlich spannend aus. <\/li>\n<\/ul>\n\n\n\n<figure class=\"wp-block-image size-full\"><img decoding=\"async\" src=\"https:\/\/typetype.org\/wp-content\/uploads\/TT_Firs_blog_46-1.png\" alt=\"\" class=\"wp-image-10000048677\" srcset=\"https:\/\/typetype.org\/de\/wp-content\/uploads\/TT_Firs_blog_46-1.png 1440w, https:\/\/typetype.org\/de\/wp-content\/uploads\/TT_Firs_blog_46-1-1024x256.png 1024w, https:\/\/typetype.org\/de\/wp-content\/uploads\/TT_Firs_blog_46-1-1200x300.png 1200w, https:\/\/typetype.org\/de\/wp-content\/uploads\/TT_Firs_blog_46-1-768x192.png 768w, https:\/\/typetype.org\/de\/wp-content\/uploads\/TT_Firs_blog_46-1-420x105.png 420w, https:\/\/typetype.org\/de\/wp-content\/uploads\/TT_Firs_blog_46-1-600x150.png 600w\" sizes=\"(max-width: 1440px) 100vw, 1440px\" \/><\/figure>\n\n\n\n<p>Die Gro\u00dfbuchstaben der alten Schrift hatten viele spezifische Ligaturen\u00a0\u2014 sie wurden stark ver\u00e4ndert, aber die Logik blieb die gleiche. <a href=\"https:\/\/typetype.org\/de\/fonts\/tt-firs-neue\/\">TT\u00a0Firs Neue<\/a>, Version\u00a02.000, bietet zwei Arten von Ligaturen: einfache Ligaturen und Ligaturen aus dem Satz ss15\u00a0\u2014 Buchstabe f\u00fcr Buchstabe.<\/p>\n\n\n\n<figure class=\"wp-block-image size-full\"><img decoding=\"async\" src=\"https:\/\/typetype.org\/wp-content\/uploads\/TT_Firs_blog_47-1.png\" alt=\"\" class=\"wp-image-10000048678\" srcset=\"https:\/\/typetype.org\/de\/wp-content\/uploads\/TT_Firs_blog_47-1.png 1440w, https:\/\/typetype.org\/de\/wp-content\/uploads\/TT_Firs_blog_47-1-1024x238.png 1024w, https:\/\/typetype.org\/de\/wp-content\/uploads\/TT_Firs_blog_47-1-1200x279.png 1200w, https:\/\/typetype.org\/de\/wp-content\/uploads\/TT_Firs_blog_47-1-768x179.png 768w, https:\/\/typetype.org\/de\/wp-content\/uploads\/TT_Firs_blog_47-1-420x98.png 420w, https:\/\/typetype.org\/de\/wp-content\/uploads\/TT_Firs_blog_47-1-600x140.png 600w\" sizes=\"(max-width: 1440px) 100vw, 1440px\" \/><\/figure>\n\n\n\n<p>Wir haben versucht, alle Ligaturen und diakritischen Zeichen sofort im Set zu \u00fcberpr\u00fcfen, damit sie im Text gut aussehen.<\/p>\n\n\n\n<figure class=\"wp-block-image size-full\"><img decoding=\"async\" src=\"https:\/\/typetype.org\/wp-content\/uploads\/TT_Firs_blog_48-2.png\" alt=\"\" class=\"wp-image-10000048680\" srcset=\"https:\/\/typetype.org\/de\/wp-content\/uploads\/TT_Firs_blog_48-2.png 1440w, https:\/\/typetype.org\/de\/wp-content\/uploads\/TT_Firs_blog_48-2-1024x462.png 1024w, https:\/\/typetype.org\/de\/wp-content\/uploads\/TT_Firs_blog_48-2-1200x541.png 1200w, https:\/\/typetype.org\/de\/wp-content\/uploads\/TT_Firs_blog_48-2-768x346.png 768w, https:\/\/typetype.org\/de\/wp-content\/uploads\/TT_Firs_blog_48-2-420x189.png 420w, https:\/\/typetype.org\/de\/wp-content\/uploads\/TT_Firs_blog_48-2-600x270.png 600w\" sizes=\"(max-width: 1440px) 100vw, 1440px\" \/><\/figure>\n\n\n\n<h4 class=\"wp-block-heading\">Erweiterte Unterst\u00fctzung f\u00fcr kyrillische Sprachen<\/h4>\n\n\n\n<p>Der aktualisierte Font bietet erweiterte Sprachunterst\u00fctzung, insbesondere f\u00fcr Sprachen, die auf dem kyrillischen Alphabet basieren.<\/p>\n\n\n\n<figure class=\"wp-block-image size-full\"><img decoding=\"async\" src=\"https:\/\/typetype.org\/wp-content\/uploads\/TT_Firs_blog_50-1.png\" alt=\"\" class=\"wp-image-10000048681\" srcset=\"https:\/\/typetype.org\/de\/wp-content\/uploads\/TT_Firs_blog_50-1.png 1440w, https:\/\/typetype.org\/de\/wp-content\/uploads\/TT_Firs_blog_50-1-1024x443.png 1024w, https:\/\/typetype.org\/de\/wp-content\/uploads\/TT_Firs_blog_50-1-1200x519.png 1200w, https:\/\/typetype.org\/de\/wp-content\/uploads\/TT_Firs_blog_50-1-768x332.png 768w, https:\/\/typetype.org\/de\/wp-content\/uploads\/TT_Firs_blog_50-1-420x182.png 420w, https:\/\/typetype.org\/de\/wp-content\/uploads\/TT_Firs_blog_50-1-600x260.png 600w\" sizes=\"(max-width: 1440px) 100vw, 1440px\" \/><\/figure>\n\n\n\n<blockquote class=\"wp-block-quote is-layout-flow wp-block-quote-is-layout-flow\">\n<p>\u00abVor einigen Jahren haben wir festgestellt, dass die Welt der kyrillischen Alphabete sehr gro\u00df ist. Deshalb haben wir 2022 damit begonnen, erweiterte kyrillische Zeichens\u00e4tze zu&nbsp;integrieren&nbsp;\u2014 nicht nur f\u00fcr die wichtigsten kyrillisch-basierten Sprachen, sondern auch f\u00fcr Sprachen kleinerer ethnischer Gruppen, die von mehr als einer Million Menschen gesprochen werden, wie Tatarisch, Kasachisch, Kirgisisch und andere. Und TT&nbsp;Firs Neue ist keine Ausnahme von diesem neuen Ansatz.\u00bb<\/p>\n\n\n\n<p class=\"has-text-align-left\">Ivan Gladkih, CTO, Mitbegr\u00fcnder von TypeType<\/p>\n<\/blockquote>\n\n\n\n<h4 class=\"wp-block-heading\">Fesselndere Kursivschrift hinzugef\u00fcgt<\/h4>\n\n\n\n<p>Die <a href=\"https:\/\/typetype.org\/de\/fonts\/tt-firs-neue\/\">TT\u00a0Firs Neue<\/a> ist die erste serifenlose Schrift, bei der wir uns besonders viel M\u00fche bei der detaillierten Entwicklung der Kursivschnitte gegeben haben. Normalerweise wird die einfachste Slant mit Artefaktkompensation als Paar f\u00fcr serifenlose Schriften entworfen. Die Proportionen bleiben gleich. In\u00a0diesem Fall haben wir jedoch einen anderen Ansatz gew\u00e4hlt.<\/p>\n\n\n\n<blockquote class=\"wp-block-quote is-layout-flow wp-block-quote-is-layout-flow\">\n<p>\u00abWir haben viel Zeit, M\u00fche und Herzblut in&nbsp;die Verfeinerung der aktualisierten Schrift gesteckt. Wir wollten mehr&nbsp;\u2014 etwas wirklich Besonderes.\u00bb<\/p>\n\n\n\n<p class=\"has-text-align-left\">Marina Khodak, Chefdesignerin von TypeType<\/p>\n<\/blockquote>\n\n\n\n<p class=\"has-text-align-left\">Als wir an&nbsp;den Entw\u00fcrfen f\u00fcr die Kursive arbeiteten, beschlossen wir, sie dynamischer zu&nbsp;gestalten, indem wir den Neigungswinkel von 10\u00b0&nbsp;auf 12\u00b0&nbsp;erh\u00f6hten und die Proportionen der runden Buchstaben ver\u00e4nderten. Ohne diese wichtige \u00c4nderung lie\u00dfen die gro\u00dfen, runden Formen das Auge nicht \u00fcber die schr\u00e4ge Linie \u00abgleiten\u00bb. Jetzt erf\u00fcllt das dynamischere Design der Kursiven in&nbsp;Kombination mit einer statischen, aufrechten Schrift besser ihren Hauptzweck: die Hervorhebung wichtiger Ideen im&nbsp;Text. Au\u00dferdem ist die Kursivschrift einfach wundersch\u00f6n geworden.<\/p>\n\n\n\n<figure class=\"wp-block-image size-full\"><img decoding=\"async\" src=\"https:\/\/typetype.org\/wp-content\/uploads\/TT_Firs_blog_49.gif\" alt=\"\" class=\"wp-image-10000033981\"\/><\/figure>\n\n\n\n<h4 class=\"wp-block-heading\">Weitere \u00c4nderungen<\/h4>\n\n\n\n<p>Nach der Aktualisierung ist die Schrift stabiler, robuster, solider und einheitlicher geworden. Wir haben die \u00dcberg\u00e4nge, Breiten, Ovalverh\u00e4ltnisse, Kontraste, Abst\u00e4nde und Proportionen neu gestaltet, um&nbsp;all die Probleme zu&nbsp;l\u00f6sen, die wir im&nbsp;vorherigen Abschnitt besprochen haben.<\/p>\n\n\n\n<p>Zum Beispiel:<\/p>\n\n\n\n<ul class=\"wp-block-list\">\n<li>Wir haben runde Zeichen komplett neu gestaltet und ihre Proportionen in&nbsp;allen Mastern ausbalanciert, was zu&nbsp;einheitlicheren Formen gef\u00fchrt hat.<\/li>\n<\/ul>\n\n\n\n<figure class=\"wp-block-image size-full\"><img decoding=\"async\" src=\"https:\/\/typetype.org\/wp-content\/uploads\/TT_Firs_blog_51.gif\" alt=\"\" class=\"wp-image-10000033983\"\/><\/figure>\n\n\n\n<ul class=\"wp-block-list\">\n<li>Die Kreuzungen in&nbsp;den dreieckigen Zeichen wurden visuell einheitlich gestaltet. <\/li>\n<\/ul>\n\n\n\n<figure class=\"wp-block-image size-full\"><img decoding=\"async\" src=\"https:\/\/typetype.org\/wp-content\/uploads\/TT_Firs_blog_52.gif\" alt=\"\" class=\"wp-image-10000033984\"\/><\/figure>\n\n\n\n<ul class=\"wp-block-list\">\n<li>Die spitzen Enden, die so&nbsp;genannten \u00abSkorpionschw\u00e4nze\u00bb, wurden entfernt. <\/li>\n<\/ul>\n\n\n\n<figure class=\"wp-block-image size-full\"><img decoding=\"async\" src=\"https:\/\/typetype.org\/wp-content\/uploads\/TT_Firs_blog_53.gif\" alt=\"\" class=\"wp-image-10000033986\"\/><\/figure>\n\n\n\n<ul class=\"wp-block-list\">\n<li>Die Enden der Buchstaben \u00abt\u00bb, \u00abf\u00bb, \u00abj\u00bb, \u00abg\u00bb und \u00e4hnlicher Buchstaben wurden gegl\u00e4ttet und sind nun gleichm\u00e4\u00dfiger in&nbsp;Gewicht und L\u00e4nge. Dies ist besonders auff\u00e4llig, wenn man zwei Versionen von \u00abg\u00bb vergleicht.<\/li>\n<\/ul>\n\n\n\n<figure class=\"wp-block-image size-full\"><img decoding=\"async\" src=\"https:\/\/typetype.org\/wp-content\/uploads\/TT_Firs_blog_54.gif\" alt=\"\" class=\"wp-image-10000033985\"\/><\/figure>\n\n\n\n<ul class=\"wp-block-list\">\n<li>Der Schriftsatz ss7 mit abgerundeten Enden wurde hinzugef\u00fcgt. Dieser Satz wurde sp\u00e4ter in\u00a0den Hauptzeichensatz von <a href=\"https:\/\/typetype.org\/de\/fonts\/tt-firs-text\/\">TT\u00a0Firs Text<\/a> aufgenommen, ebenso wie ss9, wo\u00a0der Buchstabe \u00abG\u00bb dieses attraktive horizontale Element nicht hatte.<\/li>\n<\/ul>\n\n\n\n<figure class=\"wp-block-image size-full\"><img decoding=\"async\" src=\"https:\/\/typetype.org\/wp-content\/uploads\/TT_Firs_blog_55-1.png\" alt=\"\" class=\"wp-image-10000048682\" srcset=\"https:\/\/typetype.org\/de\/wp-content\/uploads\/TT_Firs_blog_55-1.png 1440w, https:\/\/typetype.org\/de\/wp-content\/uploads\/TT_Firs_blog_55-1-1024x512.png 1024w, https:\/\/typetype.org\/de\/wp-content\/uploads\/TT_Firs_blog_55-1-1200x600.png 1200w, https:\/\/typetype.org\/de\/wp-content\/uploads\/TT_Firs_blog_55-1-768x384.png 768w, https:\/\/typetype.org\/de\/wp-content\/uploads\/TT_Firs_blog_55-1-420x210.png 420w, https:\/\/typetype.org\/de\/wp-content\/uploads\/TT_Firs_blog_55-1-600x300.png 600w\" sizes=\"(max-width: 1440px) 100vw, 1440px\" \/><\/figure>\n\n\n\n<ul class=\"wp-block-list\">\n<li>Der \u00fcberm\u00e4\u00dfige Kontrast des Buchstabens \u00abe\u00bb in&nbsp;der fetten Schrift wurde entfernt.<\/li>\n<\/ul>\n\n\n\n<figure class=\"wp-block-image size-full\"><img decoding=\"async\" src=\"https:\/\/typetype.org\/wp-content\/uploads\/TT_Firs_blog_56.gif\" alt=\"\" class=\"wp-image-10000033991\"\/><\/figure>\n\n\n\n<ul class=\"wp-block-list\">\n<li>\u00abC\u00bb and \u00abO\u00bb erhielten ausgewogenere Proportionen zwischen den Mastern.<\/li>\n<\/ul>\n\n\n\n<figure class=\"wp-block-image size-full\"><img decoding=\"async\" src=\"https:\/\/typetype.org\/wp-content\/uploads\/TT_Firs_blog_57.gif\" alt=\"\" class=\"wp-image-10000033992\"\/><\/figure>\n\n\n\n<ul class=\"wp-block-list\">\n<li>Der Zweig in&nbsp;\u00ab\u0431\u00bb wurde neu gestaltet.<\/li>\n<\/ul>\n\n\n\n<figure class=\"wp-block-image size-full\"><img decoding=\"async\" src=\"https:\/\/typetype.org\/wp-content\/uploads\/TT_Firs_blog_58-1.png\" alt=\"\" class=\"wp-image-10000048683\" srcset=\"https:\/\/typetype.org\/de\/wp-content\/uploads\/TT_Firs_blog_58-1.png 1440w, https:\/\/typetype.org\/de\/wp-content\/uploads\/TT_Firs_blog_58-1-1024x512.png 1024w, https:\/\/typetype.org\/de\/wp-content\/uploads\/TT_Firs_blog_58-1-1200x600.png 1200w, https:\/\/typetype.org\/de\/wp-content\/uploads\/TT_Firs_blog_58-1-768x384.png 768w, https:\/\/typetype.org\/de\/wp-content\/uploads\/TT_Firs_blog_58-1-420x210.png 420w, https:\/\/typetype.org\/de\/wp-content\/uploads\/TT_Firs_blog_58-1-600x300.png 600w\" sizes=\"(max-width: 1440px) 100vw, 1440px\" \/><\/figure>\n\n\n\n<ul class=\"wp-block-list\">\n<li>Die diakritischen Zeichen, die in&nbsp;der kyrillischen Breve deutlich sichtbar sind, wurden in&nbsp;Gewicht und Form ausgeglichen.<\/li>\n<\/ul>\n\n\n\n<figure class=\"wp-block-image size-full\"><img decoding=\"async\" src=\"https:\/\/typetype.org\/wp-content\/uploads\/TT_Firs_blog_59.gif\" alt=\"\" class=\"wp-image-10000033994\"\/><\/figure>\n\n\n\n<ul class=\"wp-block-list\">\n<li>Der Buchstabe \u00ab\u042d\u00bb, der fr\u00fcher seltsame Proportionen und einen starken Kontrast aufwies, ist jetzt in&nbsp;der richtigen Ordnung.<\/li>\n<\/ul>\n\n\n\n<figure class=\"wp-block-image size-full\"><img decoding=\"async\" src=\"https:\/\/typetype.org\/wp-content\/uploads\/TT_Firs_blog_60-1.png\" alt=\"\" class=\"wp-image-10000048684\" srcset=\"https:\/\/typetype.org\/de\/wp-content\/uploads\/TT_Firs_blog_60-1.png 1440w, https:\/\/typetype.org\/de\/wp-content\/uploads\/TT_Firs_blog_60-1-1024x478.png 1024w, https:\/\/typetype.org\/de\/wp-content\/uploads\/TT_Firs_blog_60-1-1200x560.png 1200w, https:\/\/typetype.org\/de\/wp-content\/uploads\/TT_Firs_blog_60-1-768x358.png 768w, https:\/\/typetype.org\/de\/wp-content\/uploads\/TT_Firs_blog_60-1-420x196.png 420w, https:\/\/typetype.org\/de\/wp-content\/uploads\/TT_Firs_blog_60-1-600x280.png 600w\" sizes=\"(max-width: 1440px) 100vw, 1440px\" \/><\/figure>\n\n\n\n<ul class=\"wp-block-list\">\n<li>Der Schwanz des Buchstabens \u00ab\u0426\u00bb und die Enden des Buchstabens \u00ab\u0424\u00bb sind selbstbewusster und klarer geworden.<\/li>\n<\/ul>\n\n\n\n<figure class=\"wp-block-image size-full\"><img decoding=\"async\" src=\"https:\/\/typetype.org\/wp-content\/uploads\/TT_Firs_blog_61-1.png\" alt=\"\" class=\"wp-image-10000048685\" srcset=\"https:\/\/typetype.org\/de\/wp-content\/uploads\/TT_Firs_blog_61-1.png 1440w, https:\/\/typetype.org\/de\/wp-content\/uploads\/TT_Firs_blog_61-1-1024x385.png 1024w, https:\/\/typetype.org\/de\/wp-content\/uploads\/TT_Firs_blog_61-1-1200x452.png 1200w, https:\/\/typetype.org\/de\/wp-content\/uploads\/TT_Firs_blog_61-1-768x289.png 768w, https:\/\/typetype.org\/de\/wp-content\/uploads\/TT_Firs_blog_61-1-420x158.png 420w, https:\/\/typetype.org\/de\/wp-content\/uploads\/TT_Firs_blog_61-1-600x226.png 600w\" sizes=\"(max-width: 1440px) 100vw, 1440px\" \/><\/figure>\n\n\n\n<ul class=\"wp-block-list\">\n<li>Wir haben die Form der Zahl 5&nbsp;ver\u00e4ndert und ihre \u00abFremdheit\u00bb beseitigt. Die klassischere Version der Zahl passte besser zum Design.<\/li>\n<\/ul>\n\n\n\n<figure class=\"wp-block-image size-full\"><img decoding=\"async\" src=\"https:\/\/typetype.org\/wp-content\/uploads\/TT_Firs_blog_62-1.png\" alt=\"\" class=\"wp-image-10000048686\" srcset=\"https:\/\/typetype.org\/de\/wp-content\/uploads\/TT_Firs_blog_62-1.png 1440w, https:\/\/typetype.org\/de\/wp-content\/uploads\/TT_Firs_blog_62-1-1024x402.png 1024w, https:\/\/typetype.org\/de\/wp-content\/uploads\/TT_Firs_blog_62-1-1200x471.png 1200w, https:\/\/typetype.org\/de\/wp-content\/uploads\/TT_Firs_blog_62-1-768x301.png 768w, https:\/\/typetype.org\/de\/wp-content\/uploads\/TT_Firs_blog_62-1-420x165.png 420w, https:\/\/typetype.org\/de\/wp-content\/uploads\/TT_Firs_blog_62-1-600x235.png 600w\" sizes=\"(max-width: 1440px) 100vw, 1440px\" \/><\/figure>\n\n\n\n<ul class=\"wp-block-list\">\n<li>Die Form des Ampersands wurde ebenfalls ver\u00e4ndert und ausdrucksst\u00e4rker gestaltet.<\/li>\n<\/ul>\n\n\n\n<blockquote class=\"wp-block-quote is-layout-flow wp-block-quote-is-layout-flow\">\n<p>\u00abEs&nbsp;ist lustig, dass die Form der ersten Version von TT&nbsp;Firs sehr \u00e4hnlich ist, obwohl ich sie nicht als Referenz hatte. Offensichtlich ist sie vom Stil der Schrift inspiriert und geh\u00f6rt nat\u00fcrlich hierher.\u00bb<\/p>\n\n\n\n<p class=\"has-text-align-left\">Marina Khodak, Chefdesignerin von TypeType<\/p>\n<\/blockquote>\n\n\n\n<figure class=\"wp-block-image size-full\"><img decoding=\"async\" src=\"https:\/\/typetype.org\/wp-content\/uploads\/TT_Firs_blog_63-1.png\" alt=\"\" class=\"wp-image-10000048687\" srcset=\"https:\/\/typetype.org\/de\/wp-content\/uploads\/TT_Firs_blog_63-1.png 1440w, https:\/\/typetype.org\/de\/wp-content\/uploads\/TT_Firs_blog_63-1-1024x447.png 1024w, https:\/\/typetype.org\/de\/wp-content\/uploads\/TT_Firs_blog_63-1-1200x523.png 1200w, https:\/\/typetype.org\/de\/wp-content\/uploads\/TT_Firs_blog_63-1-768x335.png 768w, https:\/\/typetype.org\/de\/wp-content\/uploads\/TT_Firs_blog_63-1-420x183.png 420w, https:\/\/typetype.org\/de\/wp-content\/uploads\/TT_Firs_blog_63-1-600x262.png 600w\" sizes=\"(max-width: 1440px) 100vw, 1440px\" \/><\/figure>\n\n\n\n<ul class=\"wp-block-list\">\n<li>Die Version mit dem kleingeschriebenen kaufm\u00e4nnischen Und-Zeichen wurde beibehalten, allerdings ohne das horizontale Element, wodurch die Form insgesamt ausgewogener wirkt. Die Probleme mit der Interpolation und der Verwendung des variablen Fonts wurden ebenfalls behoben.<\/li>\n<\/ul>\n\n\n\n<figure class=\"wp-block-image size-full\"><img decoding=\"async\" src=\"https:\/\/typetype.org\/wp-content\/uploads\/TT_Firs_blog_64.gif\" alt=\"\" class=\"wp-image-10000033999\"\/><\/figure>\n\n\n\n<ul class=\"wp-block-list\">\n<li>Im\u00a0prim\u00e4ren Zeichensatz von <a href=\"https:\/\/typetype.org\/de\/fonts\/tt-firs-neue\/\">TT\u00a0Firs Neue<\/a> haben die Buchstaben \u00ab\u041b\u00bb und \u00ab\u0414\u00bb eine trapezf\u00f6rmige Form, die das Aussehen des Buchstabens \u00abA\u00bb unterst\u00fctzt. F\u00fcr den alternativen Satz haben wir prim\u00e4re Textformen entworfen. Ihr Charakter war weicher und naiver als der der gesamten Schrift. In\u00a0der TT\u00a0Firs Neue\u00a02.000 haben wir diese alternativen Glyphen beibehalten, um\u00a0die Funktionalit\u00e4t der Schrift zu\u00a0erweitern, und sie im\u00a0gew\u00fcnschten Stil neu gestaltet. Sp\u00e4ter werden diese Zeichen den prim\u00e4ren Textsatz der <a href=\"https:\/\/typetype.org\/de\/fonts\/tt-firs-text\/\">TT\u00a0Firs<\/a> bilden, auf den wir weiter unten n\u00e4her eingehen werden.<\/li>\n<\/ul>\n\n\n\n<figure class=\"wp-block-image size-full\"><img decoding=\"async\" src=\"https:\/\/typetype.org\/wp-content\/uploads\/TT_Firs_blog_65.gif\" alt=\"\" class=\"wp-image-10000034000\"\/><\/figure>\n\n\n\n<h3 class=\"wp-block-heading\">Das Ergebnis des TT&nbsp;Firs Neue&nbsp;2.000 Designs<\/h3>\n\n\n\n<p>Das Ergebnis unserer harten Arbeit und unseres Engagements ist eine perfekt ausbalancierte skandinavische Sans Serif-Schrift mit ausdrucksstarken grafischen Elementen und gro\u00dfer Vielseitigkeit in&nbsp;der Anwendung.<\/p>\n\n\n\n<p>Die <a href=\"https:\/\/typetype.org\/de\/fonts\/tt-firs-neue\/\">TT\u00a0Firs Neue<\/a>\u00a02.000\u00a0enth\u00e4lt:<\/p>\n\n\n\n<ul class=\"wp-block-list\">\n<li>23&nbsp;Schnitte: 11&nbsp;Antiqua- und 11&nbsp;Kursivschnitte sowie ein variabler Schnitt mit zwei Variationsachsen: Gewicht und Neigung;<\/li>\n\n\n\n<li>1719 Zeichen in&nbsp;jedem Schriftschnitt<\/li>\n\n\n\n<li>40&nbsp;OpenType-Funktionen;<\/li>\n\n\n\n<li>Unterst\u00fctzung von \u00fcber 235&nbsp;Sprachen.<\/li>\n<\/ul>\n\n\n\n<figure class=\"wp-block-image size-full\"><img decoding=\"async\" src=\"https:\/\/typetype.org\/wp-content\/uploads\/TT_Firs_blog_66.gif\" alt=\"\" class=\"wp-image-10000034002\"\/><\/figure>\n\n\n\n<blockquote class=\"wp-block-quote is-layout-flow wp-block-quote-is-layout-flow\">\n<p>\u00ab\u00dcberraschenderweise ist die zweite Ausgabe der TT&nbsp;Firs besonders beliebt im&nbsp;europ\u00e4ischen Branding. Sie wird von verschiedenen Museen, Architekturb\u00fcros und Caf\u00e9s geliebt&nbsp;\u2014 alles, was in&nbsp;die Kategorie skandinavischer Vibe f\u00e4llt. Das bedeutet, dass unsere Vision wie erwartet zum Leben erweckt wurde.\u00bb<\/p>\n\n\n\n<p class=\"has-text-align-left\">Ivan Gladkih, CTO, Mitbegr\u00fcnder von TypeType<\/p>\n<\/blockquote>\n\n\n\n<figure class=\"wp-block-image size-full\"><img decoding=\"async\" src=\"https:\/\/typetype.org\/wp-content\/uploads\/TT_Firs_blog_67-1.png\" alt=\"\" class=\"wp-image-10000048688\" srcset=\"https:\/\/typetype.org\/de\/wp-content\/uploads\/TT_Firs_blog_67-1.png 1440w, https:\/\/typetype.org\/de\/wp-content\/uploads\/TT_Firs_blog_67-1-1024x711.png 1024w, https:\/\/typetype.org\/de\/wp-content\/uploads\/TT_Firs_blog_67-1-1200x833.png 1200w, https:\/\/typetype.org\/de\/wp-content\/uploads\/TT_Firs_blog_67-1-768x533.png 768w, https:\/\/typetype.org\/de\/wp-content\/uploads\/TT_Firs_blog_67-1-420x292.png 420w, https:\/\/typetype.org\/de\/wp-content\/uploads\/TT_Firs_blog_67-1-600x417.png 600w\" sizes=\"(max-width: 1440px) 100vw, 1440px\" \/><\/figure>\n\n\n\n<h2 class=\"wp-block-heading\">Von einer einzelnen Tanne zu&nbsp;einem ganzen Wald: Die Gestaltung eines Textschriftenpaares<\/h2>\n\n\n\n<p>Als wir die <a href=\"https:\/\/typetype.org\/de\/fonts\/tt-firs-neue\/\">TT\u00a0Firs Neue<\/a> verwendeten, fanden wir sie sehr ausdrucksstark und begannen, ein Schriftpaar f\u00fcr sie zu\u00a0entwerfen\u00a0\u2014 die <a href=\"https:\/\/typetype.org\/de\/fonts\/tt-firs-text\/\">TT\u00a0Firs Text<\/a>.<\/p>\n\n\n\n<p>Normalerweise bestehen Schriftpaare aus Schriften verschiedener Gruppen, wie zum Beispiel <a href=\"https:\/\/typetype.org\/de\/fonts\/serif\/\">Serifen<\/a>&#8211; und Sans-Serif-Schriften, die miteinander kontrastieren. Wir gingen einen etwas anderen Weg, indem wir die Proportionen der TT&nbsp;Firs Neue beibehielten und ein Textpaar f\u00fcr sie entwarfen. Im&nbsp;Wesentlichen haben wir dies getan, um&nbsp;das Erscheinungsbild der Schrift weitgehend beizubehalten und gleichzeitig sicherzustellen, dass alle Zeichen f\u00fcr die Textgestaltung geeignet sind. <\/p>\n\n\n\n<p>Wir stellten uns die Aufgabe, eine einfache Textschrift auf der Basis der TT&nbsp;Firs Neue&nbsp;2.000&nbsp;zu entwerfen, die Expressivit\u00e4t und zus\u00e4tzliche Details zu&nbsp;eliminieren und den Zeichensatz auf das Wesentliche zu&nbsp;beschr\u00e4nken. <\/p>\n\n\n\n<p>Wir st\u00fctzten uns dabei auf fr\u00fchere <a href=\"https:\/\/typetype.org\/de\/blog\/our-golden-child-introducing-tt-neoris-a-model-neo-grotesque-font\/\">Studien<\/a> der Schrift <a href=\"https:\/\/typetype.org\/de\/fonts\/tt-neoris\/\">TT&nbsp;Neoris<\/a> und \u00fcberarbeiteten einige Glyphenformen, um&nbsp;sie an&nbsp;die von Designern am&nbsp;h\u00e4ufigsten verwendeten Zeichen anzupassen. <\/p>\n\n\n\n<p>Hier sind einige der Details, die wir ge\u00e4ndert haben:<\/p>\n\n\n\n<ul class=\"wp-block-list\">\n<li>Die Kreuzungen in&nbsp;den dreieckigen Zeichen wurden entfernt, wodurch die Formen weniger expressiv wirken;<\/li>\n<\/ul>\n\n\n\n<figure class=\"wp-block-image size-full\"><img decoding=\"async\" src=\"https:\/\/typetype.org\/wp-content\/uploads\/TT_Firs_blog_68-1.png\" alt=\"\" class=\"wp-image-10000048689\" srcset=\"https:\/\/typetype.org\/de\/wp-content\/uploads\/TT_Firs_blog_68-1.png 1440w, https:\/\/typetype.org\/de\/wp-content\/uploads\/TT_Firs_blog_68-1-1024x268.png 1024w, https:\/\/typetype.org\/de\/wp-content\/uploads\/TT_Firs_blog_68-1-1200x314.png 1200w, https:\/\/typetype.org\/de\/wp-content\/uploads\/TT_Firs_blog_68-1-768x201.png 768w, https:\/\/typetype.org\/de\/wp-content\/uploads\/TT_Firs_blog_68-1-420x110.png 420w, https:\/\/typetype.org\/de\/wp-content\/uploads\/TT_Firs_blog_68-1-600x157.png 600w\" sizes=\"(max-width: 1440px) 100vw, 1440px\" \/><\/figure>\n\n\n\n<ul class=\"wp-block-list\">\n<li>Einige Formen erhielten ein klassischeres Aussehen (z. B. \u00abG\u00bb oder \u00abQ\u00bb);<\/li>\n<\/ul>\n\n\n\n<figure class=\"wp-block-image size-full\"><img decoding=\"async\" src=\"https:\/\/typetype.org\/wp-content\/uploads\/TT_Firs_blog_69-1.png\" alt=\"\" class=\"wp-image-10000048690\" srcset=\"https:\/\/typetype.org\/de\/wp-content\/uploads\/TT_Firs_blog_69-1.png 1440w, https:\/\/typetype.org\/de\/wp-content\/uploads\/TT_Firs_blog_69-1-1024x350.png 1024w, https:\/\/typetype.org\/de\/wp-content\/uploads\/TT_Firs_blog_69-1-1200x410.png 1200w, https:\/\/typetype.org\/de\/wp-content\/uploads\/TT_Firs_blog_69-1-768x262.png 768w, https:\/\/typetype.org\/de\/wp-content\/uploads\/TT_Firs_blog_69-1-420x144.png 420w, https:\/\/typetype.org\/de\/wp-content\/uploads\/TT_Firs_blog_69-1-600x205.png 600w\" sizes=\"(max-width: 1440px) 100vw, 1440px\" \/><\/figure>\n\n\n\n<ul class=\"wp-block-list\">\n<li>Quadratische Endungen wurden bei \u00abf\u00bb, \u00abg\u00bb, \u00abj\u00bb, \u00abl\u00bb und \u00abt\u00bb durch abgerundete Endungen ersetzt;<\/li>\n<\/ul>\n\n\n\n<figure class=\"wp-block-image size-full\"><img decoding=\"async\" src=\"https:\/\/typetype.org\/wp-content\/uploads\/TT_Firs_blog_70-1.png\" alt=\"\" class=\"wp-image-10000048691\" srcset=\"https:\/\/typetype.org\/de\/wp-content\/uploads\/TT_Firs_blog_70-1.png 1440w, https:\/\/typetype.org\/de\/wp-content\/uploads\/TT_Firs_blog_70-1-1024x323.png 1024w, https:\/\/typetype.org\/de\/wp-content\/uploads\/TT_Firs_blog_70-1-1200x378.png 1200w, https:\/\/typetype.org\/de\/wp-content\/uploads\/TT_Firs_blog_70-1-768x242.png 768w, https:\/\/typetype.org\/de\/wp-content\/uploads\/TT_Firs_blog_70-1-420x132.png 420w, https:\/\/typetype.org\/de\/wp-content\/uploads\/TT_Firs_blog_70-1-600x189.png 600w\" sizes=\"(max-width: 1440px) 100vw, 1440px\" \/><\/figure>\n\n\n\n<ul class=\"wp-block-list\">\n<li>Die Proportionen von Zeichen mit Kreuzungen wurden visuell ausgeglichen;<span id=\"docs-internal-guid-2ac3981d-7fff-9f78-3858-c3a0dc1599da\"><\/span><\/li>\n<\/ul>\n\n\n\n<figure class=\"wp-block-image size-full\"><img decoding=\"async\" src=\"https:\/\/typetype.org\/wp-content\/uploads\/TT_Firs_blog_71-1.png\" alt=\"\" class=\"wp-image-10000048692\" srcset=\"https:\/\/typetype.org\/de\/wp-content\/uploads\/TT_Firs_blog_71-1.png 1440w, https:\/\/typetype.org\/de\/wp-content\/uploads\/TT_Firs_blog_71-1-1024x312.png 1024w, https:\/\/typetype.org\/de\/wp-content\/uploads\/TT_Firs_blog_71-1-1200x366.png 1200w, https:\/\/typetype.org\/de\/wp-content\/uploads\/TT_Firs_blog_71-1-768x234.png 768w, https:\/\/typetype.org\/de\/wp-content\/uploads\/TT_Firs_blog_71-1-420x128.png 420w, https:\/\/typetype.org\/de\/wp-content\/uploads\/TT_Firs_blog_71-1-600x183.png 600w\" sizes=\"(max-width: 1440px) 100vw, 1440px\" \/><\/figure>\n\n\n\n<ul class=\"wp-block-list\">\n<li>Fast alle Ligaturen wurden entfernt, die verbleibenden dienen eher technischen als \u00e4sthetischen Zwecken;<\/li>\n<\/ul>\n\n\n\n<figure class=\"wp-block-image size-full is-resized\"><img decoding=\"async\" src=\"https:\/\/typetype.org\/wp-content\/uploads\/TT_Firs_blog_72-1.png\" alt=\"\" class=\"wp-image-10000048693\" style=\"width:1232px;height:auto\" srcset=\"https:\/\/typetype.org\/de\/wp-content\/uploads\/TT_Firs_blog_72-1.png 1440w, https:\/\/typetype.org\/de\/wp-content\/uploads\/TT_Firs_blog_72-1-1024x445.png 1024w, https:\/\/typetype.org\/de\/wp-content\/uploads\/TT_Firs_blog_72-1-1200x522.png 1200w, https:\/\/typetype.org\/de\/wp-content\/uploads\/TT_Firs_blog_72-1-768x334.png 768w, https:\/\/typetype.org\/de\/wp-content\/uploads\/TT_Firs_blog_72-1-420x183.png 420w, https:\/\/typetype.org\/de\/wp-content\/uploads\/TT_Firs_blog_72-1-600x261.png 600w\" sizes=\"(max-width: 1440px) 100vw, 1440px\" \/><\/figure>\n\n\n\n<ul class=\"wp-block-list\">\n<li>Die kursiven Schriftarten wurden ebenfalls umgestaltet.<\/li>\n<\/ul>\n\n\n\n<figure class=\"wp-block-image size-full\"><img decoding=\"async\" src=\"https:\/\/typetype.org\/wp-content\/uploads\/TT_Firs_blog_73-1.png\" alt=\"\" class=\"wp-image-10000048694\" srcset=\"https:\/\/typetype.org\/de\/wp-content\/uploads\/TT_Firs_blog_73-1.png 1440w, https:\/\/typetype.org\/de\/wp-content\/uploads\/TT_Firs_blog_73-1-1024x472.png 1024w, https:\/\/typetype.org\/de\/wp-content\/uploads\/TT_Firs_blog_73-1-1200x553.png 1200w, https:\/\/typetype.org\/de\/wp-content\/uploads\/TT_Firs_blog_73-1-768x354.png 768w, https:\/\/typetype.org\/de\/wp-content\/uploads\/TT_Firs_blog_73-1-420x194.png 420w, https:\/\/typetype.org\/de\/wp-content\/uploads\/TT_Firs_blog_73-1-600x277.png 600w\" sizes=\"(max-width: 1440px) 100vw, 1440px\" \/><\/figure>\n\n\n\n<blockquote class=\"wp-block-quote is-layout-flow wp-block-quote-is-layout-flow\">\n<p>\u00abDas Ergebnis ist eine serifenlose Schrift mit traditionelleren Buchstabenformen. Die Schrift ist eher neutral, aber immer noch erkennbar. Sie hat einen besonderen Stil und die Ausstrahlung der <a href=\"https:\/\/typetype.org\/de\/fonts\/tt-firs-neue\/\">TT\u00a0First Neue<\/a>\u00bb.<\/p>\n\n\n\n<p class=\"has-text-align-left\">Toma Streltsova, leitende Schriftdesignerin<\/p>\n<\/blockquote>\n\n\n\n<h3 class=\"wp-block-heading\">Das Ergebnis der Gestaltung der TT&nbsp;Firs Text<\/h3>\n\n\n\n<p><a href=\"https:\/\/typetype.org\/de\/fonts\/tt-firs-text\/\">TT\u00a0Firs Text<\/a> ist eine elegante, geometrische, serifenlose Schrift mit nordischem Charakter, die Einzigartigkeit und Neutralit\u00e4t vereint.<\/p>\n\n\n\n<p>Die TT&nbsp;Firs Text enth\u00e4lt:<\/p>\n\n\n\n<ul class=\"wp-block-list\">\n<li>23&nbsp;Schriftschnitte: 11&nbsp;Antiqua- und 11&nbsp;Kursivschnitte sowie ein variabler Schnitt mit Gewichtungs- und Neigungsachse;<\/li>\n\n\n\n<li>898 Zeichen in&nbsp;jedem Schriftschnitt<\/li>\n\n\n\n<li>31&nbsp;OpenType-Funktionen;<\/li>\n\n\n\n<li>Unterst\u00fctzung von \u00fcber 235&nbsp;Sprachen.<\/li>\n<\/ul>\n\n\n\n<figure class=\"wp-block-image size-full\"><img decoding=\"async\" src=\"https:\/\/typetype.org\/wp-content\/uploads\/TT_Firs_blog_74.gif\" alt=\"\" class=\"wp-image-10000034009\"\/><\/figure>\n\n\n\n<blockquote class=\"wp-block-quote is-layout-flow wp-block-quote-is-layout-flow\">\n<p>\u00abWir haben eine starke serifenlose Schrift mit einem subtilen skandinavischen Touch geschaffen, die perfekt zur TT&nbsp;Firs Neue&nbsp;2.000&nbsp;passt. F\u00fcr uns ist klar, dass TT&nbsp;Firs Text ein \u201eArbeitstier\u201c f\u00fcr eine Vielzahl von Aufgaben ist. Das zeigt sich auch in&nbsp;der Praxis, denn die Schrift ist bei unseren Anwendern bereits sehr beliebt.\u00bb<\/p>\n\n\n\n<p class=\"has-text-align-left\">Ivan Gladkih, CTO, Mitbegr\u00fcnder von TypeType<\/p>\n<\/blockquote>\n","protected":false},"excerpt":{"rendered":"<p>Im\u00a0Jahr 2023 hauchten wir der beliebten skandinavischen Sans Serif TT\u00a0Firs Neue neues Leben ein, indem wir sie grundlegend verfeinerten und auf den neuesten Stand brachten. Kurz darauf haben wir sie als Textschrift TT\u00a0Firs Text auf den Markt gebracht. In\u00a0diesem Artikel erfahren Sie, wie alles begann, warum wir uns entschlossen haben unsere TT\u00a0Firs Neue zu\u00a0aktualisieren, was wir hinzugef\u00fcgt und ge\u00e4ndert haben und wie die TT\u00a0Firs Text entstanden ist.<\/p>\n","protected":false},"author":1590,"featured_media":10000033933,"comment_status":"closed","ping_status":"closed","sticky":false,"template":"","format":"standard","meta":{"_acf_changed":false,"footnotes":""},"categories":[1],"tags":[186,184],"class_list":["post-32076","post","type-post","status-publish","format-standard","has-post-thumbnail","hentry","category-blog","tag-font-mastering","tag-typetype-fonts"],"acf":{"show_sidebar":true},"_links":{"self":[{"href":"https:\/\/typetype.org\/de\/wp-json\/wp\/v2\/posts\/32076","targetHints":{"allow":["GET"]}}],"collection":[{"href":"https:\/\/typetype.org\/de\/wp-json\/wp\/v2\/posts"}],"about":[{"href":"https:\/\/typetype.org\/de\/wp-json\/wp\/v2\/types\/post"}],"author":[{"embeddable":true,"href":"https:\/\/typetype.org\/de\/wp-json\/wp\/v2\/users\/1590"}],"replies":[{"embeddable":true,"href":"https:\/\/typetype.org\/de\/wp-json\/wp\/v2\/comments?post=32076"}],"version-history":[{"count":5,"href":"https:\/\/typetype.org\/de\/wp-json\/wp\/v2\/posts\/32076\/revisions"}],"predecessor-version":[{"id":47091,"href":"https:\/\/typetype.org\/de\/wp-json\/wp\/v2\/posts\/32076\/revisions\/47091"}],"wp:featuredmedia":[{"embeddable":true,"href":"https:\/\/typetype.org\/de\/wp-json\/wp\/v2\/media\/10000033933"}],"wp:attachment":[{"href":"https:\/\/typetype.org\/de\/wp-json\/wp\/v2\/media?parent=32076"}],"wp:term":[{"taxonomy":"category","embeddable":true,"href":"https:\/\/typetype.org\/de\/wp-json\/wp\/v2\/categories?post=32076"},{"taxonomy":"post_tag","embeddable":true,"href":"https:\/\/typetype.org\/de\/wp-json\/wp\/v2\/tags?post=32076"}],"curies":[{"name":"wp","href":"https:\/\/api.w.org\/{rel}","templated":true}]}}