{"id":15266,"date":"2023-04-23T19:59:58","date_gmt":"2023-04-23T16:59:58","guid":{"rendered":"https:\/\/typetype.org\/de\/?p=15266"},"modified":"2026-02-05T08:52:13","modified_gmt":"2026-02-05T05:52:13","slug":"ligatures-in-fonts-creating-eszetts","status":"publish","type":"post","link":"https:\/\/typetype.org\/de\/blog\/ligatures-in-fonts-creating-eszetts\/","title":{"rendered":"Ligaturen in Schriftarten: Erstellen von Eszetten"},"content":{"rendered":"\n<figure class=\"wp-block-image size-full\"><img decoding=\"async\" src=\"https:\/\/typetype.org\/wp-content\/uploads\/eszett_eng.png\" alt=\"\" class=\"wp-image-10000015323\" srcset=\"https:\/\/typetype.org\/de\/wp-content\/uploads\/eszett_eng.png 2000w, https:\/\/typetype.org\/de\/wp-content\/uploads\/eszett_eng-420x210.png 420w, https:\/\/typetype.org\/de\/wp-content\/uploads\/eszett_eng-1024x512.png 1024w, https:\/\/typetype.org\/de\/wp-content\/uploads\/eszett_eng-768x384.png 768w, https:\/\/typetype.org\/de\/wp-content\/uploads\/eszett_eng-1200x600.png 1200w, https:\/\/typetype.org\/de\/wp-content\/uploads\/eszett_eng-1536x768.png 1536w, https:\/\/typetype.org\/de\/wp-content\/uploads\/eszett_eng-600x300.png 600w, https:\/\/typetype.org\/de\/wp-content\/uploads\/eszett_eng-80x40.png 80w\" sizes=\"(max-width: 2000px) 100vw, 2000px\" \/><\/figure>\n\n\n\n<p>Bei der Erweiterung des Zeichensatzes von Schriften sto\u00dfen unerfahrene Schriftgestalter oft auf Schwierigkeiten beim Zeichnen des Eszett-Zeichens.&nbsp;<\/p>\n\n\n\n<p>In diesem Artikel werden wir einen Streifzug durch die Geschichte dieses Zeichens unternehmen und etwas \u00fcber seinen Ursprung und seine Rolle in der modernen Typografie erfahren. Vor allem aber werden wir uns mit den Methoden und Regeln f\u00fcr das Zeichnen eines Eszetts bei der Gestaltung eigener Schriften besch\u00e4ftigen. Der erste Teil ist der Theorie gewidmet, der zweite Teil ist ein praktischer Leitfaden f\u00fcr alle, die sich mit Schriftdesign besch\u00e4ftigen.&nbsp;<\/p>\n\n\n\n<h2 class=\"wp-block-heading\">Erster Teil. Theorie.<\/h2>\n\n\n\n<p>Das Eszett (oder scharfes s) ist ein Zeichen der deutschen Rechtschreibung. Es war fr\u00fcher in fast ganz Europa gebr\u00e4uchlich, hat aber nur im Deutschen \u00fcberlebt.&nbsp;<\/p>\n\n\n\n<h3 class=\"wp-block-heading\">Moderne Zeichennamen&nbsp;<\/h3>\n\n\n\n<p>Von der Form her ist das Eszett eine orthografische Ligatur.&nbsp;<\/p>\n\n\n\n<p>Technisch gesehen besteht es aus \u017f (langes s) und z, daher der deutsche Name &#8222;Eszett&#8220;.&nbsp;<\/p>\n\n\n\n<p>G\u00e4ngige Bezeichnungen sind Eszett und Eszet. In der Vergangenheit wurden diese Bezeichnungen nicht als Begriff verwendet, sondern als Ausdruck f\u00fcr den Klang der beiden Buchstaben.&nbsp;<\/p>\n\n\n\n<p>Jan Tschichold erkl\u00e4rt in seinem Buch Treasury of Alphabets and Lettering, dass die Konjunktion \u017fz in dieser Ligatur eine missverstandene Verbindung des langen s mit dem runden s am Ende ist. Wenn man das lange s und das kurze s zusammenschiebt, bleibt vom kurzen s rechts nur ein dem gotischen z \u00e4hnlicher Teil \u00fcbrig. Je weiter sich die Drucker von der Verwendung des langen s entfernten, desto mehr wurde die urspr\u00fcngliche Bedeutung dieser Ligatur verf\u00e4lscht.&nbsp;<\/p>\n\n\n\n<p>Die Form des Eszett-Zeichens \u00e4hnelt in gewisser Weise einer ungew\u00f6hnlichen Version des Buchstabens B oder des griechischen Beta. Um besser zu verstehen, warum sich die Form des Eszetts so entwickelt hat, lohnt sich ein Blick in die Geschichte.&nbsp;<\/p>\n\n\n\n<h3 class=\"wp-block-heading\">Ursprung des Eszetts&nbsp;<\/h3>\n\n\n\n<p>Betrachten wir die linke Seite der Ligatur, das lange s.&nbsp;<\/p>\n\n\n\n<figure class=\"wp-block-image size-full is-style-rounded\"><img decoding=\"async\" src=\"https:\/\/typetype.org\/wp-content\/uploads\/Minion-Pro.png\" alt=\"\" class=\"wp-image-10000032676\" style=\"aspect-ratio:16\/9;object-fit:contain\" srcset=\"https:\/\/typetype.org\/de\/wp-content\/uploads\/Minion-Pro.png 2480w, https:\/\/typetype.org\/de\/wp-content\/uploads\/Minion-Pro-724x1024.png 724w, https:\/\/typetype.org\/de\/wp-content\/uploads\/Minion-Pro-768x1086.png 768w, https:\/\/typetype.org\/de\/wp-content\/uploads\/Minion-Pro-848x1200.png 848w, https:\/\/typetype.org\/de\/wp-content\/uploads\/Minion-Pro-1086x1536.png 1086w, https:\/\/typetype.org\/de\/wp-content\/uploads\/Minion-Pro-1448x2048.png 1448w, https:\/\/typetype.org\/de\/wp-content\/uploads\/Minion-Pro-297x420.png 297w, https:\/\/typetype.org\/de\/wp-content\/uploads\/Minion-Pro-600x849.png 600w, https:\/\/typetype.org\/de\/wp-content\/uploads\/Minion-Pro-57x80.png 57w\" sizes=\"(max-width: 2480px) 100vw, 2480px\" \/><figcaption class=\"wp-element-caption\">Minion Pro<\/figcaption><\/figure>\n\n\n\n<p>Das lange s ist eine archaische Buchstabenform, die schon lange nicht mehr verwendet wird. Unter den modernen Symbolen kommt es dem mathematischen Integralzeichen am n\u00e4chsten. Das lange s ist aus dem alten r\u00f6mischen Kursivbuchstaben s hervorgegangen.&nbsp;<\/p>\n\n\n\n<p>In den meisten Druckwerken vor 1800 wurden zwei Formen des Kleinbuchstabens s verwendet: zum einen das kurze oder runde s, das jeder kennt.&nbsp;<\/p>\n\n\n\n<p>Die zweite Form war das lange s, das optisch dem f \u00e4hnelt, jedoch ohne den rechten Teil des Querstrichs. Es beh\u00e4lt die Serifen auf der linken Seite bei, die in der modernen Typografie in der Gestaltung des Eszetts wiederzufinden sind.&nbsp;<\/p>\n\n\n\n<p>Bei der Kursivform des langen s fehlt oft die linke Serife.&nbsp;<\/p>\n\n\n\n<figure class=\"wp-block-image size-full\"><img decoding=\"async\" src=\"https:\/\/typetype.org\/de\/wp-content\/uploads\/sites\/5\/Caslon-P-det-2-x2-500.jpeg\" alt=\"\" class=\"wp-image-15269\"\/><figcaption class=\"wp-element-caption\"><em><em><em>Pica Nr. 2 William Caslon, Specimen of Printing Types, London, 1766.<\/em><\/em><\/em><br><font><\/font><\/figcaption><\/figure>\n\n\n\n<p>Die Drucker der ersten gotischen Schriften folgten den etablierten Regeln, lange s am Anfang und in der Mitte und kurze s am Ende zu verwenden.&nbsp;<\/p>\n\n\n\n<p>Die ersten Autoren humanistischer Schriften verwendeten dagegen nur lange Buchstaben. Einige Drucker, die sich von den Tendenzen der humanistischen Schriften inspirieren lie\u00dfen, begannen, diese Tendenz zu \u00fcbernehmen, gaben sie aber bald wieder auf. Die &#8222;gotische&#8220; Verwendung von langen Anfangs- und Mittell\u00e4ngen und kurzen Endsilben wurde bis zum Ende des 18.&nbsp;<\/p>\n\n\n\n<p>Das lange s \u00fcberschnitt sich oft mit benachbarten Buchstaben; in solchen F\u00e4llen konnte das lange s durch ein kurzes ersetzt werden. Diese Technik wurde vor Buchstaben angewandt, mit denen ein langes s kollidieren konnte. Im Laufe der Zeit wurden f\u00fcr solche Kombinationen spezielle Ligaturen geschaffen: sb, sh, si, sk, sl, ss, st, ssi, ssl.&nbsp;<\/p>\n\n\n\n<figure class=\"wp-block-image size-full\"><img decoding=\"async\" src=\"https:\/\/typetype.org\/de\/wp-content\/uploads\/sites\/5\/sz-combination-in-Weltgericht-c1450.jpeg\" alt=\"\" class=\"wp-image-15271\"\/><figcaption class=\"wp-element-caption\"><em>Fragment of Weltgericht (1450), presumably by Gutenberg<\/em><\/figcaption><\/figure>\n\n\n\n<p>In der Kalligraphie wurde das lange s in Kursivschriften (Klerikalkursive und &#8222;italienische&#8220; Kursive) nur selten verwendet. Diese lockeren Prinzipien wichen von den Druckregeln der Zeit ab.&nbsp;<\/p>\n\n\n\n<p>Ab dem 16. Jahrhundert wurde das lange s allm\u00e4hlich ersetzt. Den Anfang machte Giovanni Francesco Cresci, ein r\u00f6mischer Reformer und Lehrer der Kalligraphie. Er verwendete das lange s nur selten in seinen Werken, und dieser Stil wurde von seinen Sch\u00fclern und Nachfolgern \u00fcbernommen.&nbsp;<\/p>\n\n\n\n<p>Als das lange s seltener wurde, wurde diese Technik von der Kalligraphie auf den Buchdruck \u00fcbertragen.&nbsp;<\/p>\n\n\n\n<figure class=\"wp-block-image size-full\"><img decoding=\"async\" src=\"https:\/\/typetype.org\/de\/wp-content\/uploads\/sites\/5\/Curione-La-notomia-1588-det-800.jpeg\" alt=\"\" class=\"wp-image-15273\"\/><figcaption class=\"wp-element-caption\"><font><em><em><em>Lanotomia, Rom, 1588, von Crescis Sch\u00fcler Ludovico Curione.&nbsp;<\/em><\/em><br><\/em><\/font><font><\/font><\/figcaption><\/figure>\n\n\n\n<p>Fran\u00e7ois-Ambroise Didot war der erste, der in seinen Schriften auf das lange s verzichtete, und andere Drucker folgten seinem Beispiel. Das lange s wurde wegen seiner Unbequemlichkeit und seiner Form aufgegeben.&nbsp;<\/p>\n\n\n\n<p>Das lange s fand sich in gotischen Schriften wie der Fraktur und der Schwabacher. Diese Schriften verbreiteten sich in der Presse der deutschsprachigen L\u00e4nder. Da dort die meisten B\u00fccher in Fraktur gesetzt wurden, war die Verwendung von Eszett und langem s kein Problem.&nbsp;<\/p>\n\n\n\n<p>Der Verzicht der Drucker auf das lange s wirkte sich jedoch auch auf den deutschen Buchdruck aus, da die r\u00f6mischen Schriften immer beliebter wurden. So schnitt Johann Friedrich Unger 1789 f\u00fcr den Druck von Goethes &#8222;R\u00f6mischem Karneval&#8220; im Stil der Didot-Schriften ein langes s ab. Auf diese Weise konnte er ein Eszett in den Text einf\u00fcgen.&nbsp;<\/p>\n\n\n\n<p>In der Folgezeit schnitten die Drucker das deutsche \u017fs entweder im Stil der Didot-Schriften oder verwendeten die Kombination ss.&nbsp;<\/p>\n\n\n\n<figure class=\"wp-block-image size-full\"><img decoding=\"async\" src=\"https:\/\/typetype.org\/de\/wp-content\/uploads\/sites\/5\/Prillwitz-Didotschen-Lettern-1790-1-det.jpeg\" alt=\"\" class=\"wp-image-15275\"\/><figcaption class=\"wp-element-caption\"><em>Prillwitz in Jena, Exemplar von 1790, (&#8218;dass&#8216; in der 4. Zeile).<\/em><font><\/font><\/figcaption><\/figure>\n\n\n\n<p><font><\/font>Die \u00df-Ligatur taucht erstmals in der zweiten Auflage von Jacob Grimms &#8222;Deutscher Grammatik&#8220; auf. Das Buch ist in franz\u00f6sischer Antiqua mit \u017f und \u00df gesetzt. Es wird vermutet, dass das \u00df speziell f\u00fcr Grimm geschnitten wurde. Diese Form des Eszetts wurde Jahrzehnte sp\u00e4ter, nach der Rechtschreibreform von 1903, als offizielle Form \u00fcbernommen.&nbsp;<\/p>\n\n\n\n<figure class=\"wp-block-image size-full\"><img decoding=\"async\" src=\"https:\/\/typetype.org\/de\/wp-content\/uploads\/sites\/5\/Grimm-Grammatik-1826-2-500.jpeg\" alt=\"\" class=\"wp-image-15277\"\/><\/figure>\n\n\n\n<p>Jacob Grimm schlug vor, die Verwendung der Frakturschrift in wissenschaftlichen Publikationen endg\u00fcltig aufzugeben und stattdessen die Antiqua zu verwenden. Um Probleme beim Druck zu vermeiden, die durch das Fehlen eines langen s und eines Eszetts entstehen w\u00fcrden, empfahl er, das Eszett durch eine Kombination von sz zu ersetzen. Dieser Vorschlag wurde ber\u00fccksichtigt, und obwohl die meisten B\u00fccher und Zeitungen im 19. Jahrhundert noch in Fraktur gesetzt wurden, w\u00e4hlten die meisten Drucker f\u00fcr wissenschaftliche und technische Ver\u00f6ffentlichungen die r\u00f6mische Schrift.&nbsp;<\/p>\n\n\n\n<h3 class=\"wp-block-heading\">Die offizielle Anerkennung von Eszetten&nbsp;<\/h3>\n\n\n\n<p>1871 wurde das Deutsche Reich mit der Hauptstadt Berlin gegr\u00fcndet. Die deutsche Rechtschreibung wurde reformiert.&nbsp;<\/p>\n\n\n\n<p>Der erste Schritt war eine Konferenz in Berlin im Jahr 1876, auf der die Einf\u00fchrung des \u00df in die r\u00f6mische Schrift diskutiert wurde. Die ersten Versionen des \u00df wurden 1879 im Bericht der Zeitschrift f\u00fcr Buchdruckerkunst ver\u00f6ffentlicht.&nbsp;<\/p>\n\n\n\n<figure class=\"wp-block-image size-full\"><img decoding=\"async\" src=\"https:\/\/typetype.org\/de\/wp-content\/uploads\/sites\/5\/Esszetts-from-J-fur-B-1876-500.jpeg\" alt=\"\" class=\"wp-image-15279\"\/><\/figure>\n\n\n\n<p>Einige Ligaturen basierten auf \u017fz, andere wurden aus \u017fs gebildet. Die Varianten 1 und 3 (untere linke Reihe) fanden bei den Typografen die gr\u00f6\u00dfte Zustimmung. Sie basierten auf dem von Grimm verwendeten \u00df.&nbsp;<\/p>\n\n\n\n<p>1903 beschloss der Verband der Buchdrucker Deutschlands, \u00d6sterreichs und der Schweiz, das Zeichen \u00df in lateinischer Schrift zu verwenden, das aus der Ligatur \u017f und s besteht.&nbsp;<\/p>\n\n\n\n<p>Das Zeichen \u00df, damals offiziell Sulzbacher Form genannt, wurde oft kritisiert. Es wurde wegen seines Aussehens, das viele als h\u00e4sslich empfanden, und wegen seiner starken \u00c4hnlichkeit mit dem r\u00f6mischen Gro\u00dfbuchstaben B und dem griechischen Beta kritisiert. Dennoch wurde diese Form zum Vorbild f\u00fcr das \u00df, das sp\u00e4ter in vielen Schriften verwendet wurde.&nbsp;<\/p>\n\n\n\n<p>Die Gestaltung des Gro\u00dfbuchstabens eszett war nicht unumstritten. In einigen Ausgaben erschien die Kombination SZ, die das Eszett ersetzte. So konnte man sowohl die Schreibweise PREUSZEN als auch Preu\u00dfen finden. Immer wieder versuchten Schriftgestalter, eine Form f\u00fcr das Eszett zu finden, aber keiner hatte Erfolg.&nbsp;<\/p>\n\n\n\n<p>Im Folgenden finden Sie einige Eszett-Varianten, die in den 1950er Jahren in der Zeitschrift Papier und Druck ver\u00f6ffentlicht wurden.&nbsp;<\/p>\n\n\n\n<figure class=\"wp-block-image size-full\"><img decoding=\"async\" src=\"https:\/\/typetype.org\/de\/wp-content\/uploads\/sites\/5\/papierunddruck-vorschlaege.thumb.jpg.9f0ff91d216806c3890186274b72934b.jpg\" alt=\"\" class=\"wp-image-15281\"\/><\/figure>\n\n\n\n<p>Bis 1996 wurde das Gro\u00dfbuchstaben-Eszett im Massendruck nicht verwendet, obwohl es gelegentlich in lokalen Publikationen vorkam.&nbsp;<font><\/font><\/p>\n\n\n\n<figure class=\"wp-block-image size-full\"><img decoding=\"async\" src=\"https:\/\/typetype.org\/de\/wp-content\/uploads\/sites\/5\/neuegrotesk.thumb.jpg.def2d9b4638e01ce3833bc64c01697cd.jpg\" alt=\"\" class=\"wp-image-15283\"\/><\/figure>\n\n\n\n<figure class=\"wp-block-image size-full\"><img decoding=\"async\" src=\"https:\/\/typetype.org\/wp-content\/uploads\/IMG_0127.jpg\" alt=\"\" class=\"wp-image-10000015330\" srcset=\"https:\/\/typetype.org\/de\/wp-content\/uploads\/IMG_0127.jpg 540w, https:\/\/typetype.org\/de\/wp-content\/uploads\/IMG_0127-351x420.jpg 351w, https:\/\/typetype.org\/de\/wp-content\/uploads\/IMG_0127-67x80.jpg 67w\" sizes=\"(max-width: 540px) 100vw, 540px\" \/><\/figure>\n\n\n\n<figure class=\"wp-block-image size-full\"><img decoding=\"async\" src=\"https:\/\/typetype.org\/de\/wp-content\/uploads\/sites\/5\/schelter-eszett-hires.thumb.jpg.7f8fb66a365685f2cb89af611d7b42b9.jpg\" alt=\"\" class=\"wp-image-15287\"\/><\/figure>\n\n\n\n<p>1996 fand eine Reform der deutschen Rechtschreibung statt, die auch das Eszett betraf. Die neuen Regeln ordneten dem Eszett die Funktion ss zu und legten fest, wie ein Vokal vor einem s-\u00e4hnlichen Laut zu lesen ist. Damit wurde die Suche nach einer einheitlichen Gestaltung des Gro\u00dfbuchstabens Eszett notwendig.&nbsp;<\/p>\n\n\n\n<p>Im Jahr 2008 erschien das Zeichen in der aktualisierten Unicode-Zusammensetzung und 2017 genehmigte der Rat f\u00fcr deutsche Rechtschreibung die optionale Verwendung des Gro\u00dfbuchstabens eszett.&nbsp;<\/p>\n\n\n\n<p>Schriftdesigner haben verschiedene Eszett-Arten entworfen, die beliebtesten sind in der Abbildung unten von Adam Twardoch zu sehen.&nbsp;<\/p>\n\n\n\n<figure class=\"wp-block-image size-full\"><img decoding=\"async\" src=\"https:\/\/typetype.org\/de\/wp-content\/uploads\/sites\/5\/Snimok-ekrana-2023-02-14-v-16.28.21.png\" alt=\"\" class=\"wp-image-15289\"\/><figcaption class=\"wp-element-caption\"><em>&#8222;Dresden&#8220; (1) und &#8222;Leipzig&#8220; (2) von Andreas St\u00f6tzner, &#8222;Frankfurt&#8220; (3) und &#8222;Berlin&#8220; (4) von Adam Twardoch.&nbsp;<\/em><br><font><\/font><\/figcaption><\/figure>\n\n\n\n<h2 class=\"wp-block-heading\">Zweiter Teil. Die Praxis.&nbsp;<\/h2>\n\n\n\n<p><font><\/font>In diesem Kapitel kombinieren wir Empfehlungen von Ralph Herrmann, Karen Cheng und interne Studioarbeit.&nbsp;<\/p>\n\n\n\n<h3 class=\"wp-block-heading\">Gestaltung des Gro\u00dfbuchstaben-Eszetts&nbsp;&nbsp;<\/h3>\n\n\n\n<figure class=\"wp-block-image size-full\"><img decoding=\"async\" src=\"https:\/\/typetype.org\/de\/wp-content\/uploads\/sites\/5\/Snimok-ekrana-2023-02-16-v-17.18.56.png\" alt=\"\" class=\"wp-image-15291\"\/><\/figure>\n\n\n\n<p><font><\/font><\/p>\n\n\n\n<p>Ralph Herrmann erw\u00e4hnte, dass die Versalform Nummer 1 die am h\u00e4ufigsten verwendete Eszettform ist. Charakteristisch sind die \u00d6ffnung unten und die Diagonale oben rechts. Der untere Teil ist oft abgerundet, obwohl es auch Eszettformen gibt, bei denen dieser Teil des Zeichens als Winkel oder mit einer Serife gezeichnet ist.&nbsp;<\/p>\n\n\n\n<figure class=\"wp-block-image size-full\"><img decoding=\"async\" src=\"https:\/\/typetype.org\/wp-content\/uploads\/eszett_eng-1.png\" alt=\"\" class=\"wp-image-10000015395\" srcset=\"https:\/\/typetype.org\/de\/wp-content\/uploads\/eszett_eng-1.png 2000w, https:\/\/typetype.org\/de\/wp-content\/uploads\/eszett_eng-1-420x210.png 420w, https:\/\/typetype.org\/de\/wp-content\/uploads\/eszett_eng-1-1024x512.png 1024w, https:\/\/typetype.org\/de\/wp-content\/uploads\/eszett_eng-1-768x384.png 768w, https:\/\/typetype.org\/de\/wp-content\/uploads\/eszett_eng-1-1200x600.png 1200w, https:\/\/typetype.org\/de\/wp-content\/uploads\/eszett_eng-1-1536x768.png 1536w, https:\/\/typetype.org\/de\/wp-content\/uploads\/eszett_eng-1-600x300.png 600w, https:\/\/typetype.org\/de\/wp-content\/uploads\/eszett_eng-1-80x40.png 80w\" sizes=\"(max-width: 2000px) 100vw, 2000px\" \/><\/figure>\n\n\n\n<p>Wenn ein Schriftentwerfer mit der Erstellung eines erweiterten Zeichensatzes beginnt, ist der Grundbestand an Zeichen und Buchstaben in der Regel bereits gerendert.&nbsp;<\/p>\n\n\n\n<p>Daher kann man sich beim Zeichnen eines Eszetts grafisch auf die entstandenen Formen der Zeichen F, S, Z, B und die Zahl 3 konzentrieren.&nbsp;<\/p>\n\n\n\n<p>Die Proportionen des Gro\u00dfbuchstabens \u00df sind ca. 10-15% breiter als die des Buchstabens B. Dies ist keine zwingende Voraussetzung, da es wichtiger ist, die Proportionen der erstellten Schrift zu ber\u00fccksichtigen und sich darauf zu konzentrieren.&nbsp;<\/p>\n\n\n\n<p>Um das Ergebnis zu \u00fcberpr\u00fcfen, k\u00f6nnen Sie den Text mit einem Eszett ausdrucken und sich das Zeichen im Zeichensatz genau ansehen. Karen Cheng empfiehlt in ihrem Buch Designing Type, dass die Schnitte und Serifen in den Abschl\u00fcssen von S3 und den Eszetten identisch sein sollten, aber das ist keine Voraussetzung f\u00fcr die Gestaltung einer Schrift.&nbsp;Bei serifenlosen Schriften k\u00f6nnen die Endschnitte beispielsweise gerade sein.&nbsp;<\/p>\n\n\n\n<figure class=\"wp-block-image size-full\"><img decoding=\"async\" src=\"https:\/\/typetype.org\/wp-content\/uploads\/2-3.png\" alt=\"\" class=\"wp-image-10000030144\" srcset=\"https:\/\/typetype.org\/de\/wp-content\/uploads\/2-3.png 1440w, https:\/\/typetype.org\/de\/wp-content\/uploads\/2-3-420x117.png 420w, https:\/\/typetype.org\/de\/wp-content\/uploads\/2-3-1024x284.png 1024w, https:\/\/typetype.org\/de\/wp-content\/uploads\/2-3-768x213.png 768w, https:\/\/typetype.org\/de\/wp-content\/uploads\/2-3-1200x333.png 1200w, https:\/\/typetype.org\/de\/wp-content\/uploads\/2-3-600x167.png 600w, https:\/\/typetype.org\/de\/wp-content\/uploads\/2-3-80x22.png 80w\" sizes=\"(max-width: 1440px) 100vw, 1440px\" \/><figcaption class=\"wp-element-caption\"><em><a href=\"https:\/\/typetype.org\/de\/fonts\/tt-norms-pro\/\">TT Norms Pro<\/a> (TypeType)<\/em><\/figcaption><\/figure>\n\n\n\n<p>Misslungene Beispiele f\u00fcr die Eszet-Form werden in der Regel als B gelesen.&nbsp;<\/p>\n\n\n\n<figure class=\"wp-block-image size-full\"><img decoding=\"async\" src=\"https:\/\/typetype.org\/de\/wp-content\/uploads\/sites\/5\/Snimok-ekrana-2023-02-16-v-17.02.30.png\" alt=\"\" class=\"wp-image-15299\"\/><\/figure>\n\n\n\n<p><font><\/font>In solchen F\u00e4llen kann ein diagonales Element hinzugef\u00fcgt werden.&nbsp;<\/p>\n\n\n\n<figure class=\"wp-block-image size-full\"><img decoding=\"async\" src=\"https:\/\/typetype.org\/wp-content\/uploads\/4-2.png\" alt=\"\" class=\"wp-image-10000030146\" srcset=\"https:\/\/typetype.org\/de\/wp-content\/uploads\/4-2.png 1440w, https:\/\/typetype.org\/de\/wp-content\/uploads\/4-2-420x117.png 420w, https:\/\/typetype.org\/de\/wp-content\/uploads\/4-2-1024x284.png 1024w, https:\/\/typetype.org\/de\/wp-content\/uploads\/4-2-768x213.png 768w, https:\/\/typetype.org\/de\/wp-content\/uploads\/4-2-1200x333.png 1200w, https:\/\/typetype.org\/de\/wp-content\/uploads\/4-2-600x167.png 600w, https:\/\/typetype.org\/de\/wp-content\/uploads\/4-2-80x22.png 80w\" sizes=\"(max-width: 1440px) 100vw, 1440px\" \/><figcaption class=\"wp-element-caption\"><em><a href=\"https:\/\/typetype.org\/de\/fonts\/tt-norms-pro-serif\/\">TT Norms Pro Serif<\/a> (TypeType)<\/em><\/figcaption><\/figure>\n\n\n\n<h3 class=\"wp-block-heading\">Erstellen von Kleinbuchstaben-Eszetten&nbsp;<\/h3>\n\n\n\n<p>Bei der Erstellung eines Kleinbuchstaben-Eszetts sind zwei Formen m\u00f6glich.&nbsp;<\/p>\n\n\n\n<p>&nbsp;&nbsp;&nbsp; Die klassische Verbindung von f auf der linken Seite mit dem Buchstaben s. Das f hat keinen Querstrich.&nbsp;<\/p>\n\n\n\n<p>&nbsp;&nbsp;&nbsp; Die Sulzbacher Form mit zwei Halbovalen auf der linken Seite, wie in Nr. 3.&nbsp;<\/p>\n\n\n\n<p>In vielen Schriften sieht man die nahtlose Verbindung des Bogens f mit dem Buchstaben s, obwohl es auch Formen mit einer deutlicheren Trennung dieser Zeichen gibt.&nbsp;<\/p>\n\n\n\n<p>Ralf Herrmann weist darauf hin, dass deutschsprachige Leser, die mit Typografie nicht vertraut sind, ein Eszett als einen einzigen Buchstaben wahrnehmen. Daher ist es besser, eine Variante mit einem flie\u00dfenden \u00dcbergang zu erstellen.&nbsp;<\/p>\n\n\n\n<figure class=\"wp-block-image size-full is-resized\"><img decoding=\"async\" src=\"https:\/\/typetype.org\/wp-content\/uploads\/5-2.png\" alt=\"\" class=\"wp-image-10000030145\" style=\"width:1434px;height:auto\" srcset=\"https:\/\/typetype.org\/de\/wp-content\/uploads\/5-2.png 1440w, https:\/\/typetype.org\/de\/wp-content\/uploads\/5-2-420x117.png 420w, https:\/\/typetype.org\/de\/wp-content\/uploads\/5-2-1024x284.png 1024w, https:\/\/typetype.org\/de\/wp-content\/uploads\/5-2-768x213.png 768w, https:\/\/typetype.org\/de\/wp-content\/uploads\/5-2-1200x333.png 1200w, https:\/\/typetype.org\/de\/wp-content\/uploads\/5-2-600x167.png 600w, https:\/\/typetype.org\/de\/wp-content\/uploads\/5-2-80x22.png 80w\" sizes=\"(max-width: 1440px) 100vw, 1440px\" \/><figcaption class=\"wp-element-caption\"><em>TT Commons Pro Serif (TypeType)&nbsp;<\/em><font><\/font><\/figcaption><\/figure>\n\n\n\n<p>Bei TypeType-Schriften reicht der Schaft nicht unter die Grundlinie der Senkrechten. Dies hilft, das Eszett vom griechischen Buchstaben Beta zu unterscheiden. Bei Kursiven ist diese Regel nicht notwendig, da das lange s in Kursiven historisch immer eine Unterl\u00e4nge hatte und eigentlich lang war.&nbsp;<\/p>\n\n\n\n<figure class=\"wp-block-image size-full\"><img decoding=\"async\" src=\"https:\/\/typetype.org\/de\/wp-content\/uploads\/sites\/5\/tierra.png\" alt=\"\" class=\"wp-image-15305\"\/><\/figure>\n\n\n\n<p>Die linke Serife, die in der Abbildung oben zu sehen ist, findet sich in vielen Schriften. In der modernen Typografie ist sie kein notwendiges Element f\u00fcr ein Eszett. Sie k\u00f6nnen die Serifen weglassen, damit das Eszett nicht wie ein f aussieht.&nbsp;<\/p>\n\n\n\n<p>Wenn Ihre Schrift jedoch ein langes s hat, sollten Sie mit dem Hinzuf\u00fcgen von Serifen vorsichtig sein. Wenn Sie eine Serife in ein langes s zeichnen, muss diese auch in das Eszett eingef\u00fcgt werden. Diese Regel gilt auch umgekehrt: Das Fehlen von Serifen muss beide Zeichen betreffen.&nbsp;<\/p>\n\n\n\n<p>Es ist wichtig, eine Verwechslung von langem s und f zu vermeiden, wie im folgenden Beispiel: Die Ligatur longs_t sieht aus wie f_t, aber weder im Eszett noch im langen s befindet sich eine Serife. Ein Benutzer, der mit der Geschichte nicht vertraut ist, kann diese Ligatur leicht f\u00fcr andere Zwecke verwenden.&nbsp;<\/p>\n\n\n\n<figure class=\"wp-block-image size-full is-resized\"><img decoding=\"async\" src=\"https:\/\/typetype.org\/wp-content\/uploads\/3-2.png\" alt=\"\" class=\"wp-image-10000030148\" style=\"width:961px;height:339px\" srcset=\"https:\/\/typetype.org\/de\/wp-content\/uploads\/3-2.png 1440w, https:\/\/typetype.org\/de\/wp-content\/uploads\/3-2-420x117.png 420w, https:\/\/typetype.org\/de\/wp-content\/uploads\/3-2-1024x284.png 1024w, https:\/\/typetype.org\/de\/wp-content\/uploads\/3-2-768x213.png 768w, https:\/\/typetype.org\/de\/wp-content\/uploads\/3-2-1200x333.png 1200w, https:\/\/typetype.org\/de\/wp-content\/uploads\/3-2-600x167.png 600w, https:\/\/typetype.org\/de\/wp-content\/uploads\/3-2-80x22.png 80w\" sizes=\"(max-width: 1440px) 100vw, 1440px\" \/><\/figure>\n\n\n\n<p><font><\/font>Es ist wichtig, die Serifen auf der linken Seite des Eszetts nicht bis zum Querstrich zu verl\u00e4ngern, wie es beim Buchstaben f der Fall ist.&nbsp;<\/p>\n\n\n\n<figure class=\"wp-block-image size-full\"><img decoding=\"async\" src=\"https:\/\/typetype.org\/wp-content\/uploads\/Snimok-ekrana-2023-02-17-v-14.11.51-1.png\" alt=\"\" class=\"wp-image-10000032677\" srcset=\"https:\/\/typetype.org\/de\/wp-content\/uploads\/Snimok-ekrana-2023-02-17-v-14.11.51-1.png 832w, https:\/\/typetype.org\/de\/wp-content\/uploads\/Snimok-ekrana-2023-02-17-v-14.11.51-1-768x403.png 768w, https:\/\/typetype.org\/de\/wp-content\/uploads\/Snimok-ekrana-2023-02-17-v-14.11.51-1-420x221.png 420w, https:\/\/typetype.org\/de\/wp-content\/uploads\/Snimok-ekrana-2023-02-17-v-14.11.51-1-600x315.png 600w, https:\/\/typetype.org\/de\/wp-content\/uploads\/Snimok-ekrana-2023-02-17-v-14.11.51-1-80x42.png 80w\" sizes=\"(max-width: 832px) 100vw, 832px\" \/><\/figure>\n\n\n\n<p>In historisch anmutenden Schriften ist es m\u00f6glich, nicht standardisierte Kombinationen des langen s mit s zu verwenden, die auf die Fraktur verweisen.&nbsp;<\/p>\n\n\n\n<figure class=\"wp-block-image size-full\"><img decoding=\"async\" src=\"https:\/\/typetype.org\/de\/wp-content\/uploads\/sites\/5\/old_styles.png\" alt=\"\" class=\"wp-image-15311\"\/><\/figure>\n\n\n\n<p>Die Sulzbacher Form ist ein Eszett, bei dem die Verbindung des langen s mit dem Buchstaben s oder z nicht eindeutig ist. F\u00fcr Personen, die mit der deutschen Sprache nicht vertraut sind, sieht ein solcher Buchstabe wegen der beiden Halbovale wie ein gro\u00dfes B aus. Bei der Bildung einer solchen Eszet-Form kann nicht nur auf fs, sondern auch auf die Zahl 3 zur\u00fcckgegriffen werden.&nbsp;<\/p>\n\n\n\n<p>Die rechten Halbovale des Eszetts sollten bei dieser Form identisch sein. Der waagerechte Strich sollte in seiner L\u00e4nge nicht mit dem Stamm verbunden sein, um das Eszett und den Gro\u00dfbuchstaben B optisch zu trennen. Das untere Halboval kann je nach Stil der Schrift mit einer Serife oder einem Tropfen abgeschlossen werden.&nbsp;<\/p>\n\n\n\n<figure class=\"wp-block-image size-full\"><img decoding=\"async\" src=\"https:\/\/typetype.org\/de\/wp-content\/uploads\/sites\/5\/marxiana.png\" alt=\"\" class=\"wp-image-15313\"\/><figcaption class=\"wp-element-caption\"><em><em><a href=\"https:\/\/typetype.org\/de\/fonts\/tt-marxiana\/\">TT Marxiana<\/a> (TypeType)<\/em><\/em><\/figcaption><\/figure>\n\n\n\n<p>Bei der Erstellung von Ligaturen, einschlie\u00dflich Eszetten, sollten Sie sich immer von der allgemeinen Logik der Schrift leiten lassen. Wenn Sie bei der Erstellung einer bestimmten Form unsicher sind, testen Sie das Zeichen in der allgemeinen Masse der anderen Zeichen, um die visuelle Kompatibilit\u00e4t zu beurteilen. Denken Sie daran, dass alle Zeichen in der Schrift harmonisch aussehen sollten, dann wird der Leser den getippten Text gerne sehen und der Designer wird gerne mit der Schrift arbeiten.&nbsp;<\/p>\n\n\n\n<p class=\"has-text-align-right\"><strong>Autor des Artikels:<\/strong> Toma Streltsova, TypeType-Schriftdesignerin&nbsp;<\/p>\n\n\n\n<h3 class=\"wp-block-heading\"><font><\/font>In diesem Artikel verwendete Materialien&nbsp;<\/h3>\n\n\n\n<ol class=\"wp-block-list\">\n<li><a href=\"https:\/\/typography.guru\/journal\/german-sharp-s-design\/\" target=\"_blank\" rel=\"noreferrer noopener\">https:\/\/typography.guru\/journal\/german-sharp-s-design\/<\/a><\/li>\n\n\n\n<li><a href=\"https:\/\/typography.guru\/journal\/the-capital-%C3%9F-design-can-we-create-an-uppercase-character-from-lowercase-r59\/\" target=\"_blank\" rel=\"noreferrer noopener\">https:\/\/typography.guru\/journal\/the-capital-%C3%9F-design-can-we-create-an-uppercase-character-from-lowercase-r59\/<\/a><\/li>\n\n\n\n<li><a href=\"https:\/\/typefoundry.blogspot.com\/2008\/01\/esszett-or.html\" target=\"_blank\" rel=\"noreferrer noopener\">https:\/\/typefoundry.blogspot.com\/2008\/01\/esszett-or.html<\/a><\/li>\n\n\n\n<li><a href=\"https:\/\/typefoundry.blogspot.com\/2008\/01\/long-s.html\" target=\"_blank\" rel=\"noreferrer noopener\">https:\/\/typefoundry.blogspot.com\/2008\/01\/long-s.html<\/a><\/li>\n\n\n\n<li><a href=\"https:\/\/typography.guru\/journal\/how-to-draw-a-capital-sharp-s-r18\/\" target=\"_blank\" rel=\"noreferrer noopener\">https:\/\/typography.guru\/journal\/how-to-draw-a-capital-sharp-s-r18\/<\/a><\/li>\n\n\n\n<li><a href=\"https:\/\/typography.guru\/journal\/germanys-new-character\/\" target=\"_blank\" rel=\"noreferrer noopener\">https:\/\/typography.guru\/journal\/germanys-new-character\/<\/a><\/li>\n\n\n\n<li>&nbsp;<a href=\"https:\/\/medium.com\/@typefacts\/the-german-capital-letter-eszett-e0936c1388f8\" target=\"_blank\" rel=\"noreferrer noopener\">https:\/\/medium.com\/@typefacts\/the-german-capital-letter-eszett-e0936c1388f8<\/a><\/li>\n\n\n\n<li>Karen Cheng, Designing Type<\/li>\n\n\n\n<li>Jan Tschichold, Treasury of Alphabets and Lettering.<font><\/font><\/li>\n<\/ol>\n","protected":false},"excerpt":{"rendered":"<p>Bei der Erweiterung des Zeichensatzes von Schriftarten sto\u00dfen unerfahrene Schriftgestalter oft auf Schwierigkeiten beim Zeichnen des Eszett-Zeichens.<br \/>\nIn diesem Artikel unternehmen wir eine Reise durch die Geschichte dieses Zeichens, erfahren etwas \u00fcber seinen Ursprung und seine Rolle in der modernen Typografie.<\/p>\n","protected":false},"author":2,"featured_media":10000015323,"comment_status":"closed","ping_status":"closed","sticky":false,"template":"","format":"standard","meta":{"_acf_changed":false,"footnotes":""},"categories":[1],"tags":[183],"class_list":["post-15266","post","type-post","status-publish","format-standard","has-post-thumbnail","hentry","category-blog","tag-font-creation"],"acf":{"show_sidebar":true},"_links":{"self":[{"href":"https:\/\/typetype.org\/de\/wp-json\/wp\/v2\/posts\/15266","targetHints":{"allow":["GET"]}}],"collection":[{"href":"https:\/\/typetype.org\/de\/wp-json\/wp\/v2\/posts"}],"about":[{"href":"https:\/\/typetype.org\/de\/wp-json\/wp\/v2\/types\/post"}],"author":[{"embeddable":true,"href":"https:\/\/typetype.org\/de\/wp-json\/wp\/v2\/users\/2"}],"replies":[{"embeddable":true,"href":"https:\/\/typetype.org\/de\/wp-json\/wp\/v2\/comments?post=15266"}],"version-history":[{"count":5,"href":"https:\/\/typetype.org\/de\/wp-json\/wp\/v2\/posts\/15266\/revisions"}],"predecessor-version":[{"id":47057,"href":"https:\/\/typetype.org\/de\/wp-json\/wp\/v2\/posts\/15266\/revisions\/47057"}],"wp:featuredmedia":[{"embeddable":true,"href":"https:\/\/typetype.org\/de\/wp-json\/wp\/v2\/media\/10000015323"}],"wp:attachment":[{"href":"https:\/\/typetype.org\/de\/wp-json\/wp\/v2\/media?parent=15266"}],"wp:term":[{"taxonomy":"category","embeddable":true,"href":"https:\/\/typetype.org\/de\/wp-json\/wp\/v2\/categories?post=15266"},{"taxonomy":"post_tag","embeddable":true,"href":"https:\/\/typetype.org\/de\/wp-json\/wp\/v2\/tags?post=15266"}],"curies":[{"name":"wp","href":"https:\/\/api.w.org\/{rel}","templated":true}]}}