{"id":10726,"date":"2022-08-03T16:07:06","date_gmt":"2022-08-03T13:07:06","guid":{"rendered":"https:\/\/typetype.org\/de\/?p=10726"},"modified":"2026-02-05T08:51:22","modified_gmt":"2026-02-05T05:51:22","slug":"grow-and-divide-creating-a-font-for-the-g8-festival","status":"publish","type":"post","link":"https:\/\/typetype.org\/de\/blog\/grow-and-divide-creating-a-font-for-the-g8-festival\/","title":{"rendered":"Wachse und teile: Die Entwicklung eines Schriftsatzes f\u00fcr das G8-Festival"},"content":{"rendered":"\n<figure class=\"wp-block-image size-full is-style-default\"><img decoding=\"async\" src=\"https:\/\/typetype.org\/wp-content\/uploads\/G8_01.gif\" alt=\"Grow and divide: Creating a font for the G8 festival\" class=\"wp-image-10000010727\"\/><\/figure>\n\n\n\n<p>Das Festival der kreativen Industrien G8\u00a0hat seine visuelle Identit\u00e4t f\u00fcr das Jahr 2022\u00a0vorgestellt. Sofort kommen Assoziationen auf: sich teilende Zellen, organische Formen und die Einheit von Mensch und Natur.<\/p>\n\n\n\n<p>Nach dem Prinzip &#8222;wachse und teile&#8220; wurde der Markenstil entwickelt, an&nbsp;dem ein gro\u00dfes Team mitwirkte. Das Schriftgestaltungsstudio <a href=\"https:\/\/typetype.org\/de\/\" data-type=\"URL\" data-id=\"https:\/\/typetype.org\/de\/\">TypeType<\/a> war einer der Akteure im&nbsp;kreativen Prozess der Entwicklung des Schriftsatzes und des Logos.<\/p>\n\n\n\n<figure class=\"wp-block-image size-full is-style-default\"><img decoding=\"async\" src=\"https:\/\/typetype.org\/wp-content\/uploads\/G8_02.gif\" alt=\"Grow and divide: Creating a font for the G8 festival\" class=\"wp-image-10000010728\"\/><\/figure>\n\n\n\n<p>Das Team des Studios wurde mitten im&nbsp;kreativen Prozess in&nbsp;das Projekt eingebunden. Man stellte uns die Konzeption der Markenidentit\u00e4t vor, die das Studio TypeType typografisch unterst\u00fctzen sollte, indem es&nbsp;einen Schriftsatz entwickelte. <\/p>\n\n\n\n<p>&#8222;Organik, die die Dynamik kreativer Gedanken durch die Welt der Pflanzen visualisiert&#8220;&nbsp;\u2014 so&nbsp;l\u00e4sst sich die zentrale Idee formulieren, die von Easy Digital Agency und dem Designer Denis Bashev umgesetzt wurde.<\/p>\n\n\n\n<p>Wie die Organisatoren des G8-Festivals betonten, spiegelt das Prinzip &#8222;wachse und teile&#8220;, das in&nbsp;die visuelle Identit\u00e4t eingebracht wurde, auch im&nbsp;neuen Logo wider. W\u00e4hrend des gesamten Festivals wird sich dieses Logo ver\u00e4ndern: Es&nbsp;wird wachsen, sich teilen und wieder zu&nbsp;einem Ganzen verschmelzen.<\/p>\n\n\n\n<figure class=\"wp-block-image size-full is-style-default\"><img decoding=\"async\" src=\"https:\/\/typetype.org\/wp-content\/uploads\/G8_03.gif\" alt=\"Grow and divide: Creating a font for the G8 festival\" class=\"wp-image-10000010729\"\/><\/figure>\n\n\n\n<p>Das Team entwickelte die Idee, alle Kommunikationsmittel des Festivals im&nbsp;Stil von Notizen von Wissenschaftlern zu&nbsp;gestalten, die ein Experiment beobachten. Wir wollten diese Idee typografisch unterst\u00fctzen. Bei der Auswahl des Schriftsatzes f\u00fcr das Projekt war es&nbsp;unser Ziel, das Bild von Wissenschaftlern widerzuspiegeln, die die Ergebnisse ihrer Experimente beschreiben. Wir suchten nach einem Schriftsatz, der die Idee unterst\u00fctzt, ohne zu&nbsp;sehr die Aufmerksamkeit auf sich zu&nbsp;ziehen. Es&nbsp;sollte ein ma\u00dfvoll neutraler, nicht zu&nbsp;auff\u00e4lliger Schriftsatz sein. <\/p>\n\n\n\n<p>Inspiration fanden wir in&nbsp;den in&nbsp;den 80er- und 90er-Jahren kyrillisierten Schriften mit einer &#8222;seltsamen&#8220;, f\u00fcr heutige Betrachter ungew\u00f6hnlichen kyrillischen Schrift. Als Basis w\u00e4hlten wir den Schriftsatz <a href=\"https:\/\/typetype.org\/de\/fonts\/tt-interphases\/\">TT&nbsp;Interphases<\/a> des Studios, genauer gesagt die schmale Version, und ver\u00e4nderten gezielt einige Glyphen, um&nbsp;dem Schriftsatz einen leicht unordentlichen, skurrilen Charme mit den richtigen Assoziationen zu&nbsp;verleihen.<\/p>\n\n\n\n<figure class=\"wp-block-image size-full is-style-default\"><img decoding=\"async\" src=\"https:\/\/typetype.org\/wp-content\/uploads\/G8_04.gif\" alt=\"Grow and divide: Creating a font for the G8 festival\" class=\"wp-image-10000010730\"\/><\/figure>\n\n\n\n<figure class=\"wp-block-image size-full is-style-default\"><img decoding=\"async\" src=\"https:\/\/typetype.org\/wp-content\/uploads\/G8_05.png\" alt=\"Grow and divide: Creating a font for the G8 festival\" class=\"wp-image-10000010731\" srcset=\"https:\/\/typetype.org\/de\/wp-content\/uploads\/G8_05.png 1440w, https:\/\/typetype.org\/de\/wp-content\/uploads\/G8_05-420x125.png 420w, https:\/\/typetype.org\/de\/wp-content\/uploads\/G8_05-1024x304.png 1024w, https:\/\/typetype.org\/de\/wp-content\/uploads\/G8_05-768x228.png 768w, https:\/\/typetype.org\/de\/wp-content\/uploads\/G8_05-1200x357.png 1200w, https:\/\/typetype.org\/de\/wp-content\/uploads\/G8_05-600x178.png 600w, https:\/\/typetype.org\/de\/wp-content\/uploads\/G8_05-80x24.png 80w\" sizes=\"(max-width: 1440px) 100vw, 1440px\" \/><\/figure>\n\n\n\n<p>Es&nbsp;sei erw\u00e4hnt, dass unter den Varianten auch eine radikalere Version existierte, bei der wir einige Zeichen des Schriftsatzes durch &#8222;wissenschaftliche&#8220; Zeichen ersetzten. Diese Idee erschien uns jedoch zu&nbsp;direkt, weshalb wir sie verwarfen.<\/p>\n\n\n\n<figure class=\"wp-block-image size-full is-style-default\"><img decoding=\"async\" src=\"https:\/\/typetype.org\/wp-content\/uploads\/G8_06.png\" alt=\"Grow and divide: Creating a font for the G8 festival\" class=\"wp-image-10000010732\" srcset=\"https:\/\/typetype.org\/de\/wp-content\/uploads\/G8_06.png 1440w, https:\/\/typetype.org\/de\/wp-content\/uploads\/G8_06-420x85.png 420w, https:\/\/typetype.org\/de\/wp-content\/uploads\/G8_06-1024x208.png 1024w, https:\/\/typetype.org\/de\/wp-content\/uploads\/G8_06-768x156.png 768w, https:\/\/typetype.org\/de\/wp-content\/uploads\/G8_06-1200x243.png 1200w, https:\/\/typetype.org\/de\/wp-content\/uploads\/G8_06-600x122.png 600w, https:\/\/typetype.org\/de\/wp-content\/uploads\/G8_06-80x16.png 80w\" sizes=\"(max-width: 1440px) 100vw, 1440px\" \/><\/figure>\n\n\n\n<p>Nach internen Iterationen stellten wir dem Festivalteam vier aufrechte und vier kursive Schnitte mit ver\u00e4nderter kyrillischer Schrift zur Verf\u00fcgung: Regular, Medium, DemiBold und Bold.<\/p>\n\n\n\n<figure class=\"wp-block-image size-full is-style-default\"><img decoding=\"async\" src=\"https:\/\/typetype.org\/wp-content\/uploads\/G8_07.png\" alt=\"Grow and divide: Creating a font for the G8 festival\" class=\"wp-image-10000010733\" srcset=\"https:\/\/typetype.org\/de\/wp-content\/uploads\/G8_07.png 1440w, https:\/\/typetype.org\/de\/wp-content\/uploads\/G8_07-420x210.png 420w, https:\/\/typetype.org\/de\/wp-content\/uploads\/G8_07-1024x512.png 1024w, https:\/\/typetype.org\/de\/wp-content\/uploads\/G8_07-768x384.png 768w, https:\/\/typetype.org\/de\/wp-content\/uploads\/G8_07-1200x600.png 1200w, https:\/\/typetype.org\/de\/wp-content\/uploads\/G8_07-600x300.png 600w, https:\/\/typetype.org\/de\/wp-content\/uploads\/G8_07-80x40.png 80w\" sizes=\"(max-width: 1440px) 100vw, 1440px\" \/><\/figure>\n\n\n\n<p>Bevor jedoch die Arbeit am&nbsp;Schriftsatz begann, wurde dem Team von TypeType angeboten, an&nbsp;der Entwicklung des Logos f\u00fcr das Festival mitzuwirken. Nach Diskussionen \u00fcber das Konzept, insbesondere das Prinzip &#8222;wachse und teile&#8220;, war uns sofort klar, was zu&nbsp;tun war. Die Assoziation zwischen der Zahl 8&nbsp;und sich teilenden Zellen kam fast augenblicklich, und wir begannen, diese umzusetzen. Wir entschieden uns, diesen Prozess durch einen variablen Schriftsatz darzustellen&nbsp;\u2014 so&nbsp;fanden wir die passende L\u00f6sung. Das Ergebnis k\u00f6nnen Sie selbst sehen.<\/p>\n\n\n\n<figure class=\"wp-block-image size-full is-style-default\"><img decoding=\"async\" src=\"https:\/\/typetype.org\/wp-content\/uploads\/G8_08_eng.png\" alt=\"Grow and divide: Creating a font for the G8 festival\" class=\"wp-image-10000010734\" srcset=\"https:\/\/typetype.org\/de\/wp-content\/uploads\/G8_08_eng.png 1440w, https:\/\/typetype.org\/de\/wp-content\/uploads\/G8_08_eng-420x144.png 420w, https:\/\/typetype.org\/de\/wp-content\/uploads\/G8_08_eng-1024x352.png 1024w, https:\/\/typetype.org\/de\/wp-content\/uploads\/G8_08_eng-768x264.png 768w, https:\/\/typetype.org\/de\/wp-content\/uploads\/G8_08_eng-1200x413.png 1200w, https:\/\/typetype.org\/de\/wp-content\/uploads\/G8_08_eng-600x206.png 600w, https:\/\/typetype.org\/de\/wp-content\/uploads\/G8_08_eng-80x28.png 80w\" sizes=\"(max-width: 1440px) 100vw, 1440px\" \/><\/figure>\n\n\n\n<p>Die Teilnahme am&nbsp;kreativen Prozess f\u00fcr das G8-Festival war eine gro\u00dfartige Erfahrung, deren Ergebnisse von Tausenden von Teilnehmern und Besuchern gesch\u00e4tzt werden k\u00f6nnen. Wir haben dieses Projekt mit Freude auf nicht-kommerzieller Basis unterst\u00fctzt.<\/p>\n\n\n\n<p>Beteiligte Personen:<\/p>\n\n\n\n<ul class=\"wp-block-list\">\n<li>Organisator des G8-Festivals: Vitaliy Bykov <\/li>\n\n\n\n<li>Artdirektor des Projekts: Denis Bashev <\/li>\n\n\n\n<li>Hauptdesigner des Projekts: Easy Digital Agency <\/li>\n\n\n\n<li>Anbieter des Markenschriftsatzes und Logos: TypeType <\/li>\n<\/ul>\n","protected":false},"excerpt":{"rendered":"<p>Das Festival der kreativen Industrien G8 hat seine visuelle Identit\u00e4t f\u00fcr das Jahr 2022 vorgestellt. Sofort kommen Assoziationen auf: sich teilende Zellen, organische Formen und die Einheit von Mensch und Natur. Nach dem Prinzip \u201ewachse und teile\u201c wurde der Markenstil entwickelt, an dem ein gro\u00dfes Team mitwirkte. Das Schriftgestaltungsstudio TypeType war einer der Akteure im kreativen Prozess der Entwicklung des Schriftsatzes und des Logos.<\/p>\n","protected":false},"author":1,"featured_media":10000010727,"comment_status":"closed","ping_status":"closed","sticky":false,"template":"","format":"standard","meta":{"_acf_changed":false,"footnotes":""},"categories":[1],"tags":[187],"class_list":["post-10726","post","type-post","status-publish","format-standard","has-post-thumbnail","hentry","category-blog","tag-font-custom"],"acf":{"show_sidebar":true},"_links":{"self":[{"href":"https:\/\/typetype.org\/de\/wp-json\/wp\/v2\/posts\/10726","targetHints":{"allow":["GET"]}}],"collection":[{"href":"https:\/\/typetype.org\/de\/wp-json\/wp\/v2\/posts"}],"about":[{"href":"https:\/\/typetype.org\/de\/wp-json\/wp\/v2\/types\/post"}],"author":[{"embeddable":true,"href":"https:\/\/typetype.org\/de\/wp-json\/wp\/v2\/users\/1"}],"replies":[{"embeddable":true,"href":"https:\/\/typetype.org\/de\/wp-json\/wp\/v2\/comments?post=10726"}],"version-history":[{"count":5,"href":"https:\/\/typetype.org\/de\/wp-json\/wp\/v2\/posts\/10726\/revisions"}],"predecessor-version":[{"id":47047,"href":"https:\/\/typetype.org\/de\/wp-json\/wp\/v2\/posts\/10726\/revisions\/47047"}],"wp:featuredmedia":[{"embeddable":true,"href":"https:\/\/typetype.org\/de\/wp-json\/wp\/v2\/media\/10000010727"}],"wp:attachment":[{"href":"https:\/\/typetype.org\/de\/wp-json\/wp\/v2\/media?parent=10726"}],"wp:term":[{"taxonomy":"category","embeddable":true,"href":"https:\/\/typetype.org\/de\/wp-json\/wp\/v2\/categories?post=10726"},{"taxonomy":"post_tag","embeddable":true,"href":"https:\/\/typetype.org\/de\/wp-json\/wp\/v2\/tags?post=10726"}],"curies":[{"name":"wp","href":"https:\/\/api.w.org\/{rel}","templated":true}]}}